{"id":6252,"date":"2021-07-07T12:34:04","date_gmt":"2021-07-07T09:34:04","guid":{"rendered":"http:\/\/kim.lv\/?p=6252"},"modified":"2021-09-16T17:21:00","modified_gmt":"2021-09-16T14:21:00","slug":"new-works-2021","status":"publish","type":"post","link":"https:\/\/kim.lv\/en\/new-works-2021\/","title":{"rendered":"Kim? Gallery: Sab\u012bne Vernere, New Works, 2021"},"content":{"rendered":"&nbsp;<\/p>\n<p><b>Sab\u012bne Vernere<\/b><\/p>\n<p><b><i>New Works, 2021<\/i><\/b><\/p>\n<p><b>Kim? Gallery<\/b><\/p>\n<p><b>July 14 \u2013 September 12, 2021<\/b><\/p>\n<p>&nbsp;<\/p>\n<p>&nbsp;<\/p>\n<p><span style=\"font-weight: 400;\">The image\/prototype that permeates Sab\u012bne Vernere\u2019s works stands for a direct and illustrative fixation of personal\/intimate experience. Thinking about this situation and the relations included therein, the author labors to a point where the images recede from the subjective sphere and, as part of a process of creating generalizations\/connections, boundaries are blurred between <\/span><i><span style=\"font-weight: 400;\">she, he, them.<\/span><\/i><span style=\"font-weight: 400;\"> Expectation, desire and torment are both radically subjective and experienced personally, as well as \u2018normalized\u2019 and appropriated by all. Feeling images inside herself, and living the images arising from the specific situation \u2013 the sea at night, working on one\u2019s knees at the studio, losing oneself in dating apps, the literature of \u2018extended mind\u2019 \u2013 the author starts depicting the way <\/span><i><span style=\"font-weight: 400;\">it<\/span><\/i><span style=\"font-weight: 400;\"> is running, fleeing and sitting.\u00a0<\/span><\/p>\n<p>&nbsp;<\/p>\n<p><span style=\"font-weight: 400;\">In the most recent series, informed by loneliness, the pandemic and the art residency in Paris, the image is shifting, embodying \u2018strength charms\u2019 and \u2018incrusted landscapes of memory\u2019. Working, at length and systematically, Vernere wields control over the material, <\/span><i><span style=\"font-weight: 400;\">coaxes<\/span><\/i><span style=\"font-weight: 400;\"> it, so that ink transforms or embodies flesh, landscape, emotion, you name it. The flow of ink has been brought across directly from processes of nature, such as a river emptying itself into the sea, spring waters mixing with the soil (\u2018&#8230; it\u2019s hard to explain, but the way a fir tree grows and the way ink flows seem the same to me\u2019) and so forth. As the days are spent losing oneself in front of the screen (\u2018&#8230; down on my knees in front of a sheet of paper, feverishly checking my phone, expecting who knows what while I\u2019m waiting for the ink to dry\u2019), the fluid landscapes become solid, forms turn angularly mechanical and compositions central. At the same time, there\u2019s a growing need for shelter. These <\/span><i><span style=\"font-weight: 400;\">new works<\/span><\/i><span style=\"font-weight: 400;\"> \u2013 an affirmation of celebrating everyday intimacy \u2013 serve as an allegory of the shackles of life and the infrastructure of the mind, artificial and oppressive frameworks, the very <\/span><i><span style=\"font-weight: 400;\">solidity<\/span><\/i><span style=\"font-weight: 400;\"> of which (like layers of color, paintings that have \u2018blossomed\u2019 on the metal-imitation background covered with cotton paper) is\/must be overcome.\u00a0\u00a0\u00a0\u00a0<\/span><\/p>\n<p>&nbsp;<\/p>\n<p>&nbsp;<\/p>\n<p><b>Sab\u012bne Vernere <\/b><span style=\"font-weight: 400;\">(b. 1990) holds a master\u2019s degree from the Painting Department of the Faculty of Visual Arts at the Art Academy of Latvia. She has perfected her skills at at the Academy of Fine Arts in Zagreb and the Royal Academy of Fine Arts in Antwerp. In 2016 she debuted at MVT\u2019s series of exhibitions titled BlumbergsBezgal\u012bba, showcasing Bezkaun\u012bgs \u2013 her bachelor\u2019s thesis \u2013 at an eponymous solo show. Her works have been on show in a number of group exhibitions in Latvia, including the Dubulti Art Station, the Kuld\u012bga Artists\u2019 Residency, the Art Center Br\u016bzis in C\u0113sis, the Great Amber exhibition hall in Liep\u0101ja. Internationally, her works have been exhibited at Nida Artist Colony, Entusiastide Klubi MYU in Tartu, Quartair in the Hague, Beffroi de Montrouge in Paris, The Art Building in Vra (Hj\u00f8rring, Denmark), Centrul de Internes in Cluj-Napoca, Romania, and elsewhere. Since 2020 she has been heading the experimental Pilot art space of the Art Academy of Latvia. In fall 2020 she held a solo show in R\u012bga at premises on 40 Br\u012bv\u012bbas street. She partook at the JCE residence in Paris in 2021. <\/span>","protected":false},"excerpt":{"rendered":"<p>&nbsp; Sab\u012bne Vernere New Works, 2021 Kim? Gallery July 14 \u2013 September 12, 2021 &nbsp; &nbsp; The image\/prototype that permeates Sab\u012bne Vernere\u2019s works stands for a direct and illustrative fixation of personal\/intimate experience. Thinking about this situation and the relations included therein, the author labors to a point where the images recede from the subjective [&hellip;]<\/p>\n","protected":false},"author":2,"featured_media":0,"comment_status":"open","ping_status":"open","sticky":false,"template":"","format":"standard","meta":{"inline_featured_image":false,"footnotes":""},"categories":[4],"tags":[],"class_list":["post-6252","post","type-post","status-publish","format-standard","hentry","category-kim-exhibitions"],"acf":[],"yoast_head":"<!-- This site is optimized with the Yoast SEO plugin v21.9 - https:\/\/yoast.com\/wordpress\/plugins\/seo\/ -->\n<title>Kim? Gallery: Sab\u012bne Vernere, New Works, 2021 - Kim? Contemporary Art Centre<\/title>\n<meta name=\"robots\" content=\"index, follow, max-snippet:-1, max-image-preview:large, max-video-preview:-1\" \/>\n<link rel=\"canonical\" href=\"https:\/\/kim.lv\/lv\/new-works-2021\/\" \/>\n<meta property=\"og:locale\" content=\"en_US\" \/>\n<meta property=\"og:type\" content=\"article\" \/>\n<meta property=\"og:title\" content=\"[:en]Kim? Gallery: Sab\u012bne Vernere, New Works, 2021[:lv]Kim? Galerija: Sab\u012bne Vernere, Jauni darbi, 2021[:] - Kim? Contemporary Art Centre\" \/>\n<meta property=\"og:description\" content=\"&nbsp; Sab\u012bne Vernere New Works, 2021 Kim? Gallery July 14 \u2013 September 12, 2021 &nbsp; &nbsp; The image\/prototype that permeates Sab\u012bne Vernere\u2019s works stands for a direct and illustrative fixation of personal\/intimate experience. Thinking about this situation and the relations included therein, the author labors to a point where the images recede from the subjective [&hellip;]\" \/>\n<meta property=\"og:url\" content=\"https:\/\/kim.lv\/lv\/new-works-2021\/\" \/>\n<meta property=\"og:site_name\" content=\"Kim? Contemporary Art Centre\" \/>\n<meta property=\"article:published_time\" content=\"2021-07-07T09:34:04+00:00\" \/>\n<meta property=\"article:modified_time\" content=\"2021-09-16T14:21:00+00:00\" \/>\n<meta name=\"author\" content=\"Kim?\" \/>\n<meta name=\"twitter:card\" content=\"summary_large_image\" \/>\n<meta name=\"twitter:label1\" content=\"Written by\" \/>\n\t<meta name=\"twitter:data1\" content=\"Kim?\" \/>\n\t<meta name=\"twitter:label2\" content=\"Est. reading time\" \/>\n\t<meta name=\"twitter:data2\" content=\"6 minutes\" \/>\n<script type=\"application\/ld+json\" class=\"yoast-schema-graph\">{\"@context\":\"https:\/\/schema.org\",\"@graph\":[{\"@type\":\"WebPage\",\"@id\":\"https:\/\/kim.lv\/lv\/new-works-2021\/\",\"url\":\"https:\/\/kim.lv\/lv\/new-works-2021\/\",\"name\":\"[:en]Kim? Gallery: Sab\u012bne Vernere, New Works, 2021[:lv]Kim? Galerija: Sab\u012bne Vernere, Jauni darbi, 2021[:] - Kim? Contemporary Art Centre\",\"isPartOf\":{\"@id\":\"https:\/\/kim.lv\/en\/#website\"},\"datePublished\":\"2021-07-07T09:34:04+00:00\",\"dateModified\":\"2021-09-16T14:21:00+00:00\",\"author\":{\"@id\":\"https:\/\/kim.lv\/en\/#\/schema\/person\/56f07ec6715af61b0d0ed9835c282330\"},\"breadcrumb\":{\"@id\":\"https:\/\/kim.lv\/lv\/new-works-2021\/#breadcrumb\"},\"inLanguage\":\"en-US\",\"potentialAction\":[{\"@type\":\"ReadAction\",\"target\":[\"https:\/\/kim.lv\/lv\/new-works-2021\/\"]}]},{\"@type\":\"BreadcrumbList\",\"@id\":\"https:\/\/kim.lv\/lv\/new-works-2021\/#breadcrumb\",\"itemListElement\":[{\"@type\":\"ListItem\",\"position\":1,\"name\":\"Home\",\"item\":\"https:\/\/kim.lv\/\"},{\"@type\":\"ListItem\",\"position\":2,\"name\":\"Kim? Galerija: Sab\u012bne Vernere, Jauni darbi, 2021\"}]},{\"@type\":\"WebSite\",\"@id\":\"https:\/\/kim.lv\/en\/#website\",\"url\":\"https:\/\/kim.lv\/en\/\",\"name\":\"Kim? Contemporary Art Centre\",\"description\":\"\",\"potentialAction\":[{\"@type\":\"SearchAction\",\"target\":{\"@type\":\"EntryPoint\",\"urlTemplate\":\"https:\/\/kim.lv\/en\/?s={search_term_string}\"},\"query-input\":\"required name=search_term_string\"}],\"inLanguage\":\"en-US\"},{\"@type\":\"Person\",\"@id\":\"https:\/\/kim.lv\/en\/#\/schema\/person\/56f07ec6715af61b0d0ed9835c282330\",\"name\":\"Kim?\",\"image\":{\"@type\":\"ImageObject\",\"inLanguage\":\"en-US\",\"@id\":\"https:\/\/kim.lv\/en\/#\/schema\/person\/image\/\",\"url\":\"https:\/\/secure.gravatar.com\/avatar\/95e223367867817ed896bcfb04f433d88d871bfbb4f33c528e26ce5c2786508f?s=96&d=mm&r=g\",\"contentUrl\":\"https:\/\/secure.gravatar.com\/avatar\/95e223367867817ed896bcfb04f433d88d871bfbb4f33c528e26ce5c2786508f?s=96&d=mm&r=g\",\"caption\":\"Kim?\"},\"url\":\"https:\/\/kim.lv\/en\/author\/kim\/\"}]}<\/script>\n<!-- \/ Yoast SEO plugin. -->","yoast_head_json":{"title":"[:en]Kim? Gallery: Sab\u012bne Vernere, New Works, 2021[:lv]Kim? Galerija: Sab\u012bne Vernere, Jauni darbi, 2021[:] - Kim? Contemporary Art Centre","robots":{"index":"index","follow":"follow","max-snippet":"max-snippet:-1","max-image-preview":"max-image-preview:large","max-video-preview":"max-video-preview:-1"},"canonical":"https:\/\/kim.lv\/lv\/new-works-2021\/","og_locale":"en_US","og_type":"article","og_title":"[:en]Kim? Gallery: Sab\u012bne Vernere, New Works, 2021[:lv]Kim? Galerija: Sab\u012bne Vernere, Jauni darbi, 2021[:] - Kim? Contemporary Art Centre","og_description":"&nbsp; Sab\u012bne Vernere New Works, 2021 Kim? Gallery July 14 \u2013 September 12, 2021 &nbsp; &nbsp; The image\/prototype that permeates Sab\u012bne Vernere\u2019s works stands for a direct and illustrative fixation of personal\/intimate experience. Thinking about this situation and the relations included therein, the author labors to a point where the images recede from the subjective [&hellip;]","og_url":"https:\/\/kim.lv\/lv\/new-works-2021\/","og_site_name":"Kim? Contemporary Art Centre","article_published_time":"2021-07-07T09:34:04+00:00","article_modified_time":"2021-09-16T14:21:00+00:00","author":"Kim?","twitter_card":"summary_large_image","twitter_misc":{"Written by":"Kim?","Est. reading time":"6 minutes"},"schema":{"@context":"https:\/\/schema.org","@graph":[{"@type":"WebPage","@id":"https:\/\/kim.lv\/lv\/new-works-2021\/","url":"https:\/\/kim.lv\/lv\/new-works-2021\/","name":"[:en]Kim? Gallery: Sab\u012bne Vernere, New Works, 2021[:lv]Kim? Galerija: Sab\u012bne Vernere, Jauni darbi, 2021[:] - Kim? Contemporary Art Centre","isPartOf":{"@id":"https:\/\/kim.lv\/en\/#website"},"datePublished":"2021-07-07T09:34:04+00:00","dateModified":"2021-09-16T14:21:00+00:00","author":{"@id":"https:\/\/kim.lv\/en\/#\/schema\/person\/56f07ec6715af61b0d0ed9835c282330"},"breadcrumb":{"@id":"https:\/\/kim.lv\/lv\/new-works-2021\/#breadcrumb"},"inLanguage":"en-US","potentialAction":[{"@type":"ReadAction","target":["https:\/\/kim.lv\/lv\/new-works-2021\/"]}]},{"@type":"BreadcrumbList","@id":"https:\/\/kim.lv\/lv\/new-works-2021\/#breadcrumb","itemListElement":[{"@type":"ListItem","position":1,"name":"Home","item":"https:\/\/kim.lv\/"},{"@type":"ListItem","position":2,"name":"Kim? Galerija: Sab\u012bne Vernere, Jauni darbi, 2021"}]},{"@type":"WebSite","@id":"https:\/\/kim.lv\/en\/#website","url":"https:\/\/kim.lv\/en\/","name":"Kim? Contemporary Art Centre","description":"","potentialAction":[{"@type":"SearchAction","target":{"@type":"EntryPoint","urlTemplate":"https:\/\/kim.lv\/en\/?s={search_term_string}"},"query-input":"required name=search_term_string"}],"inLanguage":"en-US"},{"@type":"Person","@id":"https:\/\/kim.lv\/en\/#\/schema\/person\/56f07ec6715af61b0d0ed9835c282330","name":"Kim?","image":{"@type":"ImageObject","inLanguage":"en-US","@id":"https:\/\/kim.lv\/en\/#\/schema\/person\/image\/","url":"https:\/\/secure.gravatar.com\/avatar\/95e223367867817ed896bcfb04f433d88d871bfbb4f33c528e26ce5c2786508f?s=96&d=mm&r=g","contentUrl":"https:\/\/secure.gravatar.com\/avatar\/95e223367867817ed896bcfb04f433d88d871bfbb4f33c528e26ce5c2786508f?s=96&d=mm&r=g","caption":"Kim?"},"url":"https:\/\/kim.lv\/en\/author\/kim\/"}]}},"_links":{"self":[{"href":"https:\/\/kim.lv\/en\/wp-json\/wp\/v2\/posts\/6252","targetHints":{"allow":["GET"]}}],"collection":[{"href":"https:\/\/kim.lv\/en\/wp-json\/wp\/v2\/posts"}],"about":[{"href":"https:\/\/kim.lv\/en\/wp-json\/wp\/v2\/types\/post"}],"author":[{"embeddable":true,"href":"https:\/\/kim.lv\/en\/wp-json\/wp\/v2\/users\/2"}],"replies":[{"embeddable":true,"href":"https:\/\/kim.lv\/en\/wp-json\/wp\/v2\/comments?post=6252"}],"version-history":[{"count":4,"href":"https:\/\/kim.lv\/en\/wp-json\/wp\/v2\/posts\/6252\/revisions"}],"predecessor-version":[{"id":6257,"href":"https:\/\/kim.lv\/en\/wp-json\/wp\/v2\/posts\/6252\/revisions\/6257"}],"wp:attachment":[{"href":"https:\/\/kim.lv\/en\/wp-json\/wp\/v2\/media?parent=6252"}],"wp:term":[{"taxonomy":"category","embeddable":true,"href":"https:\/\/kim.lv\/en\/wp-json\/wp\/v2\/categories?post=6252"},{"taxonomy":"post_tag","embeddable":true,"href":"https:\/\/kim.lv\/en\/wp-json\/wp\/v2\/tags?post=6252"}],"curies":[{"name":"wp","href":"https:\/\/api.w.org\/{rel}","templated":true}]}}