{"id":9399,"date":"2026-04-29T17:19:24","date_gmt":"2026-04-29T14:19:24","guid":{"rendered":"https:\/\/kim.lv\/?p=9399"},"modified":"2026-04-29T17:26:44","modified_gmt":"2026-04-29T14:26:44","slug":"kaspars-grosevs-solo-exhibition-live-with-think-about","status":"publish","type":"post","link":"https:\/\/kim.lv\/en\/kaspars-grosevs-solo-exhibition-live-with-think-about\/","title":{"rendered":"Kaspars Gro\u0161evs solo exhibition Live With\/Think About"},"content":{"rendered":"&nbsp;<\/p>\n<p><b><span data-contrast=\"auto\">Kaspars Gro\u0161evs<\/span><\/b><span data-ccp-props=\"{&quot;201341983&quot;:0,&quot;335551550&quot;:6,&quot;335551620&quot;:6,&quot;335559738&quot;:240,&quot;335559739&quot;:240,&quot;335559740&quot;:331}\">\u00a0<\/span><\/p>\n<p><b><i><span data-contrast=\"auto\">Live With\/Think About\u00a0<\/span><\/i><\/b><span data-ccp-props=\"{&quot;201341983&quot;:0,&quot;335551550&quot;:6,&quot;335551620&quot;:6,&quot;335559738&quot;:240,&quot;335559739&quot;:240,&quot;335559740&quot;:331}\">\u00a0<\/span><\/p>\n<p><b><span data-contrast=\"auto\">solo exhibition\u00a0<\/span><\/b><span data-ccp-props=\"{&quot;201341983&quot;:0,&quot;335551550&quot;:6,&quot;335551620&quot;:6,&quot;335559738&quot;:240,&quot;335559739&quot;:240,&quot;335559740&quot;:331}\">\u00a0<\/span><\/p>\n<p>&nbsp;<\/p>\n<p><b><span data-contrast=\"auto\">Opening: 30 April\u00a0 6\u201310 p.m.<\/span><\/b><span data-ccp-props=\"{&quot;201341983&quot;:0,&quot;335551550&quot;:6,&quot;335551620&quot;:6,&quot;335559738&quot;:240,&quot;335559739&quot;:240,&quot;335559740&quot;:331}\">\u00a0<\/span><\/p>\n<p><strong>Opening performance by interdisciplinary performance artist 011668 (US)\u00a0<\/strong><\/p>\n<p>&nbsp;<\/p>\n<p>Exhibition dates: 1 May\u20137 June 2026<\/p>\n<p>Venue: Kim? Contemporary Art Centre<\/p>\n<p><span data-contrast=\"auto\">Curated by: Zane Onckule<\/span><span data-ccp-props=\"{&quot;201341983&quot;:0,&quot;335551550&quot;:6,&quot;335551620&quot;:6,&quot;335559738&quot;:240,&quot;335559739&quot;:240,&quot;335559740&quot;:331}\">\u00a0<\/span><\/p>\n<p>&nbsp;<\/p>\n<p><span data-ccp-props=\"{&quot;201341983&quot;:0,&quot;335551550&quot;:6,&quot;335551620&quot;:6,&quot;335559738&quot;:240,&quot;335559739&quot;:240,&quot;335559740&quot;:331}\">\u00a0<\/span><\/p>\n<p><i><span data-contrast=\"auto\">From 30 April 2026 to 7 June I will mostly be found at Kim? Contemporary Art Centre in Riga \u2013 for a while I will be \u201cliving and working\u201d here.<\/span><\/i><span data-ccp-props=\"{&quot;201341983&quot;:0,&quot;335551550&quot;:6,&quot;335551620&quot;:6,&quot;335559738&quot;:240,&quot;335559739&quot;:240,&quot;335559740&quot;:331}\">\u00a0<\/span><\/p>\n<p>&nbsp;<\/p>\n<p><i><span data-contrast=\"auto\">This is not an exhibition, performance or action; it is a small sketch of life:<\/span><\/i><span data-ccp-props=\"{&quot;201341983&quot;:0,&quot;335551550&quot;:6,&quot;335551620&quot;:6,&quot;335559738&quot;:240,&quot;335559739&quot;:240,&quot;335559740&quot;:331}\">\u00a0<\/span><\/p>\n<p><i><span data-contrast=\"auto\">for a while my apartment is available for short-term rent<\/span><\/i><br \/>\n<i><span data-contrast=\"auto\">for a while I sleep and walk here, sit on the internet and paint<\/span><\/i><br \/>\n<i><span data-contrast=\"auto\">for a while I listen to music and play music<\/span><\/i><br \/>\n<i><span data-contrast=\"auto\">for a while I think about art and create art<\/span><\/i><br \/>\n<i><span data-contrast=\"auto\">for a while I exhibit artworks<\/span><\/i><br \/>\n<i><span data-contrast=\"auto\">for a while I sell art and exchange art<\/span><\/i><br \/>\n<i><span data-contrast=\"auto\">for a while my living and working space is open to the public<\/span><\/i><br \/>\n<i><span data-contrast=\"auto\">for a while I make mistakes<\/span><\/i><br \/>\n<i><span data-contrast=\"auto\">for a while I \u201clive and work\u201d here<\/span><\/i><\/p>\n<p><em>K.G.<\/em><\/p>\n<p><span data-ccp-props=\"{&quot;201341983&quot;:0,&quot;335551550&quot;:6,&quot;335551620&quot;:6,&quot;335559738&quot;:240,&quot;335559739&quot;:240,&quot;335559740&quot;:331}\">\u00a0<\/span><\/p>\n<p><i><span data-contrast=\"auto\">Live With\/Think About <\/span><\/i><span data-contrast=\"auto\">functions simultaneously as proposition and condition: a way of remaining within perception while also examining how it is produced and sustained. In Kaspars Gro\u0161evs\u2019 exhibition at Kim?, marking the artist\u2019s return thirteen years after his last solo presentation here, sound, image, display, and social infrastructure merge into a continuous environment where separation into discrete mediums dissolves. What is presented appears less a collection of finished works than a situation actively shared and persistently reconfigured through use.<\/span><span data-ccp-props=\"{&quot;201341983&quot;:0,&quot;335551550&quot;:6,&quot;335551620&quot;:6,&quot;335559738&quot;:240,&quot;335559739&quot;:240,&quot;335559740&quot;:331}\">\u00a0<\/span><\/p>\n<p>&nbsp;<\/p>\n<p><span data-contrast=\"auto\">\u201cLiving with\u201d and \u201cthinking about\u201d operate as interlacing modes of attention that hold experience at the point of ongoing formation, where repetition begins to accumulate weight, where attention drifts and returns, and where fatigue or small intensities become part of the material itself; thinking moves within this field, slightly out of phase, while what is perceived sustains legibility but never stabilises.<\/span><span data-ccp-props=\"{&quot;201341983&quot;:0,&quot;335551550&quot;:6,&quot;335551620&quot;:6,&quot;335559738&quot;:240,&quot;335559739&quot;:240,&quot;335559740&quot;:331}\">\u00a0<\/span><\/p>\n<p>&nbsp;<\/p>\n<p><span data-contrast=\"auto\">This logic becomes concrete in the exhibition\u2019s spatial and procedural setup, where production and display are deliberately entangled: a small shop awaiting visitors at the entrance extends the system outwards, through T-shirts, zines, tapes, and printed matter produced on and off-site and immediately circulated; a workshop area keeps the creative process exposed, maintaining visibility of processes so objects remain legible as unfolding operations; a shared room functions as a space for listening, jamming, performing, tattooing, getting one\u2019s nails done etc, and informal exchange in which private reference and collective attention continually intersect; elsewhere rehearsals are held as a working condition within the same continuum of activity; and a sleeping zone constructed from reused materials folds rest back into the same operational rhythm, integrated within the broader field of production.<\/span><span data-ccp-props=\"{&quot;201341983&quot;:0,&quot;335551550&quot;:6,&quot;335551620&quot;:6,&quot;335559738&quot;:240,&quot;335559739&quot;:240,&quot;335559740&quot;:331}\">\u00a0<\/span><\/p>\n<p>&nbsp;<\/p>\n<p><span data-contrast=\"auto\">Gro\u0161evs\u2019 practice extends beyond the exhibition itself into the infrastructures that sustain it <\/span><i><span data-contrast=\"auto\">\u2013\u00a0 <\/span><\/i><span data-contrast=\"auto\">running an independent space, curating, producing art and making music <\/span><i><span data-contrast=\"auto\">\u2013 <\/span><\/i><span data-contrast=\"auto\">roles interwoven across a shared continuum, alongside a quieter pedagogical dimension grounded in proximity, where knowledge circulates through doing. The economic and material conditions surrounding this work remain close to the surface, shaping how the system functions and becoming part of its internal logic as a practice formed under continual pressure of self-maintenance in which making, organising, and sustaining blur into one another.<\/span><span data-ccp-props=\"{&quot;201341983&quot;:0,&quot;335551550&quot;:6,&quot;335551620&quot;:6,&quot;335559738&quot;:240,&quot;335559739&quot;:240,&quot;335559740&quot;:331}\">\u00a0<\/span><\/p>\n<p>&nbsp;<\/p>\n<p><span data-contrast=\"auto\">Analogue forms such as tapes and materially grounded processes serve as working tools that introduce duration, resistance and friction into a present oriented toward speed and resolution, allowing perception to slow enough to remain unsettled and resist fixed clarity. More broadly, tactility, imperfection, inconvenience and ambiguity operate as structural conditions shaping how things are produced, circulated and encountered, keeping meaning slightly unstable and responsive across shifting contexts.<\/span><\/p>\n<p><span data-ccp-props=\"{&quot;201341983&quot;:0,&quot;335551550&quot;:6,&quot;335551620&quot;:6,&quot;335559738&quot;:240,&quot;335559739&quot;:240,&quot;335559740&quot;:331}\">\u00a0<\/span><\/p>\n<p><span data-contrast=\"auto\">At the level of infrastructure,<\/span><i><span data-contrast=\"auto\"> Live With\/Think About <\/span><\/i><span data-contrast=\"auto\">shifts attention away from broadcast-scale distribution towards smaller, embedded constellations of exchange in which proximity becomes a method, and relations, objects and actions share the same field, enabling direct mutual influence across layers of mediation. The exhibition ultimately stages a continuous state of working-through across resolution. It unfolds as a live system, a life livestream of sorts shaped by use, co-presence and ongoing adjustment. Within it, persistence, production and reflection circulate in the same loop \u2013 an ongoing negotiation with the conditions of making and staying afloat.<\/span><span data-ccp-props=\"{&quot;201341983&quot;:0,&quot;335551550&quot;:6,&quot;335551620&quot;:6,&quot;335559738&quot;:240,&quot;335559739&quot;:240,&quot;335559740&quot;:331}\">\u00a0<\/span><\/p>\n<p><span data-ccp-props=\"{&quot;201341983&quot;:0,&quot;335551550&quot;:6,&quot;335551620&quot;:6,&quot;335559738&quot;:240,&quot;335559739&quot;:240,&quot;335559740&quot;:331}\">\u00a0<\/span><\/p>\n<p>&nbsp;<\/p>\n<p><b><span data-contrast=\"auto\">Kaspars Gro\u0161evs <\/span><\/b><span data-contrast=\"auto\">(1983) holds bachelor\u2019s and master\u2019s degrees in visual communication from the Latvian Academy of Arts. Since 2014, he has been a co-founder and curator of the artist-run gallery 427. Since 2006, Gro\u0161evs has participated in both Latvian and international exhibitions, performances and cultural events as an artist interested in ideas around art, curatorial practice, and sound practice processuality, as well as the dissolving and blurring of their boundaries, operating at the crossroads of different creative communities. Gro\u0161evs has worked with experimental electronic music since the late 1990s, and sound in his exhibitions often appears as an extension of visual methods, in which painting also plays a significant role.<\/span><span data-ccp-props=\"{&quot;201341983&quot;:0,&quot;335551550&quot;:6,&quot;335551620&quot;:6,&quot;335559738&quot;:240,&quot;335559739&quot;:240,&quot;335559740&quot;:331}\">\u00a0<\/span><\/p>\n<p>&nbsp;<\/p>\n<p><span data-contrast=\"auto\">He has exhibited at the Latvian National Museum of Art, the Latvian National Library, Riga Smallest Gallery, Noass, TUR space, Kim? Contemporary Art Centre, C\u0113sis Contemporary Art Centre, Med\u016bza, the Radvila Palace Museum of Art, CAC and Editorial (Vilnius), darkZone (New Jersey), Harkawik, No Moon, and Art in General (New York), Futura (Prague), BOZAR, Shanaynay (Paris) and SIC (Helsinki). Gro\u0161evs has curated various exhibitions at Garage Gallery and City Surfer Office in Prague (2022), Skulptur Institut in Vienna (2022), Kim? Contemporary Art Centre (2025, 2020, 2019, 2015), P\/\/\/\/AKT in Amsterdam (2020) and Polansky Gallery in Brno (2019), among others. Since 2003, he has produced radio programs on radio NABA. In 2017, together with Labais D\u0101ma, he co-founded the cassette label No Sex Just Talk.<\/span><span data-ccp-props=\"{&quot;201341983&quot;:0,&quot;335551550&quot;:6,&quot;335551620&quot;:6,&quot;335559738&quot;:240,&quot;335559739&quot;:240,&quot;335559740&quot;:331}\">\u00a0<\/span><\/p>\n<p><span data-contrast=\"auto\">His works are included in the collection of the Latvian National Museum of Art, as well as in numerous private collections in Latvia and abroad. In 2020 and 2022, he was nominated for the Purv\u012btis Prize.<\/span><span data-ccp-props=\"{&quot;201341983&quot;:0,&quot;335551550&quot;:6,&quot;335551620&quot;:6,&quot;335559738&quot;:240,&quot;335559739&quot;:240,&quot;335559740&quot;:331}\">\u00a0<\/span><\/p>\n<p>&nbsp;<\/p>\n<p><b><span data-contrast=\"auto\">Supported by:<\/span><\/b><span data-contrast=\"auto\"> Ministry of Culture of the Republic of Latvia, State Culture Capital Foundation, Riga City Council, Kokmui\u017ea, Media Port<\/span><span data-ccp-props=\"{&quot;201341983&quot;:0,&quot;335551550&quot;:6,&quot;335551620&quot;:6,&quot;335557856&quot;:16777215,&quot;335559740&quot;:360}\">\u00a0<\/span><\/p>\n<p><span data-ccp-props=\"{&quot;201341983&quot;:0,&quot;335551550&quot;:6,&quot;335551620&quot;:6,&quot;335557856&quot;:16777215,&quot;335559740&quot;:360}\">\u00a0<\/span><\/p>\n<p><b><span data-contrast=\"auto\">Artist acknowledgements:<\/span><\/b> <span data-contrast=\"none\">Fulminare Soundsystem, Gatis Gruzinskis, Kwan Kit Lau, Ulrika Skakovska, Sarma Em\u012blija Tuk\u0101ne, Eliass Zandmanis<\/span><span data-ccp-props=\"{&quot;201341983&quot;:0,&quot;335551550&quot;:6,&quot;335551620&quot;:6,&quot;335557856&quot;:16777215,&quot;335559740&quot;:360}\">\u00a0<\/span><\/p>\n<p><span data-ccp-props=\"{&quot;201341983&quot;:0,&quot;335551550&quot;:6,&quot;335551620&quot;:6,&quot;335557856&quot;:16777215,&quot;335559740&quot;:360}\">\u00a0<\/span><\/p>\n<p><b><span data-contrast=\"none\">Kim? Contemporary Art Centre and exhibition team:\u00a0<\/span><\/b><span data-contrast=\"none\">\u00a0<\/span><span data-ccp-props=\"{&quot;201341983&quot;:0,&quot;335551550&quot;:6,&quot;335551620&quot;:6,&quot;335557856&quot;:16777215,&quot;335559740&quot;:360}\">\u00a0<\/span><\/p>\n<p><span data-contrast=\"none\">Executive Director: Evita Goze\u00a0<\/span><span data-ccp-props=\"{&quot;201341983&quot;:0,&quot;335551550&quot;:6,&quot;335551620&quot;:6,&quot;335557856&quot;:16777215,&quot;335559740&quot;:360}\">\u00a0<\/span><\/p>\n<p><span data-contrast=\"none\">Program Director: Zane Onckule\u00a0<\/span><span data-ccp-props=\"{&quot;201341983&quot;:0,&quot;335551550&quot;:6,&quot;335551620&quot;:6,&quot;335557856&quot;:16777215,&quot;335559740&quot;:360}\">\u00a0<\/span><\/p>\n<p><span data-contrast=\"none\">Communications Manager: Kristi\u0101na B\u0113rza\u00a0<\/span><span data-ccp-props=\"{&quot;201341983&quot;:0,&quot;335551550&quot;:6,&quot;335551620&quot;:6,&quot;335557856&quot;:16777215,&quot;335559740&quot;:360}\">\u00a0<\/span><\/p>\n<p><span data-contrast=\"none\">Sales Director: D\u0101rta Purvl\u012bce\u00a0<\/span><span data-ccp-props=\"{&quot;201341983&quot;:0,&quot;335551550&quot;:6,&quot;335551620&quot;:6,&quot;335557856&quot;:16777215,&quot;335559740&quot;:360}\">\u00a0<\/span><\/p>\n<p><span data-contrast=\"none\">Mediators: Em\u012blija Austra Lodi\u0146a, Alise Sedleniece, Betija Briede, Linda \u0160terna, Po\u013cina Gasparovi\u010da<\/span><span data-ccp-props=\"{&quot;201341983&quot;:0,&quot;335551550&quot;:6,&quot;335551620&quot;:6,&quot;335557856&quot;:16777215,&quot;335559740&quot;:360}\">\u00a0<\/span><\/p>\n<p><span data-contrast=\"none\">Technical team: Aldis Bu\u0161s, Andris Mara\u010dkovskis, Eliass Zandmanis<\/span><span data-ccp-props=\"{&quot;201341983&quot;:0,&quot;335551550&quot;:6,&quot;335551620&quot;:6,&quot;335557856&quot;:16777215,&quot;335559740&quot;:360}\">\u00a0<\/span><\/p>\n<p><span data-contrast=\"none\">Design: Anna Ceipe\u00a0\u00a0<\/span><span data-ccp-props=\"{&quot;201341983&quot;:0,&quot;335551550&quot;:6,&quot;335551620&quot;:6,&quot;335557856&quot;:16777215,&quot;335559740&quot;:360}\">\u00a0<\/span><\/p>\n<p><span data-contrast=\"none\">Latvian proofreading: Ilze Jansone\u00a0<\/span><span data-ccp-props=\"{&quot;201341983&quot;:0,&quot;335551550&quot;:6,&quot;335551620&quot;:6,&quot;335557856&quot;:16777215,&quot;335559740&quot;:360}\">\u00a0<\/span><\/p>\n<p><span data-contrast=\"none\">English proofreading: Will Mawhood\u00a0<\/span><span data-ccp-props=\"{&quot;201341983&quot;:0,&quot;335551550&quot;:6,&quot;335551620&quot;:6,&quot;335557856&quot;:16777215,&quot;335559740&quot;:360}\">\u00a0<\/span>","protected":false},"excerpt":{"rendered":"<p>&nbsp; Kaspars Gro\u0161evs\u00a0 Live With\/Think About\u00a0\u00a0 solo exhibition\u00a0\u00a0 &nbsp; Opening: 30 April\u00a0 6\u201310 p.m.\u00a0 Opening performance by interdisciplinary performance artist 011668 (US)\u00a0 &nbsp; Exhibition dates: 1 May\u20137 June 2026 Venue: Kim? Contemporary Art Centre Curated by: Zane Onckule\u00a0 &nbsp; \u00a0 From 30 April 2026 to 7 June I will mostly be found at Kim? Contemporary [&hellip;]<\/p>\n","protected":false},"author":2,"featured_media":9400,"comment_status":"open","ping_status":"open","sticky":false,"template":"","format":"standard","meta":{"inline_featured_image":false,"footnotes":""},"categories":[64,4],"tags":[],"class_list":["post-9399","post","type-post","status-publish","format-standard","has-post-thumbnail","hentry","category-2026-exhibitions","category-kim-exhibitions"],"acf":[],"yoast_head":"<!-- This site is optimized with the Yoast SEO plugin v21.9 - https:\/\/yoast.com\/wordpress\/plugins\/seo\/ -->\n<title>Kaspars Gro\u0161evs solo exhibition Live With\/Think About - Kim? Contemporary Art Centre<\/title>\n<meta name=\"robots\" content=\"index, follow, max-snippet:-1, max-image-preview:large, max-video-preview:-1\" \/>\n<link rel=\"canonical\" href=\"https:\/\/kim.lv\/kaspars-grosevs-solo-exhibition-live-with-think-about\/\" \/>\n<meta property=\"og:locale\" content=\"en_US\" \/>\n<meta property=\"og:type\" content=\"article\" \/>\n<meta property=\"og:title\" content=\"[:en]Kaspars Gro\u0161evs solo exhibition Live With\/Think About[:lv]Kaspara Gro\u0161eva person\u0101lizst\u0101de \u201cDz\u012bvo ar \/ Dom\u0101 par\u201d[:] - Kim? Contemporary Art Centre\" \/>\n<meta property=\"og:description\" content=\"&nbsp; Kaspars Gro\u0161evs\u00a0 Live With\/Think About\u00a0\u00a0 solo exhibition\u00a0\u00a0 &nbsp; Opening: 30 April\u00a0 6\u201310 p.m.\u00a0 Opening performance by interdisciplinary performance artist 011668 (US)\u00a0 &nbsp; Exhibition dates: 1 May\u20137 June 2026 Venue: Kim? Contemporary Art Centre Curated by: Zane Onckule\u00a0 &nbsp; \u00a0 From 30 April 2026 to 7 June I will mostly be found at Kim? Contemporary [&hellip;]\" \/>\n<meta property=\"og:url\" content=\"https:\/\/kim.lv\/kaspars-grosevs-solo-exhibition-live-with-think-about\/\" \/>\n<meta property=\"og:site_name\" content=\"Kim? Contemporary Art Centre\" \/>\n<meta property=\"article:published_time\" content=\"2026-04-29T14:19:24+00:00\" \/>\n<meta property=\"article:modified_time\" content=\"2026-04-29T14:26:44+00:00\" \/>\n<meta property=\"og:image\" content=\"http:\/\/kim.lv\/wp-content\/uploads\/2026\/04\/Kaspars-Grosevs_izstades-vizualis-scaled.jpg\" \/>\n\t<meta property=\"og:image:width\" content=\"2560\" \/>\n\t<meta property=\"og:image:height\" content=\"1920\" \/>\n\t<meta property=\"og:image:type\" content=\"image\/jpeg\" \/>\n<meta name=\"author\" content=\"Kim?\" \/>\n<meta name=\"twitter:card\" content=\"summary_large_image\" \/>\n<meta name=\"twitter:label1\" content=\"Written by\" \/>\n\t<meta name=\"twitter:data1\" content=\"Kim?\" \/>\n\t<meta name=\"twitter:label2\" content=\"Est. reading time\" \/>\n\t<meta name=\"twitter:data2\" content=\"5 minutes\" \/>\n<script type=\"application\/ld+json\" class=\"yoast-schema-graph\">{\"@context\":\"https:\/\/schema.org\",\"@graph\":[{\"@type\":\"WebPage\",\"@id\":\"https:\/\/kim.lv\/kaspars-grosevs-solo-exhibition-live-with-think-about\/\",\"url\":\"https:\/\/kim.lv\/kaspars-grosevs-solo-exhibition-live-with-think-about\/\",\"name\":\"[:en]Kaspars Gro\u0161evs solo exhibition Live With\/Think About[:lv]Kaspara Gro\u0161eva person\u0101lizst\u0101de \u201cDz\u012bvo ar \/ Dom\u0101 par\u201d[:] - Kim? Contemporary Art Centre\",\"isPartOf\":{\"@id\":\"https:\/\/kim.lv\/en\/#website\"},\"datePublished\":\"2026-04-29T14:19:24+00:00\",\"dateModified\":\"2026-04-29T14:26:44+00:00\",\"author\":{\"@id\":\"https:\/\/kim.lv\/en\/#\/schema\/person\/56f07ec6715af61b0d0ed9835c282330\"},\"breadcrumb\":{\"@id\":\"https:\/\/kim.lv\/kaspars-grosevs-solo-exhibition-live-with-think-about\/#breadcrumb\"},\"inLanguage\":\"en-US\",\"potentialAction\":[{\"@type\":\"ReadAction\",\"target\":[\"https:\/\/kim.lv\/kaspars-grosevs-solo-exhibition-live-with-think-about\/\"]}]},{\"@type\":\"BreadcrumbList\",\"@id\":\"https:\/\/kim.lv\/kaspars-grosevs-solo-exhibition-live-with-think-about\/#breadcrumb\",\"itemListElement\":[{\"@type\":\"ListItem\",\"position\":1,\"name\":\"Home\",\"item\":\"https:\/\/kim.lv\/\"},{\"@type\":\"ListItem\",\"position\":2,\"name\":\"Kaspars Gro\u0161evs solo exhibition Live With\/Think About\"}]},{\"@type\":\"WebSite\",\"@id\":\"https:\/\/kim.lv\/en\/#website\",\"url\":\"https:\/\/kim.lv\/en\/\",\"name\":\"Kim? Contemporary Art Centre\",\"description\":\"\",\"potentialAction\":[{\"@type\":\"SearchAction\",\"target\":{\"@type\":\"EntryPoint\",\"urlTemplate\":\"https:\/\/kim.lv\/en\/?s={search_term_string}\"},\"query-input\":\"required name=search_term_string\"}],\"inLanguage\":\"en-US\"},{\"@type\":\"Person\",\"@id\":\"https:\/\/kim.lv\/en\/#\/schema\/person\/56f07ec6715af61b0d0ed9835c282330\",\"name\":\"Kim?\",\"image\":{\"@type\":\"ImageObject\",\"inLanguage\":\"en-US\",\"@id\":\"https:\/\/kim.lv\/en\/#\/schema\/person\/image\/\",\"url\":\"https:\/\/secure.gravatar.com\/avatar\/95e223367867817ed896bcfb04f433d88d871bfbb4f33c528e26ce5c2786508f?s=96&d=mm&r=g\",\"contentUrl\":\"https:\/\/secure.gravatar.com\/avatar\/95e223367867817ed896bcfb04f433d88d871bfbb4f33c528e26ce5c2786508f?s=96&d=mm&r=g\",\"caption\":\"Kim?\"},\"url\":\"https:\/\/kim.lv\/en\/author\/kim\/\"}]}<\/script>\n<!-- \/ Yoast SEO plugin. -->","yoast_head_json":{"title":"[:en]Kaspars Gro\u0161evs solo exhibition Live With\/Think About[:lv]Kaspara Gro\u0161eva person\u0101lizst\u0101de \u201cDz\u012bvo ar \/ Dom\u0101 par\u201d[:] - Kim? Contemporary Art Centre","robots":{"index":"index","follow":"follow","max-snippet":"max-snippet:-1","max-image-preview":"max-image-preview:large","max-video-preview":"max-video-preview:-1"},"canonical":"https:\/\/kim.lv\/kaspars-grosevs-solo-exhibition-live-with-think-about\/","og_locale":"en_US","og_type":"article","og_title":"[:en]Kaspars Gro\u0161evs solo exhibition Live With\/Think About[:lv]Kaspara Gro\u0161eva person\u0101lizst\u0101de \u201cDz\u012bvo ar \/ Dom\u0101 par\u201d[:] - Kim? Contemporary Art Centre","og_description":"&nbsp; Kaspars Gro\u0161evs\u00a0 Live With\/Think About\u00a0\u00a0 solo exhibition\u00a0\u00a0 &nbsp; Opening: 30 April\u00a0 6\u201310 p.m.\u00a0 Opening performance by interdisciplinary performance artist 011668 (US)\u00a0 &nbsp; Exhibition dates: 1 May\u20137 June 2026 Venue: Kim? Contemporary Art Centre Curated by: Zane Onckule\u00a0 &nbsp; \u00a0 From 30 April 2026 to 7 June I will mostly be found at Kim? Contemporary [&hellip;]","og_url":"https:\/\/kim.lv\/kaspars-grosevs-solo-exhibition-live-with-think-about\/","og_site_name":"Kim? Contemporary Art Centre","article_published_time":"2026-04-29T14:19:24+00:00","article_modified_time":"2026-04-29T14:26:44+00:00","og_image":[{"width":2560,"height":1920,"url":"http:\/\/kim.lv\/wp-content\/uploads\/2026\/04\/Kaspars-Grosevs_izstades-vizualis-scaled.jpg","type":"image\/jpeg"}],"author":"Kim?","twitter_card":"summary_large_image","twitter_misc":{"Written by":"Kim?","Est. reading time":"5 minutes"},"schema":{"@context":"https:\/\/schema.org","@graph":[{"@type":"WebPage","@id":"https:\/\/kim.lv\/kaspars-grosevs-solo-exhibition-live-with-think-about\/","url":"https:\/\/kim.lv\/kaspars-grosevs-solo-exhibition-live-with-think-about\/","name":"[:en]Kaspars Gro\u0161evs solo exhibition Live With\/Think About[:lv]Kaspara Gro\u0161eva person\u0101lizst\u0101de \u201cDz\u012bvo ar \/ Dom\u0101 par\u201d[:] - Kim? Contemporary Art Centre","isPartOf":{"@id":"https:\/\/kim.lv\/en\/#website"},"datePublished":"2026-04-29T14:19:24+00:00","dateModified":"2026-04-29T14:26:44+00:00","author":{"@id":"https:\/\/kim.lv\/en\/#\/schema\/person\/56f07ec6715af61b0d0ed9835c282330"},"breadcrumb":{"@id":"https:\/\/kim.lv\/kaspars-grosevs-solo-exhibition-live-with-think-about\/#breadcrumb"},"inLanguage":"en-US","potentialAction":[{"@type":"ReadAction","target":["https:\/\/kim.lv\/kaspars-grosevs-solo-exhibition-live-with-think-about\/"]}]},{"@type":"BreadcrumbList","@id":"https:\/\/kim.lv\/kaspars-grosevs-solo-exhibition-live-with-think-about\/#breadcrumb","itemListElement":[{"@type":"ListItem","position":1,"name":"Home","item":"https:\/\/kim.lv\/"},{"@type":"ListItem","position":2,"name":"Kaspars Gro\u0161evs solo exhibition Live With\/Think About"}]},{"@type":"WebSite","@id":"https:\/\/kim.lv\/en\/#website","url":"https:\/\/kim.lv\/en\/","name":"Kim? Contemporary Art Centre","description":"","potentialAction":[{"@type":"SearchAction","target":{"@type":"EntryPoint","urlTemplate":"https:\/\/kim.lv\/en\/?s={search_term_string}"},"query-input":"required name=search_term_string"}],"inLanguage":"en-US"},{"@type":"Person","@id":"https:\/\/kim.lv\/en\/#\/schema\/person\/56f07ec6715af61b0d0ed9835c282330","name":"Kim?","image":{"@type":"ImageObject","inLanguage":"en-US","@id":"https:\/\/kim.lv\/en\/#\/schema\/person\/image\/","url":"https:\/\/secure.gravatar.com\/avatar\/95e223367867817ed896bcfb04f433d88d871bfbb4f33c528e26ce5c2786508f?s=96&d=mm&r=g","contentUrl":"https:\/\/secure.gravatar.com\/avatar\/95e223367867817ed896bcfb04f433d88d871bfbb4f33c528e26ce5c2786508f?s=96&d=mm&r=g","caption":"Kim?"},"url":"https:\/\/kim.lv\/en\/author\/kim\/"}]}},"_links":{"self":[{"href":"https:\/\/kim.lv\/en\/wp-json\/wp\/v2\/posts\/9399","targetHints":{"allow":["GET"]}}],"collection":[{"href":"https:\/\/kim.lv\/en\/wp-json\/wp\/v2\/posts"}],"about":[{"href":"https:\/\/kim.lv\/en\/wp-json\/wp\/v2\/types\/post"}],"author":[{"embeddable":true,"href":"https:\/\/kim.lv\/en\/wp-json\/wp\/v2\/users\/2"}],"replies":[{"embeddable":true,"href":"https:\/\/kim.lv\/en\/wp-json\/wp\/v2\/comments?post=9399"}],"version-history":[{"count":10,"href":"https:\/\/kim.lv\/en\/wp-json\/wp\/v2\/posts\/9399\/revisions"}],"predecessor-version":[{"id":9411,"href":"https:\/\/kim.lv\/en\/wp-json\/wp\/v2\/posts\/9399\/revisions\/9411"}],"wp:featuredmedia":[{"embeddable":true,"href":"https:\/\/kim.lv\/en\/wp-json\/wp\/v2\/media\/9400"}],"wp:attachment":[{"href":"https:\/\/kim.lv\/en\/wp-json\/wp\/v2\/media?parent=9399"}],"wp:term":[{"taxonomy":"category","embeddable":true,"href":"https:\/\/kim.lv\/en\/wp-json\/wp\/v2\/categories?post=9399"},{"taxonomy":"post_tag","embeddable":true,"href":"https:\/\/kim.lv\/en\/wp-json\/wp\/v2\/tags?post=9399"}],"curies":[{"name":"wp","href":"https:\/\/api.w.org\/{rel}","templated":true}]}}