{"id":1295,"date":"2018-02-26T16:01:06","date_gmt":"2018-02-26T14:01:06","guid":{"rendered":"http:\/\/dev.kim.lv\/?p=1295"},"modified":"2019-01-11T13:01:53","modified_gmt":"2019-01-11T11:01:53","slug":"retina-andrejs-strokins-germans-ermics-kaspars-vanags-vents-vinbergs","status":"publish","type":"post","link":"https:\/\/kim.lv\/lv\/retina-andrejs-strokins-germans-ermics-kaspars-vanags-vents-vinbergs\/","title":{"rendered":"Grupas izst\u0101de &#8220;Retina&#8221;"},"content":{"rendered":"&#8221;Retina&#8221; ir izst\u0101de, kuras pamat\u0101 ir sarunas starp \u010detriem t\u0101s dal\u012bbniekiem \u2013 Andreju Strokinu, Germanu Ermi\u010du, Kasparu Vanagu un Ventu V\u012bnbergu &#8211; par laikmet\u012bg\u0101s m\u0101kslas neskaidraj\u0101m attiec\u012bb\u0101m ar ar att\u0113lu un vizu\u0101lo k\u0101 t\u0101du. T\u0101pat ar\u012b par redzi un skat\u012b\u0161anos. Par ieraudz\u012b\u0161anu un neredzamo. Ekspoz\u012bcija veidojusies k\u0101 \u0161o sarunu protokola atst\u0101sti, katram no sarunu biedriem pa\u0161am p\u0113c\u0101k tiekot gal\u0101 ar domu apmai\u0146as p\u0113cgar\u0161u vai diskusij\u0101s piesauktajiem vizu\u0101l\u0101s kult\u016bras v\u0113stures piem\u0113riem.<\/p>\n<span class=\"indent\"><\/span>&#8220;Retina&#8221; nepretend\u0113 uz m\u0101kslas izst\u0101des statusu, jo katram no \u010detriem t\u0101s veidot\u0101jiem attiec\u012bbas ar m\u0101kslu var tikt interpret\u0113tas k\u0101 nekonkr\u0113tas. Andrejs Strokins ir vistuv\u0101k apz\u012bm\u0113jumam m\u0101kslinieks, bet sarun\u0101 iesaistas k\u0101 kolekcion\u0101rs, kur\u0161 tic atrastu fotomateri\u0101lu rado\u0161ajam potenci\u0101lam. Vents V\u012bnbergs ir esejists un arhitekt\u016bras kriti\u0137is, kuru fascin\u0113 arhitekt\u016bras kritika v\u0113sturiskaj\u0101 situ\u0101cij\u0101 pirms fotogr\u0101fijas, kad las\u012bt\u0101ju izt\u0113l\u0113 telpas piedz\u012bvojumu n\u0101c\u0101t uzburt vien\u012bgi ar valodas pa\u0146\u0113mieniem. Germans Ermi\u010ds ir dizainers un cita starp\u0101 eksperiment\u0113 ar spogu\u013ciem, \u013caujot dom\u0101t par atspulgu k\u0101 vienlaikus fizisku, fiziolo\u0123isku un ieaudzin\u0101tu konstruktu. Kaspars Vanags ir m\u0101kslas kurators, kuru neliek mier\u0101 doma par postm\u0101kslas utopij\u0101m att\u0113lu infl\u0101cijas laikmet\u0101.<\/p>\n<span class=\"indent\"><\/span>Vi\u0146u sarun\u0101m bie\u017ei kav\u0113joties pie att\u0113lu pasaules kuriozit\u0101t\u0113m, ar\u012b izst\u0101de veidojusies k\u0101 k\u0101rtojums, kur\u0101 bildes un piebildes sapl\u016bst \u012bsti neno\u0161\u0137iram\u0101 veselum\u0101 l\u012bdz\u012bgi tam, k\u0101 acs t\u012bkleni, jeb retinu p\u0113c b\u016bt\u012bbas n\u0101ktos uzskat\u012bt par smadze\u0146u izaugumu.<\/p>\n<p>&nbsp;<\/p>\n<p><span style=\"text-decoration: underline;\">Andrejs Strokins<\/span>\u00a0(dz. 1984) ir absolv\u0113jis Latvijas M\u0101kslas akad\u0113mijas Grafikas noda\u013cu un ieguvis papildu izgl\u012bt\u012bbu da\u017e\u0101dos fotokursos un rado\u0161aj\u0101s darbn\u012bc\u0101s. L\u012bdz \u0161im piedal\u012bjies grupu izst\u0101d\u0113s Latvij\u0101 un \u0101rvalst\u012bs. Starp person\u0101lizst\u0101d\u0113m min\u0101mas &#8211; \u201eCilv\u0113ki k\u0101p\u0101s\u201d Kau\u0146as fotogr\u0101fijas galerij\u0101 (2014) un Latvijas Fotogr\u0101fijas muzej\u0101 (2015) un \u201eTrauc\u0113jumi un \u0161\u0137\u0113r\u0161\u013ci\u201d LLMC Ofisa galerij\u0101 (2015). Andrejs Strokins darbojas k\u0101 neatkar\u012bgs fotogr\u0101fs un p\u0113d\u0113jo gadu laik\u0101 ir uzvar\u0113jis vair\u0101kos noz\u012bm\u012bgos fotokonkursos \u2013 <em>Foam Tallents <\/em>2016.gad\u0101<em>, Kaunas Photo Star<\/em> 2013. gad\u0101, k\u0101 ar\u012b 2014. gad\u0101 ieguvis otro vietu <em>La Quatrieme Image<\/em> konkurs\u0101 un <em>Photo Annual Awards<\/em> konkurs\u0101 dokument\u0101l\u0101s fotogr\u0101fijas kategorij\u0101.<\/p>\n<p>&nbsp;<\/p>\n<p><span style=\"text-decoration: underline;\">Germans Ermi\u010ds<\/span> (dz. 1985) ir Amsterdam\u0101 dz\u012bvojo\u0161s m\u0113be\u013cu un grafiskais dizainers. Stud\u0113jis grafisko dizainu D\u0101nij\u0101, kur bijis praks\u0113 <em>Rasmus Koch Studio<\/em> grafisk\u0101 dizaina studij\u0101 Kopenh\u0101gen\u0101, 2011. Gad\u0101 absolv\u0113jis studijas Eidhovenas Dizaina akad\u0113mij\u0101 N\u012bderland\u0113 \u201cMan &amp; Living\u201d department\u0101, par savas darb\u012bbas lauku izv\u0113loties interjera un m\u0113be\u013cu dizainu. 2014. gad\u0101 atv\u0113ris savu studiju. P\u0113d\u0113jos trijos gados savos darbos piev\u0113rsies eksperimentiem ar vienk\u0101r\u0161\u0101m stikla form\u0101m un padzi\u013cin\u0101tiem p\u0113t\u012bjumiem par eso\u0161aj\u0101m un potenci\u0101laj\u0101m attiec\u012bb\u0101m starp materi\u0101lu un t\u0101 kr\u0101su iesp\u0113j\u0101m. 2007. gad\u0101 l\u012bdzdibin\u0101jis \u017eurn\u0101lu \u201cVeto\u201d k\u0101 t\u0101 m\u0101kslinieciskais direktors.<\/p>\n<p>&nbsp;<\/p>\n<p><span style=\"text-decoration: underline;\">Kaspars Vanags<\/span>\u00a0(dz. 1970)ir kurators un kult\u016brteor\u0113ti\u0137is. Kop\u0101 ar domubiedriem devi\u0146desmitajos gados izveidoja rado\u0161o apvien\u012bbu \u201eOpen\u201d, kas organiz\u0113ja pla\u0161a m\u0113roga starpdisciplin\u0101rus pas\u0101kumus, veicinot sadarb\u012bbas praksi starp vizu\u0101l\u0101s m\u0101kslas, elektronisk\u0101s m\u016bzikas, jauno mediju m\u0101kslas un literat\u016bras jom\u0101 iesaist\u012btajiem. K\u0101 kurators veidojis projektus, kuros m\u0101kslai pie\u0161\u0137irta kritiska soci\u0101l\u0101s platformas loma, v\u0113r\u0161oties pret vai veidojot alternat\u012bvas pat\u0113r\u0113t\u0101jsabiedr\u012bbas kult\u016brai \u2013 \u201eSlaidlugas\u201d (1998), \u201eSubversija pils\u0113tvid\u0113\u201d (2000), \u201cT\u0113jas s\u0113ne\u201d (2002). V\u0113l\u0101k piev\u0113rsies m\u0101kslas v\u0113stures studij\u0101m, ieguvis ma\u0123istra gr\u0101du m\u0101kslas zin\u0101tn\u0113 Kortolda m\u0101kslas instit\u016bt\u0101 London\u0101. Bijis kurators Latvijas paviljonam 56.Ven\u0113cijas m\u0101kslas bienn\u0101l\u0113 (Katr\u012bna Neiburga, Andris Egl\u012btis \u201cArmpit\u201d). Jaun\u0101k\u0101 izst\u0101de Latvij\u0101: \u201c\u0160\u0137\u0113rssv\u012btra: starp normat\u012bvo un fant\u0101ziju\u201d <em>kim? <\/em>Laikmet\u012bg\u0101s m\u0101kslas centr\u0101 (2015). Kop\u0161 2015. gada ir <em>ABLV Charitable Foundation<\/em> m\u0101kslas programmu vad\u012bt\u0101js un vada rado\u0161\u0101s koncepcijas izstr\u0101di topo\u0161ajam Latvijas Laikmet\u012bg\u0101s m\u0101kslas muzejam.<\/p>\n<p>&nbsp;<\/p>\n<p><span style=\"text-decoration: underline;\">Vents V\u012bnbergs<\/span>\u00a0(dz. 1979) ir absolv\u0113jis R\u012bgas Tehnisko universit\u0101ti, 2004. gad\u0101 k\u013c\u016bstot par arhitektu, ta\u010du kop\u0161 2007. gada vair\u0101k zin\u0101ms k\u0101 da\u017e\u0101du tekstu par arhitekt\u016bru autors. Atspogu\u013codams aktu\u0101l\u0101s arhitekt\u016bras un kult\u016bras norises, vi\u0146\u0161 ir vair\u0101k k\u0101 simts publik\u0101ciju autors Latvijas un \u0101rvalstu medijos un t\u0101dos profesion\u0101lajos izdevumos k\u0101 gr\u0101matu s\u0113rija <em>Process<\/em> (Arhitekt\u016bras veicin\u0101\u0161anas fonds, 2008-2013) un gr\u0101mat\u0101 <em>V*X. Latvijas arhitekt\u016bra kop\u0161 1991. gada<\/em> (Nucleus, 2011). Regul\u0101ri raksta sleju liel\u0101k\u0101 laikraksta <em>Diena<\/em> kult\u016bras pielikum\u0101, ir vair\u0101ku te\u0101tra scenogr\u0101fiju autors un izst\u0101\u017eu l\u012bdzkurators. Vents aizst\u0101v ideju par arhitekt\u016bru k\u0101 b\u016btisku kult\u016bras dz\u012bves sast\u0101vda\u013cu un interes\u0113jas par individu\u0101las person\u012bbas lomu arhitekt\u016bras procesos.","protected":false},"excerpt":{"rendered":"<p>&#8221;Retina&#8221; ir izst\u0101de, kuras pamat\u0101 ir sarunas starp \u010detriem t\u0101s dal\u012bbniekiem \u2013 Andreju Strokinu, Germanu Ermi\u010du, Kasparu Vanagu un Ventu V\u012bnbergu &#8211; par laikmet\u012bg\u0101s m\u0101kslas neskaidraj\u0101m attiec\u012bb\u0101m ar ar att\u0113lu un vizu\u0101lo k\u0101 t\u0101du. T\u0101pat ar\u012b par redzi un skat\u012b\u0161anos. Par ieraudz\u012b\u0161anu un neredzamo. Ekspoz\u012bcija veidojusies k\u0101 \u0161o sarunu protokola atst\u0101sti, katram no sarunu biedriem [&hellip;]<\/p>\n","protected":false},"author":2,"featured_media":0,"comment_status":"open","ping_status":"open","sticky":false,"template":"","format":"standard","meta":{"inline_featured_image":false,"footnotes":""},"categories":[3,4,26],"tags":[],"class_list":["post-1295","post","type-post","status-publish","format-standard","hentry","category-2017-exhibitions","category-kim-exhibitions","category-past-exhibitions"],"acf":[],"yoast_head":"<!-- This site is optimized with the Yoast SEO plugin v21.9 - https:\/\/yoast.com\/wordpress\/plugins\/seo\/ -->\n<title>Grupas izst\u0101de &quot;Retina&quot; - Kim? Laikmet\u012bg\u0101s m\u0101kslas centrs<\/title>\n<meta name=\"robots\" content=\"index, follow, max-snippet:-1, max-image-preview:large, max-video-preview:-1\" \/>\n<link rel=\"canonical\" href=\"https:\/\/kim.lv\/en\/retina-andrejs-strokins-germans-ermics-kaspars-vanags-vents-vinbergs\/\" \/>\n<meta property=\"og:locale\" content=\"lv_LV\" \/>\n<meta property=\"og:type\" content=\"article\" \/>\n<meta property=\"og:title\" content=\"[:en]Group Show &quot;Retina&quot;[:lv]Grupas izst\u0101de &quot;Retina&quot;[:] - Kim? Laikmet\u012bg\u0101s m\u0101kslas centrs\" \/>\n<meta property=\"og:description\" content=\"&#8221;Retina&#8221; ir izst\u0101de, kuras pamat\u0101 ir sarunas starp \u010detriem t\u0101s dal\u012bbniekiem \u2013 Andreju Strokinu, Germanu Ermi\u010du, Kasparu Vanagu un Ventu V\u012bnbergu &#8211; par laikmet\u012bg\u0101s m\u0101kslas neskaidraj\u0101m attiec\u012bb\u0101m ar ar att\u0113lu un vizu\u0101lo k\u0101 t\u0101du. T\u0101pat ar\u012b par redzi un skat\u012b\u0161anos. Par ieraudz\u012b\u0161anu un neredzamo. Ekspoz\u012bcija veidojusies k\u0101 \u0161o sarunu protokola atst\u0101sti, katram no sarunu biedriem [&hellip;]\" \/>\n<meta property=\"og:url\" content=\"https:\/\/kim.lv\/en\/retina-andrejs-strokins-germans-ermics-kaspars-vanags-vents-vinbergs\/\" \/>\n<meta property=\"og:site_name\" content=\"Kim? Laikmet\u012bg\u0101s m\u0101kslas centrs\" \/>\n<meta property=\"article:published_time\" content=\"2018-02-26T14:01:06+00:00\" \/>\n<meta property=\"article:modified_time\" content=\"2019-01-11T11:01:53+00:00\" \/>\n<meta name=\"author\" content=\"Kim?\" \/>\n<meta name=\"twitter:card\" content=\"summary_large_image\" \/>\n<meta name=\"twitter:label1\" content=\"Written by\" \/>\n\t<meta name=\"twitter:data1\" content=\"Kim?\" \/>\n\t<meta name=\"twitter:label2\" content=\"Est. reading time\" \/>\n\t<meta name=\"twitter:data2\" content=\"8 minutes\" \/>\n<script type=\"application\/ld+json\" class=\"yoast-schema-graph\">{\"@context\":\"https:\/\/schema.org\",\"@graph\":[{\"@type\":\"WebPage\",\"@id\":\"https:\/\/kim.lv\/en\/retina-andrejs-strokins-germans-ermics-kaspars-vanags-vents-vinbergs\/\",\"url\":\"https:\/\/kim.lv\/en\/retina-andrejs-strokins-germans-ermics-kaspars-vanags-vents-vinbergs\/\",\"name\":\"[:en]Group Show \\\"Retina\\\"[:lv]Grupas izst\u0101de \\\"Retina\\\"[:] - Kim? Laikmet\u012bg\u0101s m\u0101kslas centrs\",\"isPartOf\":{\"@id\":\"https:\/\/kim.lv\/en\/#website\"},\"datePublished\":\"2018-02-26T14:01:06+00:00\",\"dateModified\":\"2019-01-11T11:01:53+00:00\",\"author\":{\"@id\":\"https:\/\/kim.lv\/en\/#\/schema\/person\/56f07ec6715af61b0d0ed9835c282330\"},\"breadcrumb\":{\"@id\":\"https:\/\/kim.lv\/en\/retina-andrejs-strokins-germans-ermics-kaspars-vanags-vents-vinbergs\/#breadcrumb\"},\"inLanguage\":\"lv-LV\",\"potentialAction\":[{\"@type\":\"ReadAction\",\"target\":[\"https:\/\/kim.lv\/en\/retina-andrejs-strokins-germans-ermics-kaspars-vanags-vents-vinbergs\/\"]}]},{\"@type\":\"BreadcrumbList\",\"@id\":\"https:\/\/kim.lv\/en\/retina-andrejs-strokins-germans-ermics-kaspars-vanags-vents-vinbergs\/#breadcrumb\",\"itemListElement\":[{\"@type\":\"ListItem\",\"position\":1,\"name\":\"Home\",\"item\":\"https:\/\/kim.lv\/\"},{\"@type\":\"ListItem\",\"position\":2,\"name\":\"Group Show &#8220;Retina&#8221;\"}]},{\"@type\":\"WebSite\",\"@id\":\"https:\/\/kim.lv\/en\/#website\",\"url\":\"https:\/\/kim.lv\/en\/\",\"name\":\"Kim? Laikmet\u012bg\u0101s m\u0101kslas centrs\",\"description\":\"\",\"potentialAction\":[{\"@type\":\"SearchAction\",\"target\":{\"@type\":\"EntryPoint\",\"urlTemplate\":\"https:\/\/kim.lv\/en\/?s={search_term_string}\"},\"query-input\":\"required name=search_term_string\"}],\"inLanguage\":\"lv-LV\"},{\"@type\":\"Person\",\"@id\":\"https:\/\/kim.lv\/en\/#\/schema\/person\/56f07ec6715af61b0d0ed9835c282330\",\"name\":\"Kim?\",\"image\":{\"@type\":\"ImageObject\",\"inLanguage\":\"lv-LV\",\"@id\":\"https:\/\/kim.lv\/en\/#\/schema\/person\/image\/\",\"url\":\"https:\/\/secure.gravatar.com\/avatar\/95e223367867817ed896bcfb04f433d88d871bfbb4f33c528e26ce5c2786508f?s=96&d=mm&r=g\",\"contentUrl\":\"https:\/\/secure.gravatar.com\/avatar\/95e223367867817ed896bcfb04f433d88d871bfbb4f33c528e26ce5c2786508f?s=96&d=mm&r=g\",\"caption\":\"Kim?\"},\"url\":\"https:\/\/kim.lv\/lv\/author\/kim\/\"}]}<\/script>\n<!-- \/ Yoast SEO plugin. -->","yoast_head_json":{"title":"[:en]Group Show \"Retina\"[:lv]Grupas izst\u0101de \"Retina\"[:] - Kim? Laikmet\u012bg\u0101s m\u0101kslas centrs","robots":{"index":"index","follow":"follow","max-snippet":"max-snippet:-1","max-image-preview":"max-image-preview:large","max-video-preview":"max-video-preview:-1"},"canonical":"https:\/\/kim.lv\/en\/retina-andrejs-strokins-germans-ermics-kaspars-vanags-vents-vinbergs\/","og_locale":"lv_LV","og_type":"article","og_title":"[:en]Group Show \"Retina\"[:lv]Grupas izst\u0101de \"Retina\"[:] - Kim? Laikmet\u012bg\u0101s m\u0101kslas centrs","og_description":"&#8221;Retina&#8221; ir izst\u0101de, kuras pamat\u0101 ir sarunas starp \u010detriem t\u0101s dal\u012bbniekiem \u2013 Andreju Strokinu, Germanu Ermi\u010du, Kasparu Vanagu un Ventu V\u012bnbergu &#8211; par laikmet\u012bg\u0101s m\u0101kslas neskaidraj\u0101m attiec\u012bb\u0101m ar ar att\u0113lu un vizu\u0101lo k\u0101 t\u0101du. T\u0101pat ar\u012b par redzi un skat\u012b\u0161anos. Par ieraudz\u012b\u0161anu un neredzamo. Ekspoz\u012bcija veidojusies k\u0101 \u0161o sarunu protokola atst\u0101sti, katram no sarunu biedriem [&hellip;]","og_url":"https:\/\/kim.lv\/en\/retina-andrejs-strokins-germans-ermics-kaspars-vanags-vents-vinbergs\/","og_site_name":"Kim? Laikmet\u012bg\u0101s m\u0101kslas centrs","article_published_time":"2018-02-26T14:01:06+00:00","article_modified_time":"2019-01-11T11:01:53+00:00","author":"Kim?","twitter_card":"summary_large_image","twitter_misc":{"Written by":"Kim?","Est. reading time":"8 minutes"},"schema":{"@context":"https:\/\/schema.org","@graph":[{"@type":"WebPage","@id":"https:\/\/kim.lv\/en\/retina-andrejs-strokins-germans-ermics-kaspars-vanags-vents-vinbergs\/","url":"https:\/\/kim.lv\/en\/retina-andrejs-strokins-germans-ermics-kaspars-vanags-vents-vinbergs\/","name":"[:en]Group Show \"Retina\"[:lv]Grupas izst\u0101de \"Retina\"[:] - Kim? Laikmet\u012bg\u0101s m\u0101kslas centrs","isPartOf":{"@id":"https:\/\/kim.lv\/en\/#website"},"datePublished":"2018-02-26T14:01:06+00:00","dateModified":"2019-01-11T11:01:53+00:00","author":{"@id":"https:\/\/kim.lv\/en\/#\/schema\/person\/56f07ec6715af61b0d0ed9835c282330"},"breadcrumb":{"@id":"https:\/\/kim.lv\/en\/retina-andrejs-strokins-germans-ermics-kaspars-vanags-vents-vinbergs\/#breadcrumb"},"inLanguage":"lv-LV","potentialAction":[{"@type":"ReadAction","target":["https:\/\/kim.lv\/en\/retina-andrejs-strokins-germans-ermics-kaspars-vanags-vents-vinbergs\/"]}]},{"@type":"BreadcrumbList","@id":"https:\/\/kim.lv\/en\/retina-andrejs-strokins-germans-ermics-kaspars-vanags-vents-vinbergs\/#breadcrumb","itemListElement":[{"@type":"ListItem","position":1,"name":"Home","item":"https:\/\/kim.lv\/"},{"@type":"ListItem","position":2,"name":"Group Show &#8220;Retina&#8221;"}]},{"@type":"WebSite","@id":"https:\/\/kim.lv\/en\/#website","url":"https:\/\/kim.lv\/en\/","name":"Kim? Laikmet\u012bg\u0101s m\u0101kslas centrs","description":"","potentialAction":[{"@type":"SearchAction","target":{"@type":"EntryPoint","urlTemplate":"https:\/\/kim.lv\/en\/?s={search_term_string}"},"query-input":"required name=search_term_string"}],"inLanguage":"lv-LV"},{"@type":"Person","@id":"https:\/\/kim.lv\/en\/#\/schema\/person\/56f07ec6715af61b0d0ed9835c282330","name":"Kim?","image":{"@type":"ImageObject","inLanguage":"lv-LV","@id":"https:\/\/kim.lv\/en\/#\/schema\/person\/image\/","url":"https:\/\/secure.gravatar.com\/avatar\/95e223367867817ed896bcfb04f433d88d871bfbb4f33c528e26ce5c2786508f?s=96&d=mm&r=g","contentUrl":"https:\/\/secure.gravatar.com\/avatar\/95e223367867817ed896bcfb04f433d88d871bfbb4f33c528e26ce5c2786508f?s=96&d=mm&r=g","caption":"Kim?"},"url":"https:\/\/kim.lv\/lv\/author\/kim\/"}]}},"_links":{"self":[{"href":"https:\/\/kim.lv\/lv\/wp-json\/wp\/v2\/posts\/1295","targetHints":{"allow":["GET"]}}],"collection":[{"href":"https:\/\/kim.lv\/lv\/wp-json\/wp\/v2\/posts"}],"about":[{"href":"https:\/\/kim.lv\/lv\/wp-json\/wp\/v2\/types\/post"}],"author":[{"embeddable":true,"href":"https:\/\/kim.lv\/lv\/wp-json\/wp\/v2\/users\/2"}],"replies":[{"embeddable":true,"href":"https:\/\/kim.lv\/lv\/wp-json\/wp\/v2\/comments?post=1295"}],"version-history":[{"count":13,"href":"https:\/\/kim.lv\/lv\/wp-json\/wp\/v2\/posts\/1295\/revisions"}],"predecessor-version":[{"id":4421,"href":"https:\/\/kim.lv\/lv\/wp-json\/wp\/v2\/posts\/1295\/revisions\/4421"}],"wp:attachment":[{"href":"https:\/\/kim.lv\/lv\/wp-json\/wp\/v2\/media?parent=1295"}],"wp:term":[{"taxonomy":"category","embeddable":true,"href":"https:\/\/kim.lv\/lv\/wp-json\/wp\/v2\/categories?post=1295"},{"taxonomy":"post_tag","embeddable":true,"href":"https:\/\/kim.lv\/lv\/wp-json\/wp\/v2\/tags?post=1295"}],"curies":[{"name":"wp","href":"https:\/\/api.w.org\/{rel}","templated":true}]}}