{"id":1360,"date":"2018-03-13T13:07:01","date_gmt":"2018-03-13T11:07:01","guid":{"rendered":"http:\/\/uba.lt\/kim\/?p=1359"},"modified":"2018-04-28T12:32:39","modified_gmt":"2018-04-28T09:32:39","slug":"message-147-494","status":"publish","type":"post","link":"https:\/\/kim.lv\/lv\/message-147-494\/","title":{"rendered":"Di\u0101na Tamane \u201cZi\u0146ojums: 147 no 494\u201d"},"content":{"rendered":"<div class=\"page\" title=\"Page 2\">\n<div class=\"layoutArea\">\n<div class=\"column\">\n<p>S\u0101kot ar gandr\u012bz neman\u0101m\u0101m kust\u012bb\u0101m un ne\u0113rtiem \u017eestiem, Di\u0101na Tamane seko transporta pl\u016bsmas ce\u013ciem no Austrumeiropas uz Rietumeiropu, lai \u0161\u012b procesa gait\u0101 par darbu galvenajiem varo\u0146iem k\u013c\u016btu vi\u0146as \u0123imenes locek\u013ci. Tas ir m\u0101kslinieces t\u0113tis, kur\u0161 kop\u0161 90. gadiem bie\u017ei brauc uz V\u0101ciju, lai ieg\u0101d\u0101tos automa\u0161\u012bnas, elektroniku un citus priek\u0161metus un p\u0101rdotu tos Latvij\u0101, un t\u0101 ir mamma, kura pirms da\u017eiem gadiem k\u013cuva par t\u0101lbrauc\u0113ju \u2013 kravas automa\u0161\u012bnas vad\u012bt\u0101ju, kad bankrot\u0113ja vi\u0146as uz\u0146\u0113mums.<\/p>\n<span class=\"indent\"><\/span>Tamanes pirm\u0101 person\u0101lizst\u0101de Latvij\u0101 ir dokument\u0101cija, kas izriet no m\u0101kslinieces mammas piedz\u012bvot\u0101. Izst\u0101des nosaukums \u201cZi\u0146ojums: 147 no 494\u201d ir aizg\u016bts no ekspoz\u012bcij\u0101 apskat\u0101m\u0101 video \u201cV\u0113stules no mammas\u201d un apz\u012bm\u0113 konkr\u0113tas v\u0113stules k\u0101rtas skaitli m\u0101tes un meitas sarakst\u0113 Tamanes e-pasta ies\u016btnes kont\u0101. Izst\u0101d\u0113 iek\u013cauts ar\u012b video \u201cCe\u013c\u0101\u201d \u2013 statisks kadrs, kas uz\u0146emts no f\u016bres priek\u0161\u0113j\u0101 loga ar telefonsarunu fon\u0101; tas izvietots dialog\u0101 ar lielizm\u0113ra fotoizdruku \u201cMamma\u201d un tai l\u012bdz\u0101s ekspon\u0113tu tekstu, kas satur inform\u0101ciju par Tamanes mammas kust\u012bb\u0101m cauri Eiropai p\u0113d\u0113j\u0101 gada laik\u0101: no kurienes, uz kurieni braukts, no kurienes uz kurieni k\u0101das preces vestas.<\/p>\n<span class=\"indent\"><\/span>Aizs\u0101kta k\u0101 radinieku saites stiprino\u0161a darb\u012bba, \u0123imenes locek\u013cu iek\u013cau\u0161ana m\u0101kslas darbos \u0161obr\u012bd jau ir k\u013cuvusi par autonomu piedz\u012bvojumu ar sp\u0113les elementiem, kur\u0101 nemain\u012bgas ir tur darbojo\u0161\u0101s personas. \u0122imene tiek skat\u012bta k\u0101 sabiedr\u012bbas mode\u013ca samazin\u0101ta versija, kur\u0101 valdo\u0161\u0101s attiec\u012bbas vienm\u0113r ir intens\u012bvas \u2013 neatkar\u012bgi no t\u0101, vai t\u0101 ir saska\u0146a vai kon iktsitu\u0101cijas. Paral\u0113li pa\u0161as dokument\u0113tajiem kadriem, video veido\u0161anu, teksta rad\u012b\u0161anu un atrastu objektu iek\u013cau\u0161anu, Di\u0101na Tamane regul\u0101ri izmanto vernakul\u0101ro fotogr\u0101fiju, ko uz\u0146em vi\u0146as \u0123imenes locek\u013ci un kuru iesaisti \u0161\u0101da m\u0101kslinieciska akta veik\u0161an\u0101 m\u0113dz pavad\u012bt spriedze un emocijas.<\/p>\n<span class=\"indent\"><\/span>Reiz\u0113 ar interesi attiec\u012bbu psiholo\u0123ij\u0101, apskat\u012bta tiek ar\u012b to soci\u0101l\u0101 un ekonomisk\u0101 \u0161\u0137autne. T\u0101 caur izst\u0101des netie\u0161o galveno varoni \u2013 Tatjanu Tamani, stereotipiski \u201cnesievi\u0161\u0137\u012bgas\u201d profesijas p\u0101rst\u0101vi, m\u0101ksliniece piev\u0113r\u0161 uzman\u012bbu saviem nov\u0113rojumiem par sievietei, kura uzaugusi padomju Latvij\u0101 un savus uzskatus veidojusi no \u0161odienas at\u0161\u0137ir\u012bgu t\u0113lu un simbolikas valod\u0101. Padomju laiku propagandas plak\u0101tos ide\u0101l\u0101 sieviete tika r\u0101d\u012bta sp\u0113c\u012bga un dz\u012bvespriec\u012bga, poz\u0113jot nemit\u012bgi augo\u0161o gu\u013camrajonu, r\u016bpn\u012bcu priek\u0161\u0101 vai vadot traktorus. Izst\u0101d\u0113 ietvertais lielform\u0101ta portrets aiz spodra un izm\u0113ros iespaid\u012bga transportl\u012bdzek\u013ca st\u016bres atkl\u0101jas k\u0101 \u0161\u0101das pieredzes un atmi\u0146as tie\u0161s p\u0101rc\u0113lums.<\/p>\n<span class=\"indent\"><\/span>Kop\u0101 skat\u012bti, Tamanes darbi aptver jaut\u0101jumus par \u0123imeni, izcelsmi, str\u0101dnieku \u0161\u0137iras est\u0113tiku, sievietes lomu sabiedr\u012bb\u0101 un jauno soci\u0101lo k\u0101rt\u012bbu. \u0160\u012b tematika seko re\u0123ion\u0101 90.gadu s\u0101kum\u0101 notiku\u0161aj\u0101m p\u0101rmai\u0146\u0101m, lai, izgaismojot soci\u0101los procesus, darba attiec\u012bbu un p\u0101rvieto\u0161an\u0101s dinamiku, rad\u012btu savu versiju m\u016bsdienu postpadomju sabiedr\u012bbas portretam.<\/p>\n<p>&nbsp;<\/p>\n<p><span style=\"text-decoration: underline;\">Di\u0101na Tamane<\/span> (1986), dzimusi R\u012bg\u0101, absolv\u0113jusi Tartu M\u0101kslas koled\u017eu, ieguvusi ma\u0123istra gr\u0101du <em>Saint-Lukas<\/em> Briseles M\u0101kslas augstskol\u0101 un patlaban stud\u0113 HISK instit\u016bt\u0101 Be\u013c\u0123ij\u0101. Str\u0101d\u0101 galvenok\u0101rt ar fotogr\u0101fiju un video, apskata t\u0101dus tematus k\u0101 identit\u0101te, atmi\u0146a, \u0123imenes saites \u2013 tuv\u012bbu un atsve\u0161in\u0101t\u012bbu. Tamanei biju\u0161as vair\u0101kas person\u0101lizst\u0101des: <em>Art House Tartu<\/em>; <em>Recyclart<\/em> Brisel\u0113; <em>Y galerii <\/em>Tartu, piedal\u012bjusies grupas izst\u0101d\u0113s Be\u013c\u0123ij\u0101, Krievij\u0101, Turcij\u0101, Igaunij\u0101, Lietuv\u0101 un Latvij\u0101, \u0161obr\u012bd vi\u0146as darbi apskat\u0101mi HISK laure\u0101tu grupas izst\u0101d\u0113 <em>The Empty Fox Hole<\/em>. 2016. gada vasar\u0101 Tamane ieguvusi M\u016bsdienu m\u0101kslas muzeja Friends of <em>S.M.A.K.<\/em> balvu Gent\u0113, k\u0101 ar\u012b tika izv\u0113l\u0113ta par Jauno be\u013c\u0123u talantu tiff izdevumam, ko ik gadu izdod FoMu, Fotomuzejs Antverpen\u0113.<\/p>\n<p>&nbsp;<\/p>\n<p>&nbsp;<\/p>\n<\/div>\n<\/div>\n<\/div>","protected":false},"excerpt":{"rendered":"<p>S\u0101kot ar gandr\u012bz neman\u0101m\u0101m kust\u012bb\u0101m un ne\u0113rtiem \u017eestiem, Di\u0101na Tamane seko transporta pl\u016bsmas ce\u013ciem no Austrumeiropas uz Rietumeiropu, lai \u0161\u012b procesa gait\u0101 par darbu galvenajiem varo\u0146iem k\u013c\u016btu vi\u0146as \u0123imenes locek\u013ci. Tas ir m\u0101kslinieces t\u0113tis, kur\u0161 kop\u0161 90. gadiem bie\u017ei brauc uz V\u0101ciju, lai ieg\u0101d\u0101tos automa\u0161\u012bnas, elektroniku un citus priek\u0161metus un p\u0101rdotu tos Latvij\u0101, un t\u0101 [&hellip;]<\/p>\n","protected":false},"author":2,"featured_media":0,"comment_status":"open","ping_status":"open","sticky":false,"template":"","format":"standard","meta":{"inline_featured_image":false,"footnotes":""},"categories":[7,4,26],"tags":[],"class_list":["post-1360","post","type-post","status-publish","format-standard","hentry","category-2016-exhibitions","category-kim-exhibitions","category-past-exhibitions"],"acf":[],"yoast_head":"<!-- This site is optimized with the Yoast SEO plugin v21.9 - https:\/\/yoast.com\/wordpress\/plugins\/seo\/ -->\n<title>Di\u0101na Tamane \u201cZi\u0146ojums: 147 no 494\u201d - Kim? Laikmet\u012bg\u0101s m\u0101kslas centrs<\/title>\n<meta name=\"robots\" content=\"index, follow, max-snippet:-1, max-image-preview:large, max-video-preview:-1\" \/>\n<link rel=\"canonical\" href=\"https:\/\/kim.lv\/en\/message-147-494\/\" \/>\n<meta property=\"og:locale\" content=\"lv_LV\" \/>\n<meta property=\"og:type\" content=\"article\" \/>\n<meta property=\"og:title\" content=\"[:en]Di\u0101na Tamane &quot;Message: 147 of 494&quot;[:lv]Di\u0101na Tamane \u201cZi\u0146ojums: 147 no 494\u201d[:] - Kim? Laikmet\u012bg\u0101s m\u0101kslas centrs\" \/>\n<meta property=\"og:description\" content=\"S\u0101kot ar gandr\u012bz neman\u0101m\u0101m kust\u012bb\u0101m un ne\u0113rtiem \u017eestiem, Di\u0101na Tamane seko transporta pl\u016bsmas ce\u013ciem no Austrumeiropas uz Rietumeiropu, lai \u0161\u012b procesa gait\u0101 par darbu galvenajiem varo\u0146iem k\u013c\u016btu vi\u0146as \u0123imenes locek\u013ci. Tas ir m\u0101kslinieces t\u0113tis, kur\u0161 kop\u0161 90. gadiem bie\u017ei brauc uz V\u0101ciju, lai ieg\u0101d\u0101tos automa\u0161\u012bnas, elektroniku un citus priek\u0161metus un p\u0101rdotu tos Latvij\u0101, un t\u0101 [&hellip;]\" \/>\n<meta property=\"og:url\" content=\"https:\/\/kim.lv\/en\/message-147-494\/\" \/>\n<meta property=\"og:site_name\" content=\"Kim? Laikmet\u012bg\u0101s m\u0101kslas centrs\" \/>\n<meta property=\"article:published_time\" content=\"2018-03-13T11:07:01+00:00\" \/>\n<meta property=\"article:modified_time\" content=\"2018-04-28T09:32:39+00:00\" \/>\n<meta name=\"author\" content=\"Kim?\" \/>\n<meta name=\"twitter:card\" content=\"summary_large_image\" \/>\n<meta name=\"twitter:label1\" content=\"Written by\" \/>\n\t<meta name=\"twitter:data1\" content=\"Kim?\" \/>\n\t<meta name=\"twitter:label2\" content=\"Est. reading time\" \/>\n\t<meta name=\"twitter:data2\" content=\"7 minutes\" \/>\n<script type=\"application\/ld+json\" class=\"yoast-schema-graph\">{\"@context\":\"https:\/\/schema.org\",\"@graph\":[{\"@type\":\"WebPage\",\"@id\":\"https:\/\/kim.lv\/en\/message-147-494\/\",\"url\":\"https:\/\/kim.lv\/en\/message-147-494\/\",\"name\":\"[:en]Di\u0101na Tamane \\\"Message: 147 of 494\\\"[:lv]Di\u0101na Tamane \u201cZi\u0146ojums: 147 no 494\u201d[:] - Kim? Laikmet\u012bg\u0101s m\u0101kslas centrs\",\"isPartOf\":{\"@id\":\"https:\/\/kim.lv\/en\/#website\"},\"datePublished\":\"2018-03-13T11:07:01+00:00\",\"dateModified\":\"2018-04-28T09:32:39+00:00\",\"author\":{\"@id\":\"https:\/\/kim.lv\/en\/#\/schema\/person\/56f07ec6715af61b0d0ed9835c282330\"},\"breadcrumb\":{\"@id\":\"https:\/\/kim.lv\/en\/message-147-494\/#breadcrumb\"},\"inLanguage\":\"lv-LV\",\"potentialAction\":[{\"@type\":\"ReadAction\",\"target\":[\"https:\/\/kim.lv\/en\/message-147-494\/\"]}]},{\"@type\":\"BreadcrumbList\",\"@id\":\"https:\/\/kim.lv\/en\/message-147-494\/#breadcrumb\",\"itemListElement\":[{\"@type\":\"ListItem\",\"position\":1,\"name\":\"Home\",\"item\":\"https:\/\/kim.lv\/\"},{\"@type\":\"ListItem\",\"position\":2,\"name\":\"Di\u0101na Tamane &#8220;Message: 147 of 494&#8243;\"}]},{\"@type\":\"WebSite\",\"@id\":\"https:\/\/kim.lv\/en\/#website\",\"url\":\"https:\/\/kim.lv\/en\/\",\"name\":\"Kim? Laikmet\u012bg\u0101s m\u0101kslas centrs\",\"description\":\"\",\"potentialAction\":[{\"@type\":\"SearchAction\",\"target\":{\"@type\":\"EntryPoint\",\"urlTemplate\":\"https:\/\/kim.lv\/en\/?s={search_term_string}\"},\"query-input\":\"required name=search_term_string\"}],\"inLanguage\":\"lv-LV\"},{\"@type\":\"Person\",\"@id\":\"https:\/\/kim.lv\/en\/#\/schema\/person\/56f07ec6715af61b0d0ed9835c282330\",\"name\":\"Kim?\",\"image\":{\"@type\":\"ImageObject\",\"inLanguage\":\"lv-LV\",\"@id\":\"https:\/\/kim.lv\/en\/#\/schema\/person\/image\/\",\"url\":\"https:\/\/secure.gravatar.com\/avatar\/95e223367867817ed896bcfb04f433d88d871bfbb4f33c528e26ce5c2786508f?s=96&d=mm&r=g\",\"contentUrl\":\"https:\/\/secure.gravatar.com\/avatar\/95e223367867817ed896bcfb04f433d88d871bfbb4f33c528e26ce5c2786508f?s=96&d=mm&r=g\",\"caption\":\"Kim?\"},\"url\":\"https:\/\/kim.lv\/lv\/author\/kim\/\"}]}<\/script>\n<!-- \/ Yoast SEO plugin. -->","yoast_head_json":{"title":"[:en]Di\u0101na Tamane \"Message: 147 of 494\"[:lv]Di\u0101na Tamane \u201cZi\u0146ojums: 147 no 494\u201d[:] - Kim? Laikmet\u012bg\u0101s m\u0101kslas centrs","robots":{"index":"index","follow":"follow","max-snippet":"max-snippet:-1","max-image-preview":"max-image-preview:large","max-video-preview":"max-video-preview:-1"},"canonical":"https:\/\/kim.lv\/en\/message-147-494\/","og_locale":"lv_LV","og_type":"article","og_title":"[:en]Di\u0101na Tamane \"Message: 147 of 494\"[:lv]Di\u0101na Tamane \u201cZi\u0146ojums: 147 no 494\u201d[:] - Kim? Laikmet\u012bg\u0101s m\u0101kslas centrs","og_description":"S\u0101kot ar gandr\u012bz neman\u0101m\u0101m kust\u012bb\u0101m un ne\u0113rtiem \u017eestiem, Di\u0101na Tamane seko transporta pl\u016bsmas ce\u013ciem no Austrumeiropas uz Rietumeiropu, lai \u0161\u012b procesa gait\u0101 par darbu galvenajiem varo\u0146iem k\u013c\u016btu vi\u0146as \u0123imenes locek\u013ci. Tas ir m\u0101kslinieces t\u0113tis, kur\u0161 kop\u0161 90. gadiem bie\u017ei brauc uz V\u0101ciju, lai ieg\u0101d\u0101tos automa\u0161\u012bnas, elektroniku un citus priek\u0161metus un p\u0101rdotu tos Latvij\u0101, un t\u0101 [&hellip;]","og_url":"https:\/\/kim.lv\/en\/message-147-494\/","og_site_name":"Kim? Laikmet\u012bg\u0101s m\u0101kslas centrs","article_published_time":"2018-03-13T11:07:01+00:00","article_modified_time":"2018-04-28T09:32:39+00:00","author":"Kim?","twitter_card":"summary_large_image","twitter_misc":{"Written by":"Kim?","Est. reading time":"7 minutes"},"schema":{"@context":"https:\/\/schema.org","@graph":[{"@type":"WebPage","@id":"https:\/\/kim.lv\/en\/message-147-494\/","url":"https:\/\/kim.lv\/en\/message-147-494\/","name":"[:en]Di\u0101na Tamane \"Message: 147 of 494\"[:lv]Di\u0101na Tamane \u201cZi\u0146ojums: 147 no 494\u201d[:] - Kim? Laikmet\u012bg\u0101s m\u0101kslas centrs","isPartOf":{"@id":"https:\/\/kim.lv\/en\/#website"},"datePublished":"2018-03-13T11:07:01+00:00","dateModified":"2018-04-28T09:32:39+00:00","author":{"@id":"https:\/\/kim.lv\/en\/#\/schema\/person\/56f07ec6715af61b0d0ed9835c282330"},"breadcrumb":{"@id":"https:\/\/kim.lv\/en\/message-147-494\/#breadcrumb"},"inLanguage":"lv-LV","potentialAction":[{"@type":"ReadAction","target":["https:\/\/kim.lv\/en\/message-147-494\/"]}]},{"@type":"BreadcrumbList","@id":"https:\/\/kim.lv\/en\/message-147-494\/#breadcrumb","itemListElement":[{"@type":"ListItem","position":1,"name":"Home","item":"https:\/\/kim.lv\/"},{"@type":"ListItem","position":2,"name":"Di\u0101na Tamane &#8220;Message: 147 of 494&#8243;"}]},{"@type":"WebSite","@id":"https:\/\/kim.lv\/en\/#website","url":"https:\/\/kim.lv\/en\/","name":"Kim? Laikmet\u012bg\u0101s m\u0101kslas centrs","description":"","potentialAction":[{"@type":"SearchAction","target":{"@type":"EntryPoint","urlTemplate":"https:\/\/kim.lv\/en\/?s={search_term_string}"},"query-input":"required name=search_term_string"}],"inLanguage":"lv-LV"},{"@type":"Person","@id":"https:\/\/kim.lv\/en\/#\/schema\/person\/56f07ec6715af61b0d0ed9835c282330","name":"Kim?","image":{"@type":"ImageObject","inLanguage":"lv-LV","@id":"https:\/\/kim.lv\/en\/#\/schema\/person\/image\/","url":"https:\/\/secure.gravatar.com\/avatar\/95e223367867817ed896bcfb04f433d88d871bfbb4f33c528e26ce5c2786508f?s=96&d=mm&r=g","contentUrl":"https:\/\/secure.gravatar.com\/avatar\/95e223367867817ed896bcfb04f433d88d871bfbb4f33c528e26ce5c2786508f?s=96&d=mm&r=g","caption":"Kim?"},"url":"https:\/\/kim.lv\/lv\/author\/kim\/"}]}},"_links":{"self":[{"href":"https:\/\/kim.lv\/lv\/wp-json\/wp\/v2\/posts\/1360","targetHints":{"allow":["GET"]}}],"collection":[{"href":"https:\/\/kim.lv\/lv\/wp-json\/wp\/v2\/posts"}],"about":[{"href":"https:\/\/kim.lv\/lv\/wp-json\/wp\/v2\/types\/post"}],"author":[{"embeddable":true,"href":"https:\/\/kim.lv\/lv\/wp-json\/wp\/v2\/users\/2"}],"replies":[{"embeddable":true,"href":"https:\/\/kim.lv\/lv\/wp-json\/wp\/v2\/comments?post=1360"}],"version-history":[{"count":3,"href":"https:\/\/kim.lv\/lv\/wp-json\/wp\/v2\/posts\/1360\/revisions"}],"predecessor-version":[{"id":2975,"href":"https:\/\/kim.lv\/lv\/wp-json\/wp\/v2\/posts\/1360\/revisions\/2975"}],"wp:attachment":[{"href":"https:\/\/kim.lv\/lv\/wp-json\/wp\/v2\/media?parent=1360"}],"wp:term":[{"taxonomy":"category","embeddable":true,"href":"https:\/\/kim.lv\/lv\/wp-json\/wp\/v2\/categories?post=1360"},{"taxonomy":"post_tag","embeddable":true,"href":"https:\/\/kim.lv\/lv\/wp-json\/wp\/v2\/tags?post=1360"}],"curies":[{"name":"wp","href":"https:\/\/api.w.org\/{rel}","templated":true}]}}