{"id":2078,"date":"2018-04-15T17:53:50","date_gmt":"2018-04-15T14:53:50","guid":{"rendered":"http:\/\/dev.kim.lv\/?p=2078"},"modified":"2018-05-01T14:58:36","modified_gmt":"2018-05-01T11:58:36","slug":"case-cafe-series-portrait-janis-akuraters-konrads-ubans-1917","status":"publish","type":"post","link":"https:\/\/kim.lv\/lv\/case-cafe-series-portrait-janis-akuraters-konrads-ubans-1917\/","title":{"rendered":"Kafejn\u012bcas lieta ar Konr\u0101da Ub\u0101na \u201eJ\u0101\u0146a Akuratera portretu\u201d (1917)"},"content":{"rendered":"&#8221;Kafejn\u012bcas lieta&#8221; bija Kim? inici\u0113ta aktivit\u0101te abstraktu ideju savienojuma p\u0113tniec\u012bbas nol\u016bkos, piev\u0113r\u0161oties atsevi\u0161\u0137iem m\u0101kslas momentiem (autoriem, darbiem, notikumiem) Latvijas un ne tikai 20. un 21. gs. v\u0113stur\u0113, kas, \u0161\u012bs apskates procesa ietvaros un joproj\u0101m bez &#8220;lielo&#8221; teoriju kl\u0101tb\u016btnes, str\u0101d\u0101 t\u0101l\u0101kai informat\u012bvas noj\u0113gsmes konstrukcijai. Notikumu s\u0113rija tika veidota sadarb\u012bb\u0101 ar restor\u0101nu Kitchen.<\/p>\n<p>&nbsp;<\/p>\n<p>Rakstnieki, m\u0101kslinieki, str\u0113lnieki..<\/p>\n<p>Cikl\u0101 Kafejn\u012bcas lieta: Konr\u0101da Ub\u0101na \u201eJ\u0101\u0146a Akuratera portrets\u201d (1917).<\/p>\n<p>&nbsp;<\/p>\n<p>\u201e<em>M\u012b\u013c\u0101 Mare un Laima! Teik\u0161u \u012bsi. Esmu uz\u0146emts Str\u0113lnieku pulkos, ierakst\u012bts II latvie\u0161u Brig\u0101des \u0161t\u0101b\u0101<\/em>.\u201d, dzejnieks un rakstnieks J\u0101nis Akuraters v\u0113stul\u0113 sievai Maijai Annai un se\u0161us gadus vecajai meitai Laimai, 1916. g. 16. novembr\u012b.<\/p>\n<p>&nbsp;<\/p>\n<p>Kop\u0101 ar J\u0101ni Akurateru vien\u0101 str\u0113lnieku pulk\u0101 br\u012bvpr\u0101t\u012bgi iest\u0101j\u0101s ar\u012b dzejnieki K\u0101rlis Skalbe, Edvarts Virza, m\u0101kslinieki Voldem\u0101rs Tone, Konr\u0101ds Ub\u0101ns un K\u0101rlis Johansons.<\/p>\n<span class=\"indent\"><\/span>T\u0101p\u0113c piln\u012bgi iesp\u0113jams, ka J\u0101\u0146a Akuratera 1917. gada portreti ir vienas vai vair\u0101ku kolekt\u012bvu pas\u0113d\u0113\u0161anu rezult\u0101ts, kuru laik\u0101 iesp\u0113ju iem\u016b\u017ein\u0101t rakstnieku str\u0113lnieku formas t\u0113rp\u0101 izmantojis gan Voldem\u0101rs Tone, gan Konr\u0101ds Ub\u0101ns. \u0160iem portretiem, cit\u0113jot m\u0101kslas v\u0113sturnieku Eduardu K\u013cavi\u0146u, \u201e<em>piem\u012bto\u0161as visas galven\u0101s jauno latvie\u0161u m\u0101kslinieku tolaik gleznoto portretu pamatpaz\u012bmes: pietiekami saasin\u0101ts raksturojums, vair\u0101k vai maz\u0101k uzsverot mode\u013ca fizisko strukt\u016bru, vides reduc\u0113\u0161ana l\u012bdz minimumam, apjomu veidojums, izmantojot galvenok\u0101rt neitr\u0101lus melnos un pel\u0113kos to\u0146us un gaism\u0113nu kop\u0101 ar nosac\u012btu, abstraktu formu model\u0113jumu<\/em>.\u201d<\/p>\n<p>&nbsp;<\/p>\n<p>Kafejn\u012bcas lietas epizod\u0113 ar Konr\u0101da Ub\u0101na gleznoto \u201eJ\u0101\u0146a Akuratera portretu\u201d redzam ar\u012b \u201e<em>viet\u0101m \u0123eometriski noskald\u012btas plaknes, pie\u0161\u0137irot mier\u012bgi ar gr\u0101m atu rok\u0101 poz\u0113jo\u0161\u0101 rakstnieka t\u0113lam skarbumu. Melnie fona un oker\u012bgie violetie s\u0101rtie miesas to\u0146i bag\u0101tin\u0101ti ar bl\u0101vi pel\u0113c\u012bgi za\u013cganu mundiera plakni, apliecinot K.Ub\u0101nu k\u0101 izsmalcin\u0101tu kr\u0101su harmoniz\u0113t\u0101ju<\/em>.\u201d Cit\u0113ts no K\u013cavi\u0146\u0161, E. Latvie\u0161u portretu glezniec\u012bba 1850-1916. R\u012bga. Zin\u0101tne. 1996. \u2013 205.-206.lpp<\/p>\n<p>&nbsp;<\/p>\n<p>Paldies: Edgaram Jurj\u0101nam, Mairai Valterei.","protected":false},"excerpt":{"rendered":"<p>&#8221;Kafejn\u012bcas lieta&#8221; bija Kim? inici\u0113ta aktivit\u0101te abstraktu ideju savienojuma p\u0113tniec\u012bbas nol\u016bkos, piev\u0113r\u0161oties atsevi\u0161\u0137iem m\u0101kslas momentiem (autoriem, darbiem, notikumiem) Latvijas un ne tikai 20. un 21. gs. v\u0113stur\u0113, kas, \u0161\u012bs apskates procesa ietvaros un joproj\u0101m bez &#8220;lielo&#8221; teoriju kl\u0101tb\u016btnes, str\u0101d\u0101 t\u0101l\u0101kai informat\u012bvas noj\u0113gsmes konstrukcijai. Notikumu s\u0113rija tika veidota sadarb\u012bb\u0101 ar restor\u0101nu Kitchen. &nbsp; Rakstnieki, m\u0101kslinieki, str\u0113lnieki.. [&hellip;]<\/p>\n","protected":false},"author":2,"featured_media":0,"comment_status":"open","ping_status":"open","sticky":false,"template":"","format":"standard","meta":{"inline_featured_image":false,"footnotes":""},"categories":[29,4,26],"tags":[],"class_list":["post-2078","post","type-post","status-publish","format-standard","hentry","category-29","category-kim-exhibitions","category-past-exhibitions"],"acf":[],"yoast_head":"<!-- This site is optimized with the Yoast SEO plugin v21.9 - https:\/\/yoast.com\/wordpress\/plugins\/seo\/ -->\n<title>Kafejn\u012bcas lieta ar Konr\u0101da Ub\u0101na \u201eJ\u0101\u0146a Akuratera portretu\u201d (1917) - Kim? Laikmet\u012bg\u0101s m\u0101kslas centrs<\/title>\n<meta name=\"robots\" content=\"index, follow, max-snippet:-1, max-image-preview:large, max-video-preview:-1\" \/>\n<link rel=\"canonical\" href=\"https:\/\/kim.lv\/en\/case-cafe-series-portrait-janis-akuraters-konrads-ubans-1917\/\" \/>\n<meta property=\"og:locale\" content=\"lv_LV\" \/>\n<meta property=\"og:type\" content=\"article\" \/>\n<meta property=\"og:title\" content=\"[:en]The Case in the Cafe series: \u201ePortrait of J\u0101nis Akuraters\u201d by Konr\u0101ds Ub\u0101ns (1917)[:lv]Kafejn\u012bcas lieta ar Konr\u0101da Ub\u0101na \u201eJ\u0101\u0146a Akuratera portretu\u201d (1917)[:] - Kim? Laikmet\u012bg\u0101s m\u0101kslas centrs\" \/>\n<meta property=\"og:description\" content=\"&#8221;Kafejn\u012bcas lieta&#8221; bija Kim? inici\u0113ta aktivit\u0101te abstraktu ideju savienojuma p\u0113tniec\u012bbas nol\u016bkos, piev\u0113r\u0161oties atsevi\u0161\u0137iem m\u0101kslas momentiem (autoriem, darbiem, notikumiem) Latvijas un ne tikai 20. un 21. gs. v\u0113stur\u0113, kas, \u0161\u012bs apskates procesa ietvaros un joproj\u0101m bez &#8220;lielo&#8221; teoriju kl\u0101tb\u016btnes, str\u0101d\u0101 t\u0101l\u0101kai informat\u012bvas noj\u0113gsmes konstrukcijai. Notikumu s\u0113rija tika veidota sadarb\u012bb\u0101 ar restor\u0101nu Kitchen. &nbsp; Rakstnieki, m\u0101kslinieki, str\u0113lnieki.. [&hellip;]\" \/>\n<meta property=\"og:url\" content=\"https:\/\/kim.lv\/en\/case-cafe-series-portrait-janis-akuraters-konrads-ubans-1917\/\" \/>\n<meta property=\"og:site_name\" content=\"Kim? Laikmet\u012bg\u0101s m\u0101kslas centrs\" \/>\n<meta property=\"article:published_time\" content=\"2018-04-15T14:53:50+00:00\" \/>\n<meta property=\"article:modified_time\" content=\"2018-05-01T11:58:36+00:00\" \/>\n<meta name=\"author\" content=\"Kim?\" \/>\n<meta name=\"twitter:card\" content=\"summary_large_image\" \/>\n<meta name=\"twitter:label1\" content=\"Written by\" \/>\n\t<meta name=\"twitter:data1\" content=\"Kim?\" \/>\n\t<meta name=\"twitter:label2\" content=\"Est. reading time\" \/>\n\t<meta name=\"twitter:data2\" content=\"4 minutes\" \/>\n<script type=\"application\/ld+json\" class=\"yoast-schema-graph\">{\"@context\":\"https:\/\/schema.org\",\"@graph\":[{\"@type\":\"WebPage\",\"@id\":\"https:\/\/kim.lv\/en\/case-cafe-series-portrait-janis-akuraters-konrads-ubans-1917\/\",\"url\":\"https:\/\/kim.lv\/en\/case-cafe-series-portrait-janis-akuraters-konrads-ubans-1917\/\",\"name\":\"[:en]The Case in the Cafe series: \u201ePortrait of J\u0101nis Akuraters\u201d by Konr\u0101ds Ub\u0101ns (1917)[:lv]Kafejn\u012bcas lieta ar Konr\u0101da Ub\u0101na \u201eJ\u0101\u0146a Akuratera portretu\u201d (1917)[:] - Kim? Laikmet\u012bg\u0101s m\u0101kslas centrs\",\"isPartOf\":{\"@id\":\"https:\/\/kim.lv\/en\/#website\"},\"datePublished\":\"2018-04-15T14:53:50+00:00\",\"dateModified\":\"2018-05-01T11:58:36+00:00\",\"author\":{\"@id\":\"https:\/\/kim.lv\/en\/#\/schema\/person\/56f07ec6715af61b0d0ed9835c282330\"},\"breadcrumb\":{\"@id\":\"https:\/\/kim.lv\/en\/case-cafe-series-portrait-janis-akuraters-konrads-ubans-1917\/#breadcrumb\"},\"inLanguage\":\"lv-LV\",\"potentialAction\":[{\"@type\":\"ReadAction\",\"target\":[\"https:\/\/kim.lv\/en\/case-cafe-series-portrait-janis-akuraters-konrads-ubans-1917\/\"]}]},{\"@type\":\"BreadcrumbList\",\"@id\":\"https:\/\/kim.lv\/en\/case-cafe-series-portrait-janis-akuraters-konrads-ubans-1917\/#breadcrumb\",\"itemListElement\":[{\"@type\":\"ListItem\",\"position\":1,\"name\":\"Home\",\"item\":\"https:\/\/kim.lv\/\"},{\"@type\":\"ListItem\",\"position\":2,\"name\":\"The Case in the Cafe series: \u201ePortrait of J\u0101nis Akuraters\u201d by Konr\u0101ds Ub\u0101ns (1917)\"}]},{\"@type\":\"WebSite\",\"@id\":\"https:\/\/kim.lv\/en\/#website\",\"url\":\"https:\/\/kim.lv\/en\/\",\"name\":\"Kim? Laikmet\u012bg\u0101s m\u0101kslas centrs\",\"description\":\"\",\"potentialAction\":[{\"@type\":\"SearchAction\",\"target\":{\"@type\":\"EntryPoint\",\"urlTemplate\":\"https:\/\/kim.lv\/en\/?s={search_term_string}\"},\"query-input\":\"required name=search_term_string\"}],\"inLanguage\":\"lv-LV\"},{\"@type\":\"Person\",\"@id\":\"https:\/\/kim.lv\/en\/#\/schema\/person\/56f07ec6715af61b0d0ed9835c282330\",\"name\":\"Kim?\",\"image\":{\"@type\":\"ImageObject\",\"inLanguage\":\"lv-LV\",\"@id\":\"https:\/\/kim.lv\/en\/#\/schema\/person\/image\/\",\"url\":\"https:\/\/secure.gravatar.com\/avatar\/95e223367867817ed896bcfb04f433d88d871bfbb4f33c528e26ce5c2786508f?s=96&d=mm&r=g\",\"contentUrl\":\"https:\/\/secure.gravatar.com\/avatar\/95e223367867817ed896bcfb04f433d88d871bfbb4f33c528e26ce5c2786508f?s=96&d=mm&r=g\",\"caption\":\"Kim?\"},\"url\":\"https:\/\/kim.lv\/lv\/author\/kim\/\"}]}<\/script>\n<!-- \/ Yoast SEO plugin. -->","yoast_head_json":{"title":"[:en]The Case in the Cafe series: \u201ePortrait of J\u0101nis Akuraters\u201d by Konr\u0101ds Ub\u0101ns (1917)[:lv]Kafejn\u012bcas lieta ar Konr\u0101da Ub\u0101na \u201eJ\u0101\u0146a Akuratera portretu\u201d (1917)[:] - Kim? Laikmet\u012bg\u0101s m\u0101kslas centrs","robots":{"index":"index","follow":"follow","max-snippet":"max-snippet:-1","max-image-preview":"max-image-preview:large","max-video-preview":"max-video-preview:-1"},"canonical":"https:\/\/kim.lv\/en\/case-cafe-series-portrait-janis-akuraters-konrads-ubans-1917\/","og_locale":"lv_LV","og_type":"article","og_title":"[:en]The Case in the Cafe series: \u201ePortrait of J\u0101nis Akuraters\u201d by Konr\u0101ds Ub\u0101ns (1917)[:lv]Kafejn\u012bcas lieta ar Konr\u0101da Ub\u0101na \u201eJ\u0101\u0146a Akuratera portretu\u201d (1917)[:] - Kim? Laikmet\u012bg\u0101s m\u0101kslas centrs","og_description":"&#8221;Kafejn\u012bcas lieta&#8221; bija Kim? inici\u0113ta aktivit\u0101te abstraktu ideju savienojuma p\u0113tniec\u012bbas nol\u016bkos, piev\u0113r\u0161oties atsevi\u0161\u0137iem m\u0101kslas momentiem (autoriem, darbiem, notikumiem) Latvijas un ne tikai 20. un 21. gs. v\u0113stur\u0113, kas, \u0161\u012bs apskates procesa ietvaros un joproj\u0101m bez &#8220;lielo&#8221; teoriju kl\u0101tb\u016btnes, str\u0101d\u0101 t\u0101l\u0101kai informat\u012bvas noj\u0113gsmes konstrukcijai. Notikumu s\u0113rija tika veidota sadarb\u012bb\u0101 ar restor\u0101nu Kitchen. &nbsp; Rakstnieki, m\u0101kslinieki, str\u0113lnieki.. [&hellip;]","og_url":"https:\/\/kim.lv\/en\/case-cafe-series-portrait-janis-akuraters-konrads-ubans-1917\/","og_site_name":"Kim? Laikmet\u012bg\u0101s m\u0101kslas centrs","article_published_time":"2018-04-15T14:53:50+00:00","article_modified_time":"2018-05-01T11:58:36+00:00","author":"Kim?","twitter_card":"summary_large_image","twitter_misc":{"Written by":"Kim?","Est. reading time":"4 minutes"},"schema":{"@context":"https:\/\/schema.org","@graph":[{"@type":"WebPage","@id":"https:\/\/kim.lv\/en\/case-cafe-series-portrait-janis-akuraters-konrads-ubans-1917\/","url":"https:\/\/kim.lv\/en\/case-cafe-series-portrait-janis-akuraters-konrads-ubans-1917\/","name":"[:en]The Case in the Cafe series: \u201ePortrait of J\u0101nis Akuraters\u201d by Konr\u0101ds Ub\u0101ns (1917)[:lv]Kafejn\u012bcas lieta ar Konr\u0101da Ub\u0101na \u201eJ\u0101\u0146a Akuratera portretu\u201d (1917)[:] - Kim? Laikmet\u012bg\u0101s m\u0101kslas centrs","isPartOf":{"@id":"https:\/\/kim.lv\/en\/#website"},"datePublished":"2018-04-15T14:53:50+00:00","dateModified":"2018-05-01T11:58:36+00:00","author":{"@id":"https:\/\/kim.lv\/en\/#\/schema\/person\/56f07ec6715af61b0d0ed9835c282330"},"breadcrumb":{"@id":"https:\/\/kim.lv\/en\/case-cafe-series-portrait-janis-akuraters-konrads-ubans-1917\/#breadcrumb"},"inLanguage":"lv-LV","potentialAction":[{"@type":"ReadAction","target":["https:\/\/kim.lv\/en\/case-cafe-series-portrait-janis-akuraters-konrads-ubans-1917\/"]}]},{"@type":"BreadcrumbList","@id":"https:\/\/kim.lv\/en\/case-cafe-series-portrait-janis-akuraters-konrads-ubans-1917\/#breadcrumb","itemListElement":[{"@type":"ListItem","position":1,"name":"Home","item":"https:\/\/kim.lv\/"},{"@type":"ListItem","position":2,"name":"The Case in the Cafe series: \u201ePortrait of J\u0101nis Akuraters\u201d by Konr\u0101ds Ub\u0101ns (1917)"}]},{"@type":"WebSite","@id":"https:\/\/kim.lv\/en\/#website","url":"https:\/\/kim.lv\/en\/","name":"Kim? Laikmet\u012bg\u0101s m\u0101kslas centrs","description":"","potentialAction":[{"@type":"SearchAction","target":{"@type":"EntryPoint","urlTemplate":"https:\/\/kim.lv\/en\/?s={search_term_string}"},"query-input":"required name=search_term_string"}],"inLanguage":"lv-LV"},{"@type":"Person","@id":"https:\/\/kim.lv\/en\/#\/schema\/person\/56f07ec6715af61b0d0ed9835c282330","name":"Kim?","image":{"@type":"ImageObject","inLanguage":"lv-LV","@id":"https:\/\/kim.lv\/en\/#\/schema\/person\/image\/","url":"https:\/\/secure.gravatar.com\/avatar\/95e223367867817ed896bcfb04f433d88d871bfbb4f33c528e26ce5c2786508f?s=96&d=mm&r=g","contentUrl":"https:\/\/secure.gravatar.com\/avatar\/95e223367867817ed896bcfb04f433d88d871bfbb4f33c528e26ce5c2786508f?s=96&d=mm&r=g","caption":"Kim?"},"url":"https:\/\/kim.lv\/lv\/author\/kim\/"}]}},"_links":{"self":[{"href":"https:\/\/kim.lv\/lv\/wp-json\/wp\/v2\/posts\/2078","targetHints":{"allow":["GET"]}}],"collection":[{"href":"https:\/\/kim.lv\/lv\/wp-json\/wp\/v2\/posts"}],"about":[{"href":"https:\/\/kim.lv\/lv\/wp-json\/wp\/v2\/types\/post"}],"author":[{"embeddable":true,"href":"https:\/\/kim.lv\/lv\/wp-json\/wp\/v2\/users\/2"}],"replies":[{"embeddable":true,"href":"https:\/\/kim.lv\/lv\/wp-json\/wp\/v2\/comments?post=2078"}],"version-history":[{"count":3,"href":"https:\/\/kim.lv\/lv\/wp-json\/wp\/v2\/posts\/2078\/revisions"}],"predecessor-version":[{"id":3001,"href":"https:\/\/kim.lv\/lv\/wp-json\/wp\/v2\/posts\/2078\/revisions\/3001"}],"wp:attachment":[{"href":"https:\/\/kim.lv\/lv\/wp-json\/wp\/v2\/media?parent=2078"}],"wp:term":[{"taxonomy":"category","embeddable":true,"href":"https:\/\/kim.lv\/lv\/wp-json\/wp\/v2\/categories?post=2078"},{"taxonomy":"post_tag","embeddable":true,"href":"https:\/\/kim.lv\/lv\/wp-json\/wp\/v2\/tags?post=2078"}],"curies":[{"name":"wp","href":"https:\/\/api.w.org\/{rel}","templated":true}]}}