{"id":2125,"date":"2018-04-15T20:41:40","date_gmt":"2018-04-15T17:41:40","guid":{"rendered":"http:\/\/dev.kim.lv\/?p=2125"},"modified":"2019-01-11T13:09:26","modified_gmt":"2019-01-11T11:09:26","slug":"little-vera-sanya-kantarovsky-ella-kruglyanskaya","status":"publish","type":"post","link":"https:\/\/kim.lv\/lv\/little-vera-sanya-kantarovsky-ella-kruglyanskaya\/","title":{"rendered":"Grupas izst\u0101de &#8220;Maz\u0101 Vera&#8221;"},"content":{"rendered":"Vera Muhina (1889\u20131953) padomju monument\u0101laj\u0101 t\u0113lniec\u012bb\u0101 k\u013cuva paz\u012bstama p\u0113c uzvaras 1937. gada konkurs\u0101, kur\u0101 ieguva ties\u012bbas veidot skulpt\u016bru, kas greznoja padomju paviljonu Par\u012bzes Starptautiskaj\u0101 m\u0101kslas un tehnikas izst\u0101d\u0113 (<em>Exposition Internationale des Arts et Techniques dans la Vie Moderne<\/em>). Vi\u0146as skulpt\u016bra\u00a0\u2013 apjom\u012bgais ner\u016bs\u0113jo\u0161\u0101 t\u0113rauda t\u0113ls \u201cStr\u0101dnieks un kolhozniece\u201d \u2013 dr\u012bz vien k\u013cuva par vienu no ikonisk\u0101kajiem Padomju Krievijas simboliem un kolekt\u012bv\u0101 soci\u0101listu \u0113tosa iemiesojumu. Muhinas darbs, kuram 20. gadsimta sievie\u0161u t\u0113lot\u0101jm\u0101ksl\u0101 nav l\u012bdzv\u0113rt\u012bga, k\u013cuvis par pla\u0161i izmantotu elementu krievu vizu\u0101laj\u0101 kult\u016br\u0101.<\/p>\n<p>&nbsp;<\/p>\n<p>Atz\u012bm\u0113jot R\u012bg\u0101 dzimu\u0161\u0101s Muhinas 125. jubileju, m\u0101kslinieki Sa\u0146a Kantarovskis (<em>Sanya Kantarovsky<\/em>) un Ella Krug\u013canska (<em>Ella Kruglyanskaya<\/em>) tika aicin\u0101ti veidot izst\u0101di. Domu un ideju apmai\u0146ai starp abiem m\u0101ksliniekiem v\u0113r\u0161oties pla\u0161um\u0101, taj\u0101 iesaist\u012bj\u0101s gan citi R\u012bg\u0101 dz\u012bvojo\u0161i m\u0101kslinieki un dom\u0101t\u0101ji, gan pati Muhina, kuras rakstik\u013cuva par sarunas izejas punktu.<\/p>\n<span class=\"indent\"><\/span>Izst\u0101de ietver tr\u012bs da\u017e\u0101das m\u0101ksliniecisk\u0101s v\u012bzijas: plak\u0101tus, kas redzami gan izst\u0101des z\u0101l\u0113, gan pils\u0113tas publiskaj\u0101 telp\u0101, <em>site-specific<\/em> jeb norises vietai piel\u0101gotuperformanci, kas kulmin\u0113 vair\u0101kos m\u0101la t\u0113lniec\u012bbas objektos, un dokument\u0101lu video.<\/p>\n<span class=\"indent\"><\/span>Izst\u0101des pirmaj\u0101 telp\u0101 apskat\u0101mi se\u0161i plak\u0101ti, kuros gan att\u0113li, gan burti ir rok\u0101m z\u012bm\u0113ti. Katrs plak\u0101ts ilustr\u0113 k\u0101du fr\u0101zi no 1960. gad\u0101 izdot\u0101 Muhinas rakstu kr\u0101juma. \u0160ie plak\u0101ti ir gan m\u0101kslas priek\u0161meti, gan masveid\u0101 tira\u017e\u0113ti iespieddarbi. Plak\u0101tu vizu\u0101laj\u0101 valod\u0101 un veid\u0101, k\u0101 tie pozicion\u0113ti, lai nodotu skat\u012bt\u0101jam k\u0101du v\u0113st\u012bjumu, jau\u0161ams Muhinas laika galvenais publisk\u0101s vizu\u0101l\u0101s komunik\u0101cijas pa\u0146\u0113miens. Plak\u0101tos izmantotie cit\u0101ti cildina, piem\u0113ram, dekora, ornamenta un kail\u0137erme\u0146a noz\u012bmi, transcend\u0113jot un pie\u0161\u0137irot daudzsl\u0101\u0146ain\u012bbusoci\u0101lpolitiskajam kontekstam, kur\u0101 \u0161ie teksti radu\u0161ies. Muhinas ideju ilgsto\u0161\u0101 relevance un rota\u013c\u012bg\u0101 opoz\u012bcija modernistu racion\u0101lismam ir ac\u012bmredzama.<\/p>\n<span class=\"indent\"><\/span>Ned\u0113\u013cu pirms izst\u0101des atkl\u0101\u0161anas devi\u0146iem Latvijas M\u0101kslas akad\u0113mijas T\u0113lniec\u012bbas apak\u0161nozares absolventiem un studentiem tika dots uzdevums izveidot Veras Muhinas 1951. gad\u0101 rad\u012bt\u0101s dabiska izm\u0113ra bronzas galvas \u201cPartiz\u0101ne\u201d kopijas. Ask\u0113tiskais un sp\u0113c\u012bgais portrets, kura m\u0113r\u0137is bija simboliski paust padomju pretest\u012bbu nacistu iebrukumam, padomju varas d\u0101vin\u0101ts, visu \u0161o laiku liel\u0101koties glab\u0101jies M\u0101kslas muzeja R\u012bgas Bir\u017ea kr\u0101jum\u0101. T\u0113lniec\u012bbas \u0161edevra kop\u0113\u0161ana reanim\u0113 to akad\u0113misko metodolo\u0123iju, kuru atbalst\u012bja ar\u012b pati Muhina, kas bija izgl\u012btojusies Par\u012bz\u0113 pie Antu\u0101na Burdela (<em>Antoine Bourdelle<\/em>). M\u0101kslas akad\u0113mijas studenti, izk\u0101rtoju\u0161ies lok\u0101 ap bronzas galvu, tika aicin\u0101ti att\u0113lot tikai to, ko saredz no sava unik\u0101l\u0101 skatpunkta. Gatavo darbu summa veido ori\u0123in\u0101la s\u0101kotn\u0113jo cilv\u0113cisko formu, t\u0101l\u0101k koment\u0113jot un visp\u0101rinot \u0161\u0101das kolekt\u012bv\u0101s v\u0113ro\u0161anas un rad\u012b\u0161anas kult\u016bras praksi. Studentu veidotie m\u0101la t\u0113li ir int\u012bmi un atkl\u0101j to rad\u012bt\u0101ju subjekt\u012bvo un nians\u0113to l\u0113mumu pie\u0146em\u0161anas procesu.<\/p>\n<span class=\"indent\"><\/span>\u0160is pas\u0101kums iedvesmoja izst\u0101des skulptur\u0101lo elementu un video tap\u0161anu. Otr\u0101 izst\u0101des telp\u0101 \u201cPartiz\u0101nes\u201d kopijas ir izst\u0101d\u012btas uz darbgaldiem, uz kuriem t\u0101s veidotas savuk\u0101rt blakustelp\u0101 tiek demonstr\u0113ts video, kur\u0101 t\u0113lniec\u012bbas studentu rad\u012b\u0161anas procesu papildina m\u0101kslas v\u0113sturnieka un kult\u016bras kriti\u0137a J\u0101\u0146a Borga p\u0101rdomas par Muhinas dz\u012bvi un vi\u0146a \u012bpa\u0161o hobiju \u2013 meistaru darbu kop\u0113\u0161anu.<\/p>\n<span class=\"indent\"><\/span>Izst\u0101des nosaukums aizg\u016bts no perestroikas laika gr\u0101v\u0113jfilmas \u201cMaz\u0101 Vera\u201d (<em>\u041c\u0430\u0301\u043b\u0435\u043d\u044c\u043a\u0430\u044f \u0412\u0435\u0301\u0440\u0430<\/em>; re\u017eisors Vasilijs Pi\u010duls, 1989), kas st\u0101sta par k\u0101du jaunu dumpinieci, v\u0101rd\u0101 Vera. Filma, kuras nosaukumam krievu valod\u0101 ir dubulta noz\u012bme (to var saprast ar\u012b k\u0101 \u201cMaza tic\u012bba\u201d), bija viens no pirmajiem padomju kinom\u0101kslas darbiem, kur\u0101 atainota nekontrol\u0113ta seksualit\u0101te un sabiedr\u012bbas pagrimums; tas signaliz\u0113ja par gaid\u0101mo Padomju re\u017e\u012bma sabrukumu. Uz kinematogr\u0101fisk\u0101s v\u0101rdam\u0101sas fona Muhinas t\u0113ls ieg\u016bst v\u0113l liel\u0101ku sp\u0113ku \u2013 vi\u0146a ir sieviete starp v\u012brie\u0161iem un bur\u017eu\u0101zijas p\u0101rst\u0101ve starp prolet\u0101rie\u0161iem, turkl\u0101t atst\u0101jusi, iesp\u0113jams, liel\u0101k\u0101s p\u0113das padomju m\u0101kslinieciskaj\u0101 mantojum\u0101. M\u0101ksliniecisk\u0101s v\u012bzijas, kas veido \u0161o izst\u0101di, no jauna piev\u0113r\u0161as Muhinas idej\u0101m par kolekt\u012bvo un person\u012bgo, mudinot aizdom\u0101ties par sabruku\u0161as sabiedr\u012bbas zudu\u0161aj\u0101m iesp\u0113j\u0101m \u2013 metodolo\u0123iju, idej\u0101m un interes\u0113m, kur\u0101s iesl\u0113gts jaunas noz\u012bmes potenci\u0101ls.<\/p>\n<p>&nbsp;<\/p>\n<p>Izst\u0101di pavad\u012bs amerik\u0101\u0146u m\u0101kslas v\u0113sturnieces Krist\u012bnas Kjaeres lekcija \u201eSoci\u0101listisk\u0101 re\u0101lisma jaun\u0101 sieviete: m\u0101kslinieces sievietes un sievie\u0161u t\u0113li\u201d, kas notiks M\u0101kslas muzeja R\u012bgas Bir\u017ea konferen\u010du z\u0101l\u0113 (Doma laukum\u0101 6). Pas\u0101kumu ievad\u012bs m\u0101kslas v\u0113sturniecesAlises T\u012bfent\u0101les koment\u0101rs. Sav\u0101 lekcij\u0101 Krist\u012bna Kjaere apl\u016bkos visp\u0101r\u0113jas metodolo\u0123isk\u0101s probl\u0113mas laikmet\u012bg\u0101s m\u0101kslas v\u0113sturiskaj\u0101 p\u0113tniec\u012bb\u0101, konkr\u0113ti \u2013 soci\u0101listisk\u0101 re\u0101lisma izp\u0113t\u0113. \u0160\u012bs probl\u0113mas tiks ilustr\u0113tas caur 20. gadsimta 30. gados zin\u0101mu m\u0101kslinie\u010du \u2013 Jekaterinas Zernovas, Olgas Janovskas, Marijas Bri-Beinas un Valent\u012bnas Kulaginas, k\u0101 ar\u012b vakara galven\u0101s varones \u2013 R\u012bg\u0101 dzimu\u0161\u0101s padomju t\u0113lnieces Veras Muhinas \u2013 prizmu.<\/p>\n<p>&nbsp;<\/p>\n<p><span style=\"text-decoration: underline;\">Sa\u0146a Kantarovskis<\/span> (1982, Maskav\u0101, Krievij\u0101) dz\u012bvo un str\u0101d\u0101 Bruklin\u0101, ASV. Stud\u0113jis <i>Rhode Isl and school of Design<\/i>, piedal\u012bjies rezidenc\u0113 <i>Skowhegan School of Painting and Sculpture<\/i> un ieguvis ma\u0123istra gr\u0101du m\u0101ksl\u0101 <i>University of California<\/i>, Losand\u017eelos\u0101 (2011). Kantarovska jaun\u0101kie darbi \u0161obr\u012bd apskat\u0101mi person\u0101lizst\u0101d\u0113 \u201e<i>Alergies<\/i>\u201d <i>Casey Kaplan<\/i>, \u0145ujork\u0101. P\u0113d\u0113j\u0101s izst\u0101des: \u201e<i>Bard Girls Can Fly\u201d White Flags<\/i>, Saint Luis\u0101 (2014); \u201e<i>What Were you Expecting, Mr. Milquetoast, a Plot?<\/i>\u201d, <i>Badischer Kunstverein<\/i>, Karlsru\u0113 (2014); person\u0101lizst\u0101de \u201e<i>You Are Not An Evening<\/i>\u201d, GAK, Br\u0113men\u0113 (2013); \u201e<i>Notes on Neo Camp<\/i>\u201d, <i>Studio Voltaire<\/i>, London\u0101 (2013).<\/p>\n<p>&nbsp;<\/p>\n<p><span style=\"text-decoration: underline;\">Ella Krug\u013canska<\/span> (1978, R\u012bg\u0101, Latvij\u0101) dz\u012bvo un str\u0101d\u0101 \u0145ujork\u0101. Stud\u0113jusi m\u0101c\u012bjusies <i>Cooper Union<\/i> \u0145ujork\u0101 (2001) un <i>Yale School of Art<\/i>, \u0145\u016bheiven\u0101 (2006). P\u0113d\u0113j\u0101s person\u0101lizst\u0101des: \u201e<i>How to Work Together<\/i>\u201d <i>Studio Voltaire<\/i>, London\u0101; \u201e<i>Monster Bathers, Blue Scribble, and Others<\/i>\u201d, <i>Oko<\/i>, \u0145ujork\u0101 (2013); <i>Kendall Koppe Gallery<\/i>, Gl\u0101zgov\u0101 (2013); \u201e<i>Woman! Painting! Woman!\u201d<\/i> <i>Gavin Brown\u2019s enterprise, <\/i>\u0145ujork\u0101 (2013); \u201e<i>Ladies Who Punch<\/i>\u201d <i>Salon 94<\/i>, \u0145ujork\u0101 (2012) un \u201e<i>Ella Kruglyanskaya<\/i>\u201d <i>White Columns<\/i>, \u0145ujork\u0101 (2011).<\/p>\n<p>&nbsp;<\/p>\n<p>&nbsp;","protected":false},"excerpt":{"rendered":"<p>Vera Muhina (1889\u20131953) padomju monument\u0101laj\u0101 t\u0113lniec\u012bb\u0101 k\u013cuva paz\u012bstama p\u0113c uzvaras 1937. gada konkurs\u0101, kur\u0101 ieguva ties\u012bbas veidot skulpt\u016bru, kas greznoja padomju paviljonu Par\u012bzes Starptautiskaj\u0101 m\u0101kslas un tehnikas izst\u0101d\u0113 (Exposition Internationale des Arts et Techniques dans la Vie Moderne). Vi\u0146as skulpt\u016bra\u00a0\u2013 apjom\u012bgais ner\u016bs\u0113jo\u0161\u0101 t\u0113rauda t\u0113ls \u201cStr\u0101dnieks un kolhozniece\u201d \u2013 dr\u012bz vien k\u013cuva par vienu no ikonisk\u0101kajiem [&hellip;]<\/p>\n","protected":false},"author":2,"featured_media":0,"comment_status":"open","ping_status":"open","sticky":false,"template":"","format":"standard","meta":{"inline_featured_image":false,"footnotes":""},"categories":[9,4,26],"tags":[],"class_list":["post-2125","post","type-post","status-publish","format-standard","hentry","category-2014-exhibitions","category-kim-exhibitions","category-past-exhibitions"],"acf":[],"yoast_head":"<!-- This site is optimized with the Yoast SEO plugin v21.9 - https:\/\/yoast.com\/wordpress\/plugins\/seo\/ -->\n<title>Grupas izst\u0101de &quot;Maz\u0101 Vera&quot;  - Kim? Laikmet\u012bg\u0101s m\u0101kslas centrs<\/title>\n<meta name=\"robots\" content=\"index, follow, max-snippet:-1, max-image-preview:large, max-video-preview:-1\" \/>\n<link rel=\"canonical\" href=\"https:\/\/kim.lv\/lv\/little-vera-sanya-kantarovsky-ella-kruglyanskaya\/\" \/>\n<meta property=\"og:locale\" content=\"lv_LV\" \/>\n<meta property=\"og:type\" content=\"article\" \/>\n<meta property=\"og:title\" content=\"[:en]Group Show &quot;Little Vera&quot; [:lv]Grupas izst\u0101de &quot;Maz\u0101 Vera&quot; [:] - Kim? Laikmet\u012bg\u0101s m\u0101kslas centrs\" \/>\n<meta property=\"og:description\" content=\"Vera Muhina (1889\u20131953) padomju monument\u0101laj\u0101 t\u0113lniec\u012bb\u0101 k\u013cuva paz\u012bstama p\u0113c uzvaras 1937. gada konkurs\u0101, kur\u0101 ieguva ties\u012bbas veidot skulpt\u016bru, kas greznoja padomju paviljonu Par\u012bzes Starptautiskaj\u0101 m\u0101kslas un tehnikas izst\u0101d\u0113 (Exposition Internationale des Arts et Techniques dans la Vie Moderne). Vi\u0146as skulpt\u016bra\u00a0\u2013 apjom\u012bgais ner\u016bs\u0113jo\u0161\u0101 t\u0113rauda t\u0113ls \u201cStr\u0101dnieks un kolhozniece\u201d \u2013 dr\u012bz vien k\u013cuva par vienu no ikonisk\u0101kajiem [&hellip;]\" \/>\n<meta property=\"og:url\" content=\"https:\/\/kim.lv\/lv\/little-vera-sanya-kantarovsky-ella-kruglyanskaya\/\" \/>\n<meta property=\"og:site_name\" content=\"Kim? Laikmet\u012bg\u0101s m\u0101kslas centrs\" \/>\n<meta property=\"article:published_time\" content=\"2018-04-15T17:41:40+00:00\" \/>\n<meta property=\"article:modified_time\" content=\"2019-01-11T11:09:26+00:00\" \/>\n<meta name=\"author\" content=\"Kim?\" \/>\n<meta name=\"twitter:card\" content=\"summary_large_image\" \/>\n<meta name=\"twitter:label1\" content=\"Written by\" \/>\n\t<meta name=\"twitter:data1\" content=\"Kim?\" \/>\n\t<meta name=\"twitter:label2\" content=\"Est. reading time\" \/>\n\t<meta name=\"twitter:data2\" content=\"10 minutes\" \/>\n<script type=\"application\/ld+json\" class=\"yoast-schema-graph\">{\"@context\":\"https:\/\/schema.org\",\"@graph\":[{\"@type\":\"WebPage\",\"@id\":\"https:\/\/kim.lv\/lv\/little-vera-sanya-kantarovsky-ella-kruglyanskaya\/\",\"url\":\"https:\/\/kim.lv\/lv\/little-vera-sanya-kantarovsky-ella-kruglyanskaya\/\",\"name\":\"[:en]Group Show \\\"Little Vera\\\" [:lv]Grupas izst\u0101de \\\"Maz\u0101 Vera\\\" [:] - Kim? Laikmet\u012bg\u0101s m\u0101kslas centrs\",\"isPartOf\":{\"@id\":\"https:\/\/kim.lv\/en\/#website\"},\"datePublished\":\"2018-04-15T17:41:40+00:00\",\"dateModified\":\"2019-01-11T11:09:26+00:00\",\"author\":{\"@id\":\"https:\/\/kim.lv\/en\/#\/schema\/person\/56f07ec6715af61b0d0ed9835c282330\"},\"breadcrumb\":{\"@id\":\"https:\/\/kim.lv\/lv\/little-vera-sanya-kantarovsky-ella-kruglyanskaya\/#breadcrumb\"},\"inLanguage\":\"lv-LV\",\"potentialAction\":[{\"@type\":\"ReadAction\",\"target\":[\"https:\/\/kim.lv\/lv\/little-vera-sanya-kantarovsky-ella-kruglyanskaya\/\"]}]},{\"@type\":\"BreadcrumbList\",\"@id\":\"https:\/\/kim.lv\/lv\/little-vera-sanya-kantarovsky-ella-kruglyanskaya\/#breadcrumb\",\"itemListElement\":[{\"@type\":\"ListItem\",\"position\":1,\"name\":\"Home\",\"item\":\"https:\/\/kim.lv\/\"},{\"@type\":\"ListItem\",\"position\":2,\"name\":\"Grupas izst\u0101de &#8220;Maz\u0101 Vera&#8221;\"}]},{\"@type\":\"WebSite\",\"@id\":\"https:\/\/kim.lv\/en\/#website\",\"url\":\"https:\/\/kim.lv\/en\/\",\"name\":\"Kim? Laikmet\u012bg\u0101s m\u0101kslas centrs\",\"description\":\"\",\"potentialAction\":[{\"@type\":\"SearchAction\",\"target\":{\"@type\":\"EntryPoint\",\"urlTemplate\":\"https:\/\/kim.lv\/en\/?s={search_term_string}\"},\"query-input\":\"required name=search_term_string\"}],\"inLanguage\":\"lv-LV\"},{\"@type\":\"Person\",\"@id\":\"https:\/\/kim.lv\/en\/#\/schema\/person\/56f07ec6715af61b0d0ed9835c282330\",\"name\":\"Kim?\",\"image\":{\"@type\":\"ImageObject\",\"inLanguage\":\"lv-LV\",\"@id\":\"https:\/\/kim.lv\/en\/#\/schema\/person\/image\/\",\"url\":\"https:\/\/secure.gravatar.com\/avatar\/95e223367867817ed896bcfb04f433d88d871bfbb4f33c528e26ce5c2786508f?s=96&d=mm&r=g\",\"contentUrl\":\"https:\/\/secure.gravatar.com\/avatar\/95e223367867817ed896bcfb04f433d88d871bfbb4f33c528e26ce5c2786508f?s=96&d=mm&r=g\",\"caption\":\"Kim?\"},\"url\":\"https:\/\/kim.lv\/lv\/author\/kim\/\"}]}<\/script>\n<!-- \/ Yoast SEO plugin. -->","yoast_head_json":{"title":"[:en]Group Show \"Little Vera\" [:lv]Grupas izst\u0101de \"Maz\u0101 Vera\" [:] - Kim? Laikmet\u012bg\u0101s m\u0101kslas centrs","robots":{"index":"index","follow":"follow","max-snippet":"max-snippet:-1","max-image-preview":"max-image-preview:large","max-video-preview":"max-video-preview:-1"},"canonical":"https:\/\/kim.lv\/lv\/little-vera-sanya-kantarovsky-ella-kruglyanskaya\/","og_locale":"lv_LV","og_type":"article","og_title":"[:en]Group Show \"Little Vera\" [:lv]Grupas izst\u0101de \"Maz\u0101 Vera\" [:] - Kim? Laikmet\u012bg\u0101s m\u0101kslas centrs","og_description":"Vera Muhina (1889\u20131953) padomju monument\u0101laj\u0101 t\u0113lniec\u012bb\u0101 k\u013cuva paz\u012bstama p\u0113c uzvaras 1937. gada konkurs\u0101, kur\u0101 ieguva ties\u012bbas veidot skulpt\u016bru, kas greznoja padomju paviljonu Par\u012bzes Starptautiskaj\u0101 m\u0101kslas un tehnikas izst\u0101d\u0113 (Exposition Internationale des Arts et Techniques dans la Vie Moderne). Vi\u0146as skulpt\u016bra\u00a0\u2013 apjom\u012bgais ner\u016bs\u0113jo\u0161\u0101 t\u0113rauda t\u0113ls \u201cStr\u0101dnieks un kolhozniece\u201d \u2013 dr\u012bz vien k\u013cuva par vienu no ikonisk\u0101kajiem [&hellip;]","og_url":"https:\/\/kim.lv\/lv\/little-vera-sanya-kantarovsky-ella-kruglyanskaya\/","og_site_name":"Kim? Laikmet\u012bg\u0101s m\u0101kslas centrs","article_published_time":"2018-04-15T17:41:40+00:00","article_modified_time":"2019-01-11T11:09:26+00:00","author":"Kim?","twitter_card":"summary_large_image","twitter_misc":{"Written by":"Kim?","Est. reading time":"10 minutes"},"schema":{"@context":"https:\/\/schema.org","@graph":[{"@type":"WebPage","@id":"https:\/\/kim.lv\/lv\/little-vera-sanya-kantarovsky-ella-kruglyanskaya\/","url":"https:\/\/kim.lv\/lv\/little-vera-sanya-kantarovsky-ella-kruglyanskaya\/","name":"[:en]Group Show \"Little Vera\" [:lv]Grupas izst\u0101de \"Maz\u0101 Vera\" [:] - Kim? Laikmet\u012bg\u0101s m\u0101kslas centrs","isPartOf":{"@id":"https:\/\/kim.lv\/en\/#website"},"datePublished":"2018-04-15T17:41:40+00:00","dateModified":"2019-01-11T11:09:26+00:00","author":{"@id":"https:\/\/kim.lv\/en\/#\/schema\/person\/56f07ec6715af61b0d0ed9835c282330"},"breadcrumb":{"@id":"https:\/\/kim.lv\/lv\/little-vera-sanya-kantarovsky-ella-kruglyanskaya\/#breadcrumb"},"inLanguage":"lv-LV","potentialAction":[{"@type":"ReadAction","target":["https:\/\/kim.lv\/lv\/little-vera-sanya-kantarovsky-ella-kruglyanskaya\/"]}]},{"@type":"BreadcrumbList","@id":"https:\/\/kim.lv\/lv\/little-vera-sanya-kantarovsky-ella-kruglyanskaya\/#breadcrumb","itemListElement":[{"@type":"ListItem","position":1,"name":"Home","item":"https:\/\/kim.lv\/"},{"@type":"ListItem","position":2,"name":"Grupas izst\u0101de &#8220;Maz\u0101 Vera&#8221;"}]},{"@type":"WebSite","@id":"https:\/\/kim.lv\/en\/#website","url":"https:\/\/kim.lv\/en\/","name":"Kim? Laikmet\u012bg\u0101s m\u0101kslas centrs","description":"","potentialAction":[{"@type":"SearchAction","target":{"@type":"EntryPoint","urlTemplate":"https:\/\/kim.lv\/en\/?s={search_term_string}"},"query-input":"required name=search_term_string"}],"inLanguage":"lv-LV"},{"@type":"Person","@id":"https:\/\/kim.lv\/en\/#\/schema\/person\/56f07ec6715af61b0d0ed9835c282330","name":"Kim?","image":{"@type":"ImageObject","inLanguage":"lv-LV","@id":"https:\/\/kim.lv\/en\/#\/schema\/person\/image\/","url":"https:\/\/secure.gravatar.com\/avatar\/95e223367867817ed896bcfb04f433d88d871bfbb4f33c528e26ce5c2786508f?s=96&d=mm&r=g","contentUrl":"https:\/\/secure.gravatar.com\/avatar\/95e223367867817ed896bcfb04f433d88d871bfbb4f33c528e26ce5c2786508f?s=96&d=mm&r=g","caption":"Kim?"},"url":"https:\/\/kim.lv\/lv\/author\/kim\/"}]}},"_links":{"self":[{"href":"https:\/\/kim.lv\/lv\/wp-json\/wp\/v2\/posts\/2125","targetHints":{"allow":["GET"]}}],"collection":[{"href":"https:\/\/kim.lv\/lv\/wp-json\/wp\/v2\/posts"}],"about":[{"href":"https:\/\/kim.lv\/lv\/wp-json\/wp\/v2\/types\/post"}],"author":[{"embeddable":true,"href":"https:\/\/kim.lv\/lv\/wp-json\/wp\/v2\/users\/2"}],"replies":[{"embeddable":true,"href":"https:\/\/kim.lv\/lv\/wp-json\/wp\/v2\/comments?post=2125"}],"version-history":[{"count":3,"href":"https:\/\/kim.lv\/lv\/wp-json\/wp\/v2\/posts\/2125\/revisions"}],"predecessor-version":[{"id":4424,"href":"https:\/\/kim.lv\/lv\/wp-json\/wp\/v2\/posts\/2125\/revisions\/4424"}],"wp:attachment":[{"href":"https:\/\/kim.lv\/lv\/wp-json\/wp\/v2\/media?parent=2125"}],"wp:term":[{"taxonomy":"category","embeddable":true,"href":"https:\/\/kim.lv\/lv\/wp-json\/wp\/v2\/categories?post=2125"},{"taxonomy":"post_tag","embeddable":true,"href":"https:\/\/kim.lv\/lv\/wp-json\/wp\/v2\/tags?post=2125"}],"curies":[{"name":"wp","href":"https:\/\/api.w.org\/{rel}","templated":true}]}}