{"id":2366,"date":"2018-04-16T23:47:56","date_gmt":"2018-04-16T20:47:56","guid":{"rendered":"http:\/\/dev.kim.lv\/?p=2366"},"modified":"2018-04-19T22:10:43","modified_gmt":"2018-04-19T19:10:43","slug":"katrina-neiburgas-exhibition-memory-things","status":"publish","type":"post","link":"https:\/\/kim.lv\/lv\/katrina-neiburgas-exhibition-memory-things\/","title":{"rendered":"Katr\u012bna Neiburga &#8220;Lietu atmi\u0146a&#8221;"},"content":{"rendered":"No piez\u012bm\u0113m..<\/p>\n<p>&nbsp;<\/p>\n<p>&#8221; (..)<\/p>\n<p>&#8220;Tr\u012bs paaud\u017eu pedik\u012brs&#8221;<\/p>\n<p>Jau vair\u0101kus gadus vienreiz m\u0113nes\u012b pie mums, tr\u012bs paaud\u017eu sieviet\u0113m \u2013 m\u0101tes, meitas un omas, n\u0101k pedik\u012bre Aleksandra. Katrai no mums tiek velt\u012bta apm\u0113ram stunda. T\u0101 k\u0101 manas p\u0113das ir visbriesm\u012bg\u0101k\u0101s, tad ietaup\u012bto omas laiku pedik\u012bre atv\u0113l man.<\/p>\n<p>Omas p\u0113das ir gandr\u012bz k\u0101 z\u012bdainim \u2013 nek\u0101du \u012bpa\u0161u \u0101das sabiez\u0113jumu, nek\u0101du var\u017eacu. Turpretim mums ar m\u0101ti viss ir nepareizi, pat pirkstu forma k\u0101 vard\u0113m. Aleksandra mums taisa sauso pedik\u012bru, vi\u0146ai ir speci\u0101la izgl\u012bt\u012bba, turkl\u0101t vi\u0146a ir m\u0101si\u0146a trako nam\u0101 Tvaika iel\u0101.<\/p>\n<p>Ar mazu skalpel\u012bti k\u0101 t\u0113lnieks vi\u0146a katru m\u0113nesi no jauna izgrie\u017e manu p\u0113du formu. P\u0113c Aleksandras aizie\u0161anas uz gr\u012bdas m\u0113t\u0101jas tr\u012bs paaud\u017eu k\u0101ju vec\u0101s \u0101das skaidas un viss apk\u0101rt ir kl\u0101ts ar \u0101das putek\u013cu k\u0101rtu.<\/p>\n<p>P\u0113c man\u0101m dom\u0101m, to visu vajadz\u0113tu sadedzin\u0101t, jo t\u0101 vienk\u0101r\u0161i miskast\u0113 tiek iesviesta milz\u012bga biolo\u0123iska inform\u0101cija par mums trij\u0101m. Kad uz \u0161aufeles saslauc\u012bto \u0101du metu miskast\u0113, man vienm\u0113r sa\u017e\u0146audzas sirds.<\/p>\n<p>(..) &#8221;<\/p>\n<p>&nbsp;<\/p>\n<p>Turpin\u0101jum\u0101 \u2013 m\u016bsdienu kult\u016bras foruma &#8220;Balt\u0101 nakts&#8221; ietvaros \u0161.g. 8. septembr\u012b Katr\u012bnas Neiburgas intervence &#8220;Saruna ar ga\u013cas p\u0101rdev\u0113ju Mat\u012bsa tirg\u016b&#8221;.<\/p>\n<p>&nbsp;<\/p>\n<p>&#8220;Katr\u012bna Neiburga bie\u017ei darbojas k\u0101 antropologs, vi\u0146u interes\u0113 cilv\u0113ki \u2013 t\u0113jas s\u0113\u0146u audz\u0113t\u0101ju d\u012bvain\u0101 kopiena, &#8220;hru\u0161\u010dovkas&#8221; iem\u012btnieki, klubu tualet\u0113s satikt\u0101s meitenes, sievietes, kas str\u0101d\u0101 par taksometra vad\u012bt\u0101j\u0101m&#8221;, t\u0101 Solvita Krese starptautisk\u0101 laikmet\u012bg\u0101s m\u0101kslas festiv\u0101la\u00a0<em>Survival Kit 2011<\/em>\u00a0publicit\u0101tes materi\u0101los.<\/p>\n<p>&nbsp;<\/p>\n<p><span style=\"text-decoration: underline;\">Katr\u012bna Neiburga<\/span> (1978), ieguvusi ma\u0123istra gr\u0101du Latvijas M\u0101kslas akad\u0113mijas Vizu\u0101l\u0101s komunik\u0101cijas noda\u013c\u0101, izst\u0101d\u0113s piedal\u0101s kop\u0161 2000. gada; dal\u012bba Sidnejas un Maskavas bienn\u0101l\u0113s,\u00a0<em>Ars Fennica<\/em>\u00a0(2008) balvas kandid\u0101te un Purv\u012b\u0161a balvas m\u0101ksl\u0101 laure\u0101te (2008). P\u0113d\u0113j\u0101 person\u0101lizst\u0101de &#8220;Preses Nams&#8221; (2011\/12) izst\u0101d\u012bta R\u012bg\u0101, Budape\u0161t\u0101 un Helsinkos. Regul\u0101ra ir Katr\u012bnas Neiburgas sadarb\u012bba ar ska\u0146u m\u0101kslinieku And\u017eoni (Andris Ind\u0101ns), k\u0101 ar\u012b sadarb\u012bba\u00a0ar Latvijas Nacion\u0101lo operu (scenogr\u0101fija un video uzvedumiem\u00a0&#8220;Jevg\u0113\u0146ijs O\u0146egins&#8221;\u00a0(2010),\u00a0&#8220;Le\u013c\u013cu opera&#8221;\u00a0(2008), jaun\u0101kais projekts ir video noform\u0113jums operai\u00a0&#8220;Lu\u010dija di Lammerm\u016bra&#8221;\u00a0(2012)).<\/p>\n<p>&nbsp;","protected":false},"excerpt":{"rendered":"<p>No piez\u012bm\u0113m.. &nbsp; &#8221; (..) &#8220;Tr\u012bs paaud\u017eu pedik\u012brs&#8221; Jau vair\u0101kus gadus vienreiz m\u0113nes\u012b pie mums, tr\u012bs paaud\u017eu sieviet\u0113m \u2013 m\u0101tes, meitas un omas, n\u0101k pedik\u012bre Aleksandra. Katrai no mums tiek velt\u012bta apm\u0113ram stunda. T\u0101 k\u0101 manas p\u0113das ir visbriesm\u012bg\u0101k\u0101s, tad ietaup\u012bto omas laiku pedik\u012bre atv\u0113l man. Omas p\u0113das ir gandr\u012bz k\u0101 z\u012bdainim \u2013 nek\u0101du \u012bpa\u0161u [&hellip;]<\/p>\n","protected":false},"author":2,"featured_media":0,"comment_status":"open","ping_status":"open","sticky":false,"template":"","format":"standard","meta":{"inline_featured_image":false,"footnotes":""},"categories":[29,4,26],"tags":[],"class_list":["post-2366","post","type-post","status-publish","format-standard","hentry","category-29","category-kim-exhibitions","category-past-exhibitions"],"acf":[],"yoast_head":"<!-- This site is optimized with the Yoast SEO plugin v21.9 - https:\/\/yoast.com\/wordpress\/plugins\/seo\/ -->\n<title>Katr\u012bna Neiburga &quot;Lietu atmi\u0146a&quot; - Kim? Laikmet\u012bg\u0101s m\u0101kslas centrs<\/title>\n<meta name=\"robots\" content=\"index, follow, max-snippet:-1, max-image-preview:large, max-video-preview:-1\" \/>\n<link rel=\"canonical\" href=\"https:\/\/kim.lv\/en\/katrina-neiburgas-exhibition-memory-things\/\" \/>\n<meta property=\"og:locale\" content=\"lv_LV\" \/>\n<meta property=\"og:type\" content=\"article\" \/>\n<meta property=\"og:title\" content=\"[:en]Katr\u012bna Neiburga\u2019s exhibition \u201cThe Memory of Things\u201d[:lv]Katr\u012bna Neiburga &quot;Lietu atmi\u0146a&quot;[:] - Kim? Laikmet\u012bg\u0101s m\u0101kslas centrs\" \/>\n<meta property=\"og:description\" content=\"No piez\u012bm\u0113m.. &nbsp; &#8221; (..) &#8220;Tr\u012bs paaud\u017eu pedik\u012brs&#8221; Jau vair\u0101kus gadus vienreiz m\u0113nes\u012b pie mums, tr\u012bs paaud\u017eu sieviet\u0113m \u2013 m\u0101tes, meitas un omas, n\u0101k pedik\u012bre Aleksandra. Katrai no mums tiek velt\u012bta apm\u0113ram stunda. T\u0101 k\u0101 manas p\u0113das ir visbriesm\u012bg\u0101k\u0101s, tad ietaup\u012bto omas laiku pedik\u012bre atv\u0113l man. Omas p\u0113das ir gandr\u012bz k\u0101 z\u012bdainim \u2013 nek\u0101du \u012bpa\u0161u [&hellip;]\" \/>\n<meta property=\"og:url\" content=\"https:\/\/kim.lv\/en\/katrina-neiburgas-exhibition-memory-things\/\" \/>\n<meta property=\"og:site_name\" content=\"Kim? Laikmet\u012bg\u0101s m\u0101kslas centrs\" \/>\n<meta property=\"article:published_time\" content=\"2018-04-16T20:47:56+00:00\" \/>\n<meta property=\"article:modified_time\" content=\"2018-04-19T19:10:43+00:00\" \/>\n<meta name=\"author\" content=\"Kim?\" \/>\n<meta name=\"twitter:card\" content=\"summary_large_image\" \/>\n<meta name=\"twitter:label1\" content=\"Written by\" \/>\n\t<meta name=\"twitter:data1\" content=\"Kim?\" \/>\n\t<meta name=\"twitter:label2\" content=\"Est. reading time\" \/>\n\t<meta name=\"twitter:data2\" content=\"4 minutes\" \/>\n<script type=\"application\/ld+json\" class=\"yoast-schema-graph\">{\"@context\":\"https:\/\/schema.org\",\"@graph\":[{\"@type\":\"WebPage\",\"@id\":\"https:\/\/kim.lv\/en\/katrina-neiburgas-exhibition-memory-things\/\",\"url\":\"https:\/\/kim.lv\/en\/katrina-neiburgas-exhibition-memory-things\/\",\"name\":\"[:en]Katr\u012bna Neiburga\u2019s exhibition \u201cThe Memory of Things\u201d[:lv]Katr\u012bna Neiburga \\\"Lietu atmi\u0146a\\\"[:] - Kim? Laikmet\u012bg\u0101s m\u0101kslas centrs\",\"isPartOf\":{\"@id\":\"https:\/\/kim.lv\/en\/#website\"},\"datePublished\":\"2018-04-16T20:47:56+00:00\",\"dateModified\":\"2018-04-19T19:10:43+00:00\",\"author\":{\"@id\":\"https:\/\/kim.lv\/en\/#\/schema\/person\/56f07ec6715af61b0d0ed9835c282330\"},\"breadcrumb\":{\"@id\":\"https:\/\/kim.lv\/en\/katrina-neiburgas-exhibition-memory-things\/#breadcrumb\"},\"inLanguage\":\"lv-LV\",\"potentialAction\":[{\"@type\":\"ReadAction\",\"target\":[\"https:\/\/kim.lv\/en\/katrina-neiburgas-exhibition-memory-things\/\"]}]},{\"@type\":\"BreadcrumbList\",\"@id\":\"https:\/\/kim.lv\/en\/katrina-neiburgas-exhibition-memory-things\/#breadcrumb\",\"itemListElement\":[{\"@type\":\"ListItem\",\"position\":1,\"name\":\"Home\",\"item\":\"https:\/\/kim.lv\/\"},{\"@type\":\"ListItem\",\"position\":2,\"name\":\"Katr\u012bna Neiburga\u2019s exhibition \u201cThe Memory of Things\u201d\"}]},{\"@type\":\"WebSite\",\"@id\":\"https:\/\/kim.lv\/en\/#website\",\"url\":\"https:\/\/kim.lv\/en\/\",\"name\":\"Kim? Laikmet\u012bg\u0101s m\u0101kslas centrs\",\"description\":\"\",\"potentialAction\":[{\"@type\":\"SearchAction\",\"target\":{\"@type\":\"EntryPoint\",\"urlTemplate\":\"https:\/\/kim.lv\/en\/?s={search_term_string}\"},\"query-input\":\"required name=search_term_string\"}],\"inLanguage\":\"lv-LV\"},{\"@type\":\"Person\",\"@id\":\"https:\/\/kim.lv\/en\/#\/schema\/person\/56f07ec6715af61b0d0ed9835c282330\",\"name\":\"Kim?\",\"image\":{\"@type\":\"ImageObject\",\"inLanguage\":\"lv-LV\",\"@id\":\"https:\/\/kim.lv\/en\/#\/schema\/person\/image\/\",\"url\":\"https:\/\/secure.gravatar.com\/avatar\/95e223367867817ed896bcfb04f433d88d871bfbb4f33c528e26ce5c2786508f?s=96&d=mm&r=g\",\"contentUrl\":\"https:\/\/secure.gravatar.com\/avatar\/95e223367867817ed896bcfb04f433d88d871bfbb4f33c528e26ce5c2786508f?s=96&d=mm&r=g\",\"caption\":\"Kim?\"},\"url\":\"https:\/\/kim.lv\/lv\/author\/kim\/\"}]}<\/script>\n<!-- \/ Yoast SEO plugin. -->","yoast_head_json":{"title":"[:en]Katr\u012bna Neiburga\u2019s exhibition \u201cThe Memory of Things\u201d[:lv]Katr\u012bna Neiburga \"Lietu atmi\u0146a\"[:] - Kim? Laikmet\u012bg\u0101s m\u0101kslas centrs","robots":{"index":"index","follow":"follow","max-snippet":"max-snippet:-1","max-image-preview":"max-image-preview:large","max-video-preview":"max-video-preview:-1"},"canonical":"https:\/\/kim.lv\/en\/katrina-neiburgas-exhibition-memory-things\/","og_locale":"lv_LV","og_type":"article","og_title":"[:en]Katr\u012bna Neiburga\u2019s exhibition \u201cThe Memory of Things\u201d[:lv]Katr\u012bna Neiburga \"Lietu atmi\u0146a\"[:] - Kim? Laikmet\u012bg\u0101s m\u0101kslas centrs","og_description":"No piez\u012bm\u0113m.. &nbsp; &#8221; (..) &#8220;Tr\u012bs paaud\u017eu pedik\u012brs&#8221; Jau vair\u0101kus gadus vienreiz m\u0113nes\u012b pie mums, tr\u012bs paaud\u017eu sieviet\u0113m \u2013 m\u0101tes, meitas un omas, n\u0101k pedik\u012bre Aleksandra. Katrai no mums tiek velt\u012bta apm\u0113ram stunda. T\u0101 k\u0101 manas p\u0113das ir visbriesm\u012bg\u0101k\u0101s, tad ietaup\u012bto omas laiku pedik\u012bre atv\u0113l man. Omas p\u0113das ir gandr\u012bz k\u0101 z\u012bdainim \u2013 nek\u0101du \u012bpa\u0161u [&hellip;]","og_url":"https:\/\/kim.lv\/en\/katrina-neiburgas-exhibition-memory-things\/","og_site_name":"Kim? Laikmet\u012bg\u0101s m\u0101kslas centrs","article_published_time":"2018-04-16T20:47:56+00:00","article_modified_time":"2018-04-19T19:10:43+00:00","author":"Kim?","twitter_card":"summary_large_image","twitter_misc":{"Written by":"Kim?","Est. reading time":"4 minutes"},"schema":{"@context":"https:\/\/schema.org","@graph":[{"@type":"WebPage","@id":"https:\/\/kim.lv\/en\/katrina-neiburgas-exhibition-memory-things\/","url":"https:\/\/kim.lv\/en\/katrina-neiburgas-exhibition-memory-things\/","name":"[:en]Katr\u012bna Neiburga\u2019s exhibition \u201cThe Memory of Things\u201d[:lv]Katr\u012bna Neiburga \"Lietu atmi\u0146a\"[:] - Kim? Laikmet\u012bg\u0101s m\u0101kslas centrs","isPartOf":{"@id":"https:\/\/kim.lv\/en\/#website"},"datePublished":"2018-04-16T20:47:56+00:00","dateModified":"2018-04-19T19:10:43+00:00","author":{"@id":"https:\/\/kim.lv\/en\/#\/schema\/person\/56f07ec6715af61b0d0ed9835c282330"},"breadcrumb":{"@id":"https:\/\/kim.lv\/en\/katrina-neiburgas-exhibition-memory-things\/#breadcrumb"},"inLanguage":"lv-LV","potentialAction":[{"@type":"ReadAction","target":["https:\/\/kim.lv\/en\/katrina-neiburgas-exhibition-memory-things\/"]}]},{"@type":"BreadcrumbList","@id":"https:\/\/kim.lv\/en\/katrina-neiburgas-exhibition-memory-things\/#breadcrumb","itemListElement":[{"@type":"ListItem","position":1,"name":"Home","item":"https:\/\/kim.lv\/"},{"@type":"ListItem","position":2,"name":"Katr\u012bna Neiburga\u2019s exhibition \u201cThe Memory of Things\u201d"}]},{"@type":"WebSite","@id":"https:\/\/kim.lv\/en\/#website","url":"https:\/\/kim.lv\/en\/","name":"Kim? Laikmet\u012bg\u0101s m\u0101kslas centrs","description":"","potentialAction":[{"@type":"SearchAction","target":{"@type":"EntryPoint","urlTemplate":"https:\/\/kim.lv\/en\/?s={search_term_string}"},"query-input":"required name=search_term_string"}],"inLanguage":"lv-LV"},{"@type":"Person","@id":"https:\/\/kim.lv\/en\/#\/schema\/person\/56f07ec6715af61b0d0ed9835c282330","name":"Kim?","image":{"@type":"ImageObject","inLanguage":"lv-LV","@id":"https:\/\/kim.lv\/en\/#\/schema\/person\/image\/","url":"https:\/\/secure.gravatar.com\/avatar\/95e223367867817ed896bcfb04f433d88d871bfbb4f33c528e26ce5c2786508f?s=96&d=mm&r=g","contentUrl":"https:\/\/secure.gravatar.com\/avatar\/95e223367867817ed896bcfb04f433d88d871bfbb4f33c528e26ce5c2786508f?s=96&d=mm&r=g","caption":"Kim?"},"url":"https:\/\/kim.lv\/lv\/author\/kim\/"}]}},"_links":{"self":[{"href":"https:\/\/kim.lv\/lv\/wp-json\/wp\/v2\/posts\/2366","targetHints":{"allow":["GET"]}}],"collection":[{"href":"https:\/\/kim.lv\/lv\/wp-json\/wp\/v2\/posts"}],"about":[{"href":"https:\/\/kim.lv\/lv\/wp-json\/wp\/v2\/types\/post"}],"author":[{"embeddable":true,"href":"https:\/\/kim.lv\/lv\/wp-json\/wp\/v2\/users\/2"}],"replies":[{"embeddable":true,"href":"https:\/\/kim.lv\/lv\/wp-json\/wp\/v2\/comments?post=2366"}],"version-history":[{"count":4,"href":"https:\/\/kim.lv\/lv\/wp-json\/wp\/v2\/posts\/2366\/revisions"}],"predecessor-version":[{"id":2635,"href":"https:\/\/kim.lv\/lv\/wp-json\/wp\/v2\/posts\/2366\/revisions\/2635"}],"wp:attachment":[{"href":"https:\/\/kim.lv\/lv\/wp-json\/wp\/v2\/media?parent=2366"}],"wp:term":[{"taxonomy":"category","embeddable":true,"href":"https:\/\/kim.lv\/lv\/wp-json\/wp\/v2\/categories?post=2366"},{"taxonomy":"post_tag","embeddable":true,"href":"https:\/\/kim.lv\/lv\/wp-json\/wp\/v2\/tags?post=2366"}],"curies":[{"name":"wp","href":"https:\/\/api.w.org\/{rel}","templated":true}]}}