{"id":2405,"date":"2018-04-17T01:13:26","date_gmt":"2018-04-16T22:13:26","guid":{"rendered":"http:\/\/dev.kim.lv\/?p=2405"},"modified":"2018-04-19T21:52:16","modified_gmt":"2018-04-19T18:52:16","slug":"textimage","status":"publish","type":"post","link":"https:\/\/kim.lv\/lv\/textimage\/","title":{"rendered":"Grupas izst\u0101de &#8220;TEKSTS=ATT\u0112LS&#8221;"},"content":{"rendered":"Izst\u0101des \u201eTEKSTS=ATT\u0112LS\u201d nosaukums atkl\u0101j t\u0101s m\u0113r\u0137i \u2013 izzin\u0101t teksta un att\u0113la attiec\u012bbas Latvijas m\u0101ksl\u0101. \u0160o attiec\u012bbu dinamika un j\u0113dzieniskie aspekti ir Aigas Dzalbes p\u0113t\u012bjuma objekts, kura izst\u0101des konceptu\u0101lo uzst\u0101d\u012bjumu raksturo: \u201eV\u0101rdam ir sp\u0113ks \u2013 par to pasaules v\u0113sture jau visus br\u012bdin\u0101jusi. Vai v\u0101rdam ir izskats? Izst\u0101des ieceri inici\u0113jis jaut\u0101jums, k\u0101 v\u0101rds \/ raksts \/ teksts var aizst\u0101t formu vai mijiedarboties ar to \u2013 rad\u012bt t\u0113lu, izpaust ideju ar vizu\u0101l\u0101s m\u0101kslas izteiksmes l\u012bdzek\u013ciem.\u201d<br \/>\nSadarbojoties ar m\u0101kslinieci un kuratori Ingu Br\u016bveri veidot\u0101 izst\u0101de \u2013 p\u0113t\u012bjums ir izaicin\u0101jums pavir\u0161ajam uzskatam, ka lingvistiski orient\u0113tai m\u0101kslai Latvij\u0101 nav trad\u012bcijas. Ac\u012bmredzot t\u0101d\u0113\u013c l\u012bdz \u0161im neviens nav m\u0113\u0123in\u0101jis to skat\u012bt vienkopus, lai, iesp\u0113jams, ieg\u016btu pavisam cit\u0101du, negaid\u012btu priek\u0161statu par it k\u0101 zin\u0101m\u0101m par\u0101d\u012bb\u0101m un apg\u016btu jaunu skatupunktu iesp\u0113jas.<\/p>\n<p>&nbsp;<\/p>\n<p>Izst\u0101de \u201eTEKSTS=ATT\u0112LS\u201d (viet\u0113j\u0101s m\u0101kslas uztveres kli\u0161ejas lauzt un izgaismot aicino\u0161s p\u0113t\u012bjums) piev\u0113r\u0161as teksta iesp\u0113j\u0101m vizu\u0101l\u0101s m\u0101kslas darb\u0101, mekl\u0113jot vizu\u0101l\u0101s m\u0101kslas un lingvistikas saist\u012bbu. Ekspoz\u012bciju veido da\u017e\u0101du laiku, paaud\u017eu un at\u0161\u0137ir\u012bgu mediju darbi, kuru autori kuratores iedvesmoju\u0161i ar savu interesi str\u0101d\u0101t ar valodu un sp\u0113ju dom\u0101t konceptu\u0101li.<\/p>\n<p>&nbsp;<\/p>\n<p>Izst\u0101d\u0113 piedal\u0101s: Krist\u012bne Alksne, Arturs B\u0113rzi\u0146\u0161, Juris Boiko, \u0112riks Bo\u017eis, Inga Br\u016bvere, Ivars Gr\u0101vlejs, Leonards Laganovskis, tekstgrupa &#8220;Orb\u012bta&#8221;, Laura Prikule, Kri\u0161s Salmanis, Gundega Strautmane.","protected":false},"excerpt":{"rendered":"<p>Izst\u0101des \u201eTEKSTS=ATT\u0112LS\u201d nosaukums atkl\u0101j t\u0101s m\u0113r\u0137i \u2013 izzin\u0101t teksta un att\u0113la attiec\u012bbas Latvijas m\u0101ksl\u0101. \u0160o attiec\u012bbu dinamika un j\u0113dzieniskie aspekti ir Aigas Dzalbes p\u0113t\u012bjuma objekts, kura izst\u0101des konceptu\u0101lo uzst\u0101d\u012bjumu raksturo: \u201eV\u0101rdam ir sp\u0113ks \u2013 par to pasaules v\u0113sture jau visus br\u012bdin\u0101jusi. Vai v\u0101rdam ir izskats? Izst\u0101des ieceri inici\u0113jis jaut\u0101jums, k\u0101 v\u0101rds \/ raksts \/ teksts [&hellip;]<\/p>\n","protected":false},"author":2,"featured_media":0,"comment_status":"open","ping_status":"open","sticky":false,"template":"","format":"standard","meta":{"inline_featured_image":false,"footnotes":""},"categories":[29,4,26],"tags":[],"class_list":["post-2405","post","type-post","status-publish","format-standard","hentry","category-29","category-kim-exhibitions","category-past-exhibitions"],"acf":[],"yoast_head":"<!-- This site is optimized with the Yoast SEO plugin v21.9 - https:\/\/yoast.com\/wordpress\/plugins\/seo\/ -->\n<title>Grupas izst\u0101de &quot;TEKSTS=ATT\u0112LS&quot; - Kim? Laikmet\u012bg\u0101s m\u0101kslas centrs<\/title>\n<meta name=\"robots\" content=\"index, follow, max-snippet:-1, max-image-preview:large, max-video-preview:-1\" \/>\n<link rel=\"canonical\" href=\"https:\/\/kim.lv\/en\/textimage\/\" \/>\n<meta property=\"og:locale\" content=\"lv_LV\" \/>\n<meta property=\"og:type\" content=\"article\" \/>\n<meta property=\"og:title\" content=\"[:en]&quot;Text=Image&quot;[:lv]Grupas izst\u0101de &quot;TEKSTS=ATT\u0112LS&quot;[:] - Kim? Laikmet\u012bg\u0101s m\u0101kslas centrs\" \/>\n<meta property=\"og:description\" content=\"Izst\u0101des \u201eTEKSTS=ATT\u0112LS\u201d nosaukums atkl\u0101j t\u0101s m\u0113r\u0137i \u2013 izzin\u0101t teksta un att\u0113la attiec\u012bbas Latvijas m\u0101ksl\u0101. \u0160o attiec\u012bbu dinamika un j\u0113dzieniskie aspekti ir Aigas Dzalbes p\u0113t\u012bjuma objekts, kura izst\u0101des konceptu\u0101lo uzst\u0101d\u012bjumu raksturo: \u201eV\u0101rdam ir sp\u0113ks \u2013 par to pasaules v\u0113sture jau visus br\u012bdin\u0101jusi. Vai v\u0101rdam ir izskats? Izst\u0101des ieceri inici\u0113jis jaut\u0101jums, k\u0101 v\u0101rds \/ raksts \/ teksts [&hellip;]\" \/>\n<meta property=\"og:url\" content=\"https:\/\/kim.lv\/en\/textimage\/\" \/>\n<meta property=\"og:site_name\" content=\"Kim? Laikmet\u012bg\u0101s m\u0101kslas centrs\" \/>\n<meta property=\"article:published_time\" content=\"2018-04-16T22:13:26+00:00\" \/>\n<meta property=\"article:modified_time\" content=\"2018-04-19T18:52:16+00:00\" \/>\n<meta name=\"author\" content=\"Kim?\" \/>\n<meta name=\"twitter:card\" content=\"summary_large_image\" \/>\n<meta name=\"twitter:label1\" content=\"Written by\" \/>\n\t<meta name=\"twitter:data1\" content=\"Kim?\" \/>\n\t<meta name=\"twitter:label2\" content=\"Est. reading time\" \/>\n\t<meta name=\"twitter:data2\" content=\"3 minutes\" \/>\n<script type=\"application\/ld+json\" class=\"yoast-schema-graph\">{\"@context\":\"https:\/\/schema.org\",\"@graph\":[{\"@type\":\"WebPage\",\"@id\":\"https:\/\/kim.lv\/en\/textimage\/\",\"url\":\"https:\/\/kim.lv\/en\/textimage\/\",\"name\":\"[:en]\\\"Text=Image\\\"[:lv]Grupas izst\u0101de \\\"TEKSTS=ATT\u0112LS\\\"[:] - Kim? Laikmet\u012bg\u0101s m\u0101kslas centrs\",\"isPartOf\":{\"@id\":\"https:\/\/kim.lv\/en\/#website\"},\"datePublished\":\"2018-04-16T22:13:26+00:00\",\"dateModified\":\"2018-04-19T18:52:16+00:00\",\"author\":{\"@id\":\"https:\/\/kim.lv\/en\/#\/schema\/person\/56f07ec6715af61b0d0ed9835c282330\"},\"breadcrumb\":{\"@id\":\"https:\/\/kim.lv\/en\/textimage\/#breadcrumb\"},\"inLanguage\":\"lv-LV\",\"potentialAction\":[{\"@type\":\"ReadAction\",\"target\":[\"https:\/\/kim.lv\/en\/textimage\/\"]}]},{\"@type\":\"BreadcrumbList\",\"@id\":\"https:\/\/kim.lv\/en\/textimage\/#breadcrumb\",\"itemListElement\":[{\"@type\":\"ListItem\",\"position\":1,\"name\":\"Home\",\"item\":\"https:\/\/kim.lv\/\"},{\"@type\":\"ListItem\",\"position\":2,\"name\":\"&#8221;Text=Image&#8221;\"}]},{\"@type\":\"WebSite\",\"@id\":\"https:\/\/kim.lv\/en\/#website\",\"url\":\"https:\/\/kim.lv\/en\/\",\"name\":\"Kim? Laikmet\u012bg\u0101s m\u0101kslas centrs\",\"description\":\"\",\"potentialAction\":[{\"@type\":\"SearchAction\",\"target\":{\"@type\":\"EntryPoint\",\"urlTemplate\":\"https:\/\/kim.lv\/en\/?s={search_term_string}\"},\"query-input\":\"required name=search_term_string\"}],\"inLanguage\":\"lv-LV\"},{\"@type\":\"Person\",\"@id\":\"https:\/\/kim.lv\/en\/#\/schema\/person\/56f07ec6715af61b0d0ed9835c282330\",\"name\":\"Kim?\",\"image\":{\"@type\":\"ImageObject\",\"inLanguage\":\"lv-LV\",\"@id\":\"https:\/\/kim.lv\/en\/#\/schema\/person\/image\/\",\"url\":\"https:\/\/secure.gravatar.com\/avatar\/95e223367867817ed896bcfb04f433d88d871bfbb4f33c528e26ce5c2786508f?s=96&d=mm&r=g\",\"contentUrl\":\"https:\/\/secure.gravatar.com\/avatar\/95e223367867817ed896bcfb04f433d88d871bfbb4f33c528e26ce5c2786508f?s=96&d=mm&r=g\",\"caption\":\"Kim?\"},\"url\":\"https:\/\/kim.lv\/lv\/author\/kim\/\"}]}<\/script>\n<!-- \/ Yoast SEO plugin. -->","yoast_head_json":{"title":"[:en]\"Text=Image\"[:lv]Grupas izst\u0101de \"TEKSTS=ATT\u0112LS\"[:] - Kim? Laikmet\u012bg\u0101s m\u0101kslas centrs","robots":{"index":"index","follow":"follow","max-snippet":"max-snippet:-1","max-image-preview":"max-image-preview:large","max-video-preview":"max-video-preview:-1"},"canonical":"https:\/\/kim.lv\/en\/textimage\/","og_locale":"lv_LV","og_type":"article","og_title":"[:en]\"Text=Image\"[:lv]Grupas izst\u0101de \"TEKSTS=ATT\u0112LS\"[:] - Kim? Laikmet\u012bg\u0101s m\u0101kslas centrs","og_description":"Izst\u0101des \u201eTEKSTS=ATT\u0112LS\u201d nosaukums atkl\u0101j t\u0101s m\u0113r\u0137i \u2013 izzin\u0101t teksta un att\u0113la attiec\u012bbas Latvijas m\u0101ksl\u0101. \u0160o attiec\u012bbu dinamika un j\u0113dzieniskie aspekti ir Aigas Dzalbes p\u0113t\u012bjuma objekts, kura izst\u0101des konceptu\u0101lo uzst\u0101d\u012bjumu raksturo: \u201eV\u0101rdam ir sp\u0113ks \u2013 par to pasaules v\u0113sture jau visus br\u012bdin\u0101jusi. Vai v\u0101rdam ir izskats? Izst\u0101des ieceri inici\u0113jis jaut\u0101jums, k\u0101 v\u0101rds \/ raksts \/ teksts [&hellip;]","og_url":"https:\/\/kim.lv\/en\/textimage\/","og_site_name":"Kim? Laikmet\u012bg\u0101s m\u0101kslas centrs","article_published_time":"2018-04-16T22:13:26+00:00","article_modified_time":"2018-04-19T18:52:16+00:00","author":"Kim?","twitter_card":"summary_large_image","twitter_misc":{"Written by":"Kim?","Est. reading time":"3 minutes"},"schema":{"@context":"https:\/\/schema.org","@graph":[{"@type":"WebPage","@id":"https:\/\/kim.lv\/en\/textimage\/","url":"https:\/\/kim.lv\/en\/textimage\/","name":"[:en]\"Text=Image\"[:lv]Grupas izst\u0101de \"TEKSTS=ATT\u0112LS\"[:] - Kim? Laikmet\u012bg\u0101s m\u0101kslas centrs","isPartOf":{"@id":"https:\/\/kim.lv\/en\/#website"},"datePublished":"2018-04-16T22:13:26+00:00","dateModified":"2018-04-19T18:52:16+00:00","author":{"@id":"https:\/\/kim.lv\/en\/#\/schema\/person\/56f07ec6715af61b0d0ed9835c282330"},"breadcrumb":{"@id":"https:\/\/kim.lv\/en\/textimage\/#breadcrumb"},"inLanguage":"lv-LV","potentialAction":[{"@type":"ReadAction","target":["https:\/\/kim.lv\/en\/textimage\/"]}]},{"@type":"BreadcrumbList","@id":"https:\/\/kim.lv\/en\/textimage\/#breadcrumb","itemListElement":[{"@type":"ListItem","position":1,"name":"Home","item":"https:\/\/kim.lv\/"},{"@type":"ListItem","position":2,"name":"&#8221;Text=Image&#8221;"}]},{"@type":"WebSite","@id":"https:\/\/kim.lv\/en\/#website","url":"https:\/\/kim.lv\/en\/","name":"Kim? Laikmet\u012bg\u0101s m\u0101kslas centrs","description":"","potentialAction":[{"@type":"SearchAction","target":{"@type":"EntryPoint","urlTemplate":"https:\/\/kim.lv\/en\/?s={search_term_string}"},"query-input":"required name=search_term_string"}],"inLanguage":"lv-LV"},{"@type":"Person","@id":"https:\/\/kim.lv\/en\/#\/schema\/person\/56f07ec6715af61b0d0ed9835c282330","name":"Kim?","image":{"@type":"ImageObject","inLanguage":"lv-LV","@id":"https:\/\/kim.lv\/en\/#\/schema\/person\/image\/","url":"https:\/\/secure.gravatar.com\/avatar\/95e223367867817ed896bcfb04f433d88d871bfbb4f33c528e26ce5c2786508f?s=96&d=mm&r=g","contentUrl":"https:\/\/secure.gravatar.com\/avatar\/95e223367867817ed896bcfb04f433d88d871bfbb4f33c528e26ce5c2786508f?s=96&d=mm&r=g","caption":"Kim?"},"url":"https:\/\/kim.lv\/lv\/author\/kim\/"}]}},"_links":{"self":[{"href":"https:\/\/kim.lv\/lv\/wp-json\/wp\/v2\/posts\/2405","targetHints":{"allow":["GET"]}}],"collection":[{"href":"https:\/\/kim.lv\/lv\/wp-json\/wp\/v2\/posts"}],"about":[{"href":"https:\/\/kim.lv\/lv\/wp-json\/wp\/v2\/types\/post"}],"author":[{"embeddable":true,"href":"https:\/\/kim.lv\/lv\/wp-json\/wp\/v2\/users\/2"}],"replies":[{"embeddable":true,"href":"https:\/\/kim.lv\/lv\/wp-json\/wp\/v2\/comments?post=2405"}],"version-history":[{"count":3,"href":"https:\/\/kim.lv\/lv\/wp-json\/wp\/v2\/posts\/2405\/revisions"}],"predecessor-version":[{"id":2625,"href":"https:\/\/kim.lv\/lv\/wp-json\/wp\/v2\/posts\/2405\/revisions\/2625"}],"wp:attachment":[{"href":"https:\/\/kim.lv\/lv\/wp-json\/wp\/v2\/media?parent=2405"}],"wp:term":[{"taxonomy":"category","embeddable":true,"href":"https:\/\/kim.lv\/lv\/wp-json\/wp\/v2\/categories?post=2405"},{"taxonomy":"post_tag","embeddable":true,"href":"https:\/\/kim.lv\/lv\/wp-json\/wp\/v2\/tags?post=2405"}],"curies":[{"name":"wp","href":"https:\/\/api.w.org\/{rel}","templated":true}]}}