{"id":3633,"date":"2018-07-10T12:35:30","date_gmt":"2018-07-10T09:35:30","guid":{"rendered":"http:\/\/kim.lv\/?p=3633"},"modified":"2018-07-10T12:37:51","modified_gmt":"2018-07-10T09:37:51","slug":"guido-van-der-werve-exhibition-everything-is-going-to-be-alright","status":"publish","type":"post","link":"https:\/\/kim.lv\/lv\/guido-van-der-werve-exhibition-everything-is-going-to-be-alright\/","title":{"rendered":"Gvido van der Verves izst\u0101de &#8220;Viss b\u016bs k\u0101rt\u012bb\u0101&#8221;"},"content":{"rendered":"No 2009. gada 6. novembra l\u012bdz 13. decembrim Programmas nr. 6 ietvaros Kim? \/ VKN galerij\u0101 b\u016bs apskat\u0101ma jaun\u0101 un jau starptautisku atzin\u012bbu guvu\u0161\u0101 n\u012bderlandie\u0161u m\u0101kslinieka <a href=\"http:\/\/www.roofvogel.org\/\" target=\"_blank\" rel=\"noopener\">Gvido van der Verves<\/a> (<em>Guido van der Werve<\/em>, 1977) video darbu izst\u0101de &#8220;Viss b\u016bs k\u0101rt\u012bb\u0101&#8221;.<\/p>\n<p>Van der Verve, kur\u0161 savu laiku sadala starp N\u012bderlandi, ASV un Somiju, \u0161\u012b gada septembr\u012b viesoj\u0101s R\u012bg\u0101 ar lekciju, kur\u0101 st\u0101st\u012bja par savu rado\u0161o darb\u012bbu un n\u0101kotnes iecer\u0113m. \u0160oreiz <em>kim? <\/em>apmekl\u0113t\u0101jiem pied\u0101v\u0101 tik\u0161anos ar m\u0101kslinieka darbiem izst\u0101d\u0113, kura savu nosaukumu ir aizguvusi no 2007. gad\u0101 tapu\u0161\u0101 un 2008. gad\u0101 Eiropas Laikmet\u012bg\u0101s m\u0101kslas bienn\u0101l\u0113 <em>Manifesta7<\/em> izr\u0101d\u012bt\u0101 darba \u201eNummer acht. Viss b\u016bs k\u0101rt\u012bb\u0101\u201d <em>(Nummer acht. Everything is going to be alright)<\/em>. \u0160aj\u0101 film\u0101, kuru D\u017eesika Dousone <em>(Jessica Dawson)<\/em> no laikraksta <a href=\"http:\/\/www.washingtonpost.com\/wp-dyn\/content\/article\/2009\/08\/13\/AR2009081303268.html\" target=\"_blank\" rel=\"noopener\">&#8220;Washington Post&#8221;<\/a> v\u0113rt\u0113 k\u0101 cilv\u0113ka dz\u012bves metaforu, att\u0113lots k\u0101 m\u0101kslinieks skarbaj\u0101 Botnijas l\u012b\u010da ainav\u0101 so\u013co pa priek\u0161u ledlauzim \u201eSampo\u201d.<\/p>\n<p>Van der Verves filmas ir melanholijas, zaud\u0113juma un vientul\u012bbas pies\u0101tin\u0101tas un taj\u0101s jau\u0161ama sen miru\u0161u komponistu kl\u0101tb\u016btne, ta\u010du filmu gr\u016btsird\u012bgo noska\u0146u papildina kv\u0113la m\u012blest\u012bba pret melno humoru, kura tiek apliecin\u0101ta visnegaid\u012bt\u0101kajos br\u012b\u017eos. Pla\u0161i paz\u012bstamais laikmet\u012bg\u0101s m\u0101kslas \u017eurn\u0101ls <a href=\"http:\/\/www.frieze.com\/issue\/article\/guido_van_der_werve\/\" target=\"_blank\" rel=\"noopener\">&#8220;Frieze&#8221; <\/a>raksta, ka van der Verves filmas var\u0113tu b\u016bt v\u0101cu romantisma gleznot\u0101ja Kaspara D\u0101vida Fr\u012bdriha (<em>Caspar David Friedrich<\/em>, 1774-1840) sap\u0146i, ja vien vi\u0146am b\u016btu piemitusi humora izj\u016bta un pieeja video kamerai.<\/p>\n<p>Van der Verves darbi ir izst\u0101d\u012bti daudz\u0101s noz\u012bm\u012bg\u0101s izst\u0101\u017eu telp\u0101s Berl\u012bn\u0113, London\u0101, Par\u012bz\u0113, \u0145ujork\u0101 un citviet pasaul\u0113. \u0160oruden vi\u0146a darbi ir apskat\u0101mi Das Weisse Haus, V\u012bn\u0113, Austrij\u0101, L&#8217;Institut N\u00e9erlandais, Par\u012bz\u0113, Francij\u0101, Monitor Gallery, Rom\u0101, It\u0101lij\u0101, Marc Foxx Gallery, Losand\u017eelos\u0101, ASV un citviet.","protected":false},"excerpt":{"rendered":"<p>No 2009. gada 6. novembra l\u012bdz 13. decembrim Programmas nr. 6 ietvaros Kim? \/ VKN galerij\u0101 b\u016bs apskat\u0101ma jaun\u0101 un jau starptautisku atzin\u012bbu guvu\u0161\u0101 n\u012bderlandie\u0161u m\u0101kslinieka Gvido van der Verves (Guido van der Werve, 1977) video darbu izst\u0101de &#8220;Viss b\u016bs k\u0101rt\u012bb\u0101&#8221;. Van der Verve, kur\u0161 savu laiku sadala starp N\u012bderlandi, ASV un Somiju, \u0161\u012b gada [&hellip;]<\/p>\n","protected":false},"author":2,"featured_media":0,"comment_status":"open","ping_status":"open","sticky":false,"template":"","format":"standard","meta":{"inline_featured_image":false,"footnotes":""},"categories":[31,4,26],"tags":[],"class_list":["post-3633","post","type-post","status-publish","format-standard","hentry","category-31","category-kim-exhibitions","category-past-exhibitions"],"acf":[],"yoast_head":"<!-- This site is optimized with the Yoast SEO plugin v21.9 - https:\/\/yoast.com\/wordpress\/plugins\/seo\/ -->\n<title>Gvido van der Verves izst\u0101de &quot;Viss b\u016bs k\u0101rt\u012bb\u0101&quot; - Kim? Laikmet\u012bg\u0101s m\u0101kslas centrs<\/title>\n<meta name=\"robots\" content=\"index, follow, max-snippet:-1, max-image-preview:large, max-video-preview:-1\" \/>\n<link rel=\"canonical\" href=\"https:\/\/kim.lv\/en\/guido-van-der-werve-exhibition-everything-is-going-to-be-alright\/\" \/>\n<meta property=\"og:locale\" content=\"lv_LV\" \/>\n<meta property=\"og:type\" content=\"article\" \/>\n<meta property=\"og:title\" content=\"[:en]Guido van der Werve\u2019 exhibition &quot;Everything is going to be Alright&quot;[:lv]Gvido van der Verves izst\u0101de &quot;Viss b\u016bs k\u0101rt\u012bb\u0101&quot;[:] - Kim? Laikmet\u012bg\u0101s m\u0101kslas centrs\" \/>\n<meta property=\"og:description\" content=\"No 2009. gada 6. novembra l\u012bdz 13. decembrim Programmas nr. 6 ietvaros Kim? \/ VKN galerij\u0101 b\u016bs apskat\u0101ma jaun\u0101 un jau starptautisku atzin\u012bbu guvu\u0161\u0101 n\u012bderlandie\u0161u m\u0101kslinieka Gvido van der Verves (Guido van der Werve, 1977) video darbu izst\u0101de &#8220;Viss b\u016bs k\u0101rt\u012bb\u0101&#8221;. Van der Verve, kur\u0161 savu laiku sadala starp N\u012bderlandi, ASV un Somiju, \u0161\u012b gada [&hellip;]\" \/>\n<meta property=\"og:url\" content=\"https:\/\/kim.lv\/en\/guido-van-der-werve-exhibition-everything-is-going-to-be-alright\/\" \/>\n<meta property=\"og:site_name\" content=\"Kim? Laikmet\u012bg\u0101s m\u0101kslas centrs\" \/>\n<meta property=\"article:published_time\" content=\"2018-07-10T09:35:30+00:00\" \/>\n<meta property=\"article:modified_time\" content=\"2018-07-10T09:37:51+00:00\" \/>\n<meta name=\"author\" content=\"Kim?\" \/>\n<meta name=\"twitter:card\" content=\"summary_large_image\" \/>\n<meta name=\"twitter:label1\" content=\"Written by\" \/>\n\t<meta name=\"twitter:data1\" content=\"Kim?\" \/>\n\t<meta name=\"twitter:label2\" content=\"Est. reading time\" \/>\n\t<meta name=\"twitter:data2\" content=\"3 minutes\" \/>\n<script type=\"application\/ld+json\" class=\"yoast-schema-graph\">{\"@context\":\"https:\/\/schema.org\",\"@graph\":[{\"@type\":\"WebPage\",\"@id\":\"https:\/\/kim.lv\/en\/guido-van-der-werve-exhibition-everything-is-going-to-be-alright\/\",\"url\":\"https:\/\/kim.lv\/en\/guido-van-der-werve-exhibition-everything-is-going-to-be-alright\/\",\"name\":\"[:en]Guido van der Werve\u2019 exhibition \\\"Everything is going to be Alright\\\"[:lv]Gvido van der Verves izst\u0101de \\\"Viss b\u016bs k\u0101rt\u012bb\u0101\\\"[:] - Kim? Laikmet\u012bg\u0101s m\u0101kslas centrs\",\"isPartOf\":{\"@id\":\"https:\/\/kim.lv\/en\/#website\"},\"datePublished\":\"2018-07-10T09:35:30+00:00\",\"dateModified\":\"2018-07-10T09:37:51+00:00\",\"author\":{\"@id\":\"https:\/\/kim.lv\/en\/#\/schema\/person\/56f07ec6715af61b0d0ed9835c282330\"},\"breadcrumb\":{\"@id\":\"https:\/\/kim.lv\/en\/guido-van-der-werve-exhibition-everything-is-going-to-be-alright\/#breadcrumb\"},\"inLanguage\":\"lv-LV\",\"potentialAction\":[{\"@type\":\"ReadAction\",\"target\":[\"https:\/\/kim.lv\/en\/guido-van-der-werve-exhibition-everything-is-going-to-be-alright\/\"]}]},{\"@type\":\"BreadcrumbList\",\"@id\":\"https:\/\/kim.lv\/en\/guido-van-der-werve-exhibition-everything-is-going-to-be-alright\/#breadcrumb\",\"itemListElement\":[{\"@type\":\"ListItem\",\"position\":1,\"name\":\"Home\",\"item\":\"https:\/\/kim.lv\/\"},{\"@type\":\"ListItem\",\"position\":2,\"name\":\"Guido van der Werve\u2019 exhibition &#8220;Everything is going to be Alright&#8221;\"}]},{\"@type\":\"WebSite\",\"@id\":\"https:\/\/kim.lv\/en\/#website\",\"url\":\"https:\/\/kim.lv\/en\/\",\"name\":\"Kim? Laikmet\u012bg\u0101s m\u0101kslas centrs\",\"description\":\"\",\"potentialAction\":[{\"@type\":\"SearchAction\",\"target\":{\"@type\":\"EntryPoint\",\"urlTemplate\":\"https:\/\/kim.lv\/en\/?s={search_term_string}\"},\"query-input\":\"required name=search_term_string\"}],\"inLanguage\":\"lv-LV\"},{\"@type\":\"Person\",\"@id\":\"https:\/\/kim.lv\/en\/#\/schema\/person\/56f07ec6715af61b0d0ed9835c282330\",\"name\":\"Kim?\",\"image\":{\"@type\":\"ImageObject\",\"inLanguage\":\"lv-LV\",\"@id\":\"https:\/\/kim.lv\/en\/#\/schema\/person\/image\/\",\"url\":\"https:\/\/secure.gravatar.com\/avatar\/95e223367867817ed896bcfb04f433d88d871bfbb4f33c528e26ce5c2786508f?s=96&d=mm&r=g\",\"contentUrl\":\"https:\/\/secure.gravatar.com\/avatar\/95e223367867817ed896bcfb04f433d88d871bfbb4f33c528e26ce5c2786508f?s=96&d=mm&r=g\",\"caption\":\"Kim?\"},\"url\":\"https:\/\/kim.lv\/lv\/author\/kim\/\"}]}<\/script>\n<!-- \/ Yoast SEO plugin. -->","yoast_head_json":{"title":"[:en]Guido van der Werve\u2019 exhibition \"Everything is going to be Alright\"[:lv]Gvido van der Verves izst\u0101de \"Viss b\u016bs k\u0101rt\u012bb\u0101\"[:] - Kim? Laikmet\u012bg\u0101s m\u0101kslas centrs","robots":{"index":"index","follow":"follow","max-snippet":"max-snippet:-1","max-image-preview":"max-image-preview:large","max-video-preview":"max-video-preview:-1"},"canonical":"https:\/\/kim.lv\/en\/guido-van-der-werve-exhibition-everything-is-going-to-be-alright\/","og_locale":"lv_LV","og_type":"article","og_title":"[:en]Guido van der Werve\u2019 exhibition \"Everything is going to be Alright\"[:lv]Gvido van der Verves izst\u0101de \"Viss b\u016bs k\u0101rt\u012bb\u0101\"[:] - Kim? Laikmet\u012bg\u0101s m\u0101kslas centrs","og_description":"No 2009. gada 6. novembra l\u012bdz 13. decembrim Programmas nr. 6 ietvaros Kim? \/ VKN galerij\u0101 b\u016bs apskat\u0101ma jaun\u0101 un jau starptautisku atzin\u012bbu guvu\u0161\u0101 n\u012bderlandie\u0161u m\u0101kslinieka Gvido van der Verves (Guido van der Werve, 1977) video darbu izst\u0101de &#8220;Viss b\u016bs k\u0101rt\u012bb\u0101&#8221;. Van der Verve, kur\u0161 savu laiku sadala starp N\u012bderlandi, ASV un Somiju, \u0161\u012b gada [&hellip;]","og_url":"https:\/\/kim.lv\/en\/guido-van-der-werve-exhibition-everything-is-going-to-be-alright\/","og_site_name":"Kim? Laikmet\u012bg\u0101s m\u0101kslas centrs","article_published_time":"2018-07-10T09:35:30+00:00","article_modified_time":"2018-07-10T09:37:51+00:00","author":"Kim?","twitter_card":"summary_large_image","twitter_misc":{"Written by":"Kim?","Est. reading time":"3 minutes"},"schema":{"@context":"https:\/\/schema.org","@graph":[{"@type":"WebPage","@id":"https:\/\/kim.lv\/en\/guido-van-der-werve-exhibition-everything-is-going-to-be-alright\/","url":"https:\/\/kim.lv\/en\/guido-van-der-werve-exhibition-everything-is-going-to-be-alright\/","name":"[:en]Guido van der Werve\u2019 exhibition \"Everything is going to be Alright\"[:lv]Gvido van der Verves izst\u0101de \"Viss b\u016bs k\u0101rt\u012bb\u0101\"[:] - Kim? Laikmet\u012bg\u0101s m\u0101kslas centrs","isPartOf":{"@id":"https:\/\/kim.lv\/en\/#website"},"datePublished":"2018-07-10T09:35:30+00:00","dateModified":"2018-07-10T09:37:51+00:00","author":{"@id":"https:\/\/kim.lv\/en\/#\/schema\/person\/56f07ec6715af61b0d0ed9835c282330"},"breadcrumb":{"@id":"https:\/\/kim.lv\/en\/guido-van-der-werve-exhibition-everything-is-going-to-be-alright\/#breadcrumb"},"inLanguage":"lv-LV","potentialAction":[{"@type":"ReadAction","target":["https:\/\/kim.lv\/en\/guido-van-der-werve-exhibition-everything-is-going-to-be-alright\/"]}]},{"@type":"BreadcrumbList","@id":"https:\/\/kim.lv\/en\/guido-van-der-werve-exhibition-everything-is-going-to-be-alright\/#breadcrumb","itemListElement":[{"@type":"ListItem","position":1,"name":"Home","item":"https:\/\/kim.lv\/"},{"@type":"ListItem","position":2,"name":"Guido van der Werve\u2019 exhibition &#8220;Everything is going to be Alright&#8221;"}]},{"@type":"WebSite","@id":"https:\/\/kim.lv\/en\/#website","url":"https:\/\/kim.lv\/en\/","name":"Kim? Laikmet\u012bg\u0101s m\u0101kslas centrs","description":"","potentialAction":[{"@type":"SearchAction","target":{"@type":"EntryPoint","urlTemplate":"https:\/\/kim.lv\/en\/?s={search_term_string}"},"query-input":"required name=search_term_string"}],"inLanguage":"lv-LV"},{"@type":"Person","@id":"https:\/\/kim.lv\/en\/#\/schema\/person\/56f07ec6715af61b0d0ed9835c282330","name":"Kim?","image":{"@type":"ImageObject","inLanguage":"lv-LV","@id":"https:\/\/kim.lv\/en\/#\/schema\/person\/image\/","url":"https:\/\/secure.gravatar.com\/avatar\/95e223367867817ed896bcfb04f433d88d871bfbb4f33c528e26ce5c2786508f?s=96&d=mm&r=g","contentUrl":"https:\/\/secure.gravatar.com\/avatar\/95e223367867817ed896bcfb04f433d88d871bfbb4f33c528e26ce5c2786508f?s=96&d=mm&r=g","caption":"Kim?"},"url":"https:\/\/kim.lv\/lv\/author\/kim\/"}]}},"_links":{"self":[{"href":"https:\/\/kim.lv\/lv\/wp-json\/wp\/v2\/posts\/3633","targetHints":{"allow":["GET"]}}],"collection":[{"href":"https:\/\/kim.lv\/lv\/wp-json\/wp\/v2\/posts"}],"about":[{"href":"https:\/\/kim.lv\/lv\/wp-json\/wp\/v2\/types\/post"}],"author":[{"embeddable":true,"href":"https:\/\/kim.lv\/lv\/wp-json\/wp\/v2\/users\/2"}],"replies":[{"embeddable":true,"href":"https:\/\/kim.lv\/lv\/wp-json\/wp\/v2\/comments?post=3633"}],"version-history":[{"count":2,"href":"https:\/\/kim.lv\/lv\/wp-json\/wp\/v2\/posts\/3633\/revisions"}],"predecessor-version":[{"id":3639,"href":"https:\/\/kim.lv\/lv\/wp-json\/wp\/v2\/posts\/3633\/revisions\/3639"}],"wp:attachment":[{"href":"https:\/\/kim.lv\/lv\/wp-json\/wp\/v2\/media?parent=3633"}],"wp:term":[{"taxonomy":"category","embeddable":true,"href":"https:\/\/kim.lv\/lv\/wp-json\/wp\/v2\/categories?post=3633"},{"taxonomy":"post_tag","embeddable":true,"href":"https:\/\/kim.lv\/lv\/wp-json\/wp\/v2\/tags?post=3633"}],"curies":[{"name":"wp","href":"https:\/\/api.w.org\/{rel}","templated":true}]}}