{"id":3690,"date":"2018-07-10T16:17:37","date_gmt":"2018-07-10T13:17:37","guid":{"rendered":"http:\/\/kim.lv\/?p=3690"},"modified":"2018-07-10T16:17:37","modified_gmt":"2018-07-10T13:17:37","slug":"alana-platela-izrades-pitie-videoversija","status":"publish","type":"post","link":"https:\/\/kim.lv\/lv\/alana-platela-izrades-pitie-videoversija\/","title":{"rendered":"Alana Plat\u0113la izr\u0101des &#8220;pitie!&#8221; videoversija"},"content":{"rendered":"Kim? sadarb\u012bb\u0101 ar Latvijas Jaun\u0101 te\u0101tra instit\u016btu turpina vasar\u0101 aizs\u0101kto projektu &#8211; laikmet\u012bg\u0101 te\u0101tra re\u017eisoru un horeogr\u0101fu izr\u0101\u017eu demonstr\u0113\u0161anu videoversij\u0101s. Tuv\u0101kais seanss notiks jau otrdien, 1. decembr\u012b plkst. 19.00, kur\u0101 skat\u012bt\u0101ji tika iepaz\u012bstin\u0101ti ar be\u013c\u0123u komp\u0101nijas \u201eles ballet C de la B\u201d re\u017eisora un horeogr\u0101fa Alana Plat\u0113la jaun\u0101ko darbu \u201epitie!\u201d.<\/p>\n<p>Kolekt\u012bvu \u201eles ballet C de la B\u201d 1984. gad\u0101 Be\u013c\u0123ijas pils\u0113t\u0101 \u0122ent\u0113 nodibin\u0101ja horeogr\u0101fs un re\u017eisors Alans Plat\u0113ls (<em>Alain Platel<\/em>, 1956), sapulcinot savus radiniekus un draugus, lai izveidotu kop\u012bgu platformu m\u0101ksliniecisk\u0101m aktivit\u0101t\u0113m. Kop\u0161 t\u0101 laika kolekt\u012bvs ir ieguvis starptautisku atzin\u012bbu un taj\u0101 darbojas m\u0101kslinieki no visas pasaules. \u201eLes ballet C de la B\u201d parasti min kop\u0101 ar Vimu Vandekeibusu un <em>Ultima Vez<\/em>, komp\u0101niju <em>Rosas<\/em>, Janu Fabru un Janu Lauversu \u2013 Fl\u0101mu vilni, kas 90. gados ienesa radik\u0101las p\u0101rmai\u0146as fl\u0101mu te\u0101tra ainav\u0101.<\/p>\n<p>\u201eLes ballet C de la B\u201d ieguva pasaules slavu ar savu \u012bpatno eklektiski stilu, kur\u0101 l\u012bdzv\u0113rt\u012bg\u0101s proporcij\u0101s sajaucas laikmet\u012bg\u0101 deja, dr\u0101ma un m\u016bzika. Kolekt\u012bvam ir vair\u0101ki horeogr\u0101fi un liels dejot\u0101ju sast\u0101vs, kuru atlas\u0113 noteico\u0161ais krit\u0113rijs ir dejot\u0101ja person\u012bba un kult\u016bru da\u017e\u0101d\u012bba.<\/p>\n<p>Kolekt\u012bva dibin\u0101t\u0101js Alans Plat\u0113ls ofici\u0101li atst\u0101ja m\u0101ksliniecisk\u0101 vad\u012bt\u0101ja posteni p\u0113c vair\u0101ku veiksm\u012bgu izr\u0101\u017eu s\u0113rijas 1999. gad\u0101, ta\u010du v\u0113l\u0101k atgriez\u0101s pie re\u017eijas p\u0113c R\u016bras trienn\u0101les uzaicin\u0101juma veidot darbu ar Mocarta m\u016bziku. 2003. gad\u0101 tapa izr\u0101de \u201eVolfs\u201d, 2006. gad\u0101 Plat\u0113la aizrau\u0161an\u0101s ar m\u016bziku turpin\u0101j\u0101s izr\u0101d\u0113 \u201evsprs\u201d, kur\u0101 Plat\u0113ls pirmo reizi sadarboj\u0101s ar komponistu Fabricio Kassolu. Izr\u0101de k\u013cuva par pagrieziena punktu Plat\u0113la dai\u013crad\u0113 \u2013 l\u012bdz \u0161im vi\u0146am bija rakstur\u012bgi vien\u0101 izr\u0101d\u0113 aptvert \u0101rk\u0101rt\u012bgi daudz un da\u017e\u0101du t\u0113mu, radot spilgtu un pies\u0101tin\u0101tu haosu. Bet s\u0101kot ar \u201evsprs\u201d Plat\u0113la darbi ieguva dzi\u013cumu un intensit\u0101ti, vair\u0101k koncentr\u0113joties uz cilv\u0113ka iek\u0161\u0113jiem emocion\u0101liem p\u0101rdz\u012bvojumiem un kaisl\u012bb\u0101m. \u0160is virziens ir ieguvis kulmin\u0101ciju darb\u0101 \u201epietie!\u201d (2008), kas balst\u012bts uz Baha br\u012bni\u0161\u0137\u012bgo darbu \u201eMateja pasija\u201d.<\/p>\n<p>Komponists Fabricio Kassols ir adapt\u0113jis Baha \u0161edevru, transform\u0113jot cie\u0161anu slavin\u0101\u0161anu un padzi\u013cinot \u017e\u0113lsird\u012bbas un iek\u0161\u0113j\u0101s upur\u0113\u0161anas t\u0113mu. Savuk\u0101rt Plat\u0113ls kop\u0101 ar savu virtuozo dejot\u0101ju ansambli ir izstr\u0101d\u0101jis dejas formu, kas pan\u0101k sak\u0101pin\u0101tu emociju interpret\u0101ciju caur fizisko \u0137ermeni un tiecas p\u0101rsniegt indiv\u012bda robe\u017eas. M\u0113\u0123in\u0101jumu proces\u0101 kust\u012bbas tiek nodotas vienam caur otru l\u012bdz t\u0101s ieg\u016bst dabisku krop\u013cojumu un vairs neapz\u012bm\u0113 k\u0101du konkr\u0113tu identit\u0101ti. Sekojot Plat\u0113la un Kassola v\u0113lmei r\u0101d\u012bt lietu iek\u0161\u0113jo dabu un \u201eaizrakties\u201d l\u012bdz s\u0101p\u012bgi int\u012bmajam, izr\u0101di var sal\u012bdzin\u0101t ar uzpl\u0113stu br\u016bci, kas, uzl\u016bkota ar \u017e\u0113lsird\u012bbu, ieg\u016bst skaistumu. K\u0101 ar\u012b cit\u0101s Plat\u0113la izr\u0101d\u0113s, skat\u012bt\u0101ja bauda ir v\u0113rot ne vien meistar\u012bgi or\u0137estr\u0113to haosu, bet ar\u012b apbr\u012bnot izr\u0101des kr\u0101\u0161\u0146o, izcili talant\u012bgu m\u0101kslinieku ansambli, kur\u0101 l\u012bdz\u0101s dejot\u0101jiem piedal\u0101s m\u016bzi\u0137i un operas solisti.","protected":false},"excerpt":{"rendered":"<p>Kim? sadarb\u012bb\u0101 ar Latvijas Jaun\u0101 te\u0101tra instit\u016btu turpina vasar\u0101 aizs\u0101kto projektu &#8211; laikmet\u012bg\u0101 te\u0101tra re\u017eisoru un horeogr\u0101fu izr\u0101\u017eu demonstr\u0113\u0161anu videoversij\u0101s. Tuv\u0101kais seanss notiks jau otrdien, 1. decembr\u012b plkst. 19.00, kur\u0101 skat\u012bt\u0101ji tika iepaz\u012bstin\u0101ti ar be\u013c\u0123u komp\u0101nijas \u201eles ballet C de la B\u201d re\u017eisora un horeogr\u0101fa Alana Plat\u0113la jaun\u0101ko darbu \u201epitie!\u201d. Kolekt\u012bvu \u201eles ballet C de [&hellip;]<\/p>\n","protected":false},"author":2,"featured_media":0,"comment_status":"open","ping_status":"open","sticky":false,"template":"","format":"standard","meta":{"inline_featured_image":false,"footnotes":""},"categories":[33,5,25],"tags":[],"class_list":["post-3690","post","type-post","status-publish","format-standard","hentry","category-2009-past-events","category-kim-events","category-past-events"],"acf":[],"yoast_head":"<!-- This site is optimized with the Yoast SEO plugin v21.9 - https:\/\/yoast.com\/wordpress\/plugins\/seo\/ -->\n<title>Alana Plat\u0113la izr\u0101des &quot;pitie!&quot; videoversija - Kim? Laikmet\u012bg\u0101s m\u0101kslas centrs<\/title>\n<meta name=\"robots\" content=\"index, follow, max-snippet:-1, max-image-preview:large, max-video-preview:-1\" \/>\n<link rel=\"canonical\" href=\"https:\/\/kim.lv\/en\/alana-platela-izrades-pitie-videoversija\/\" \/>\n<meta property=\"og:locale\" content=\"lv_LV\" \/>\n<meta property=\"og:type\" content=\"article\" \/>\n<meta property=\"og:title\" content=\"[:en]Video version of Alain Platel&#039;s &quot;piti\u00e9!&quot; [:lv]Alana Plat\u0113la izr\u0101des &quot;pitie!&quot; videoversija[:] - Kim? Laikmet\u012bg\u0101s m\u0101kslas centrs\" \/>\n<meta property=\"og:description\" content=\"Kim? sadarb\u012bb\u0101 ar Latvijas Jaun\u0101 te\u0101tra instit\u016btu turpina vasar\u0101 aizs\u0101kto projektu &#8211; laikmet\u012bg\u0101 te\u0101tra re\u017eisoru un horeogr\u0101fu izr\u0101\u017eu demonstr\u0113\u0161anu videoversij\u0101s. Tuv\u0101kais seanss notiks jau otrdien, 1. decembr\u012b plkst. 19.00, kur\u0101 skat\u012bt\u0101ji tika iepaz\u012bstin\u0101ti ar be\u013c\u0123u komp\u0101nijas \u201eles ballet C de la B\u201d re\u017eisora un horeogr\u0101fa Alana Plat\u0113la jaun\u0101ko darbu \u201epitie!\u201d. Kolekt\u012bvu \u201eles ballet C de [&hellip;]\" \/>\n<meta property=\"og:url\" content=\"https:\/\/kim.lv\/en\/alana-platela-izrades-pitie-videoversija\/\" \/>\n<meta property=\"og:site_name\" content=\"Kim? Laikmet\u012bg\u0101s m\u0101kslas centrs\" \/>\n<meta property=\"article:published_time\" content=\"2018-07-10T13:17:37+00:00\" \/>\n<meta name=\"author\" content=\"Kim?\" \/>\n<meta name=\"twitter:card\" content=\"summary_large_image\" \/>\n<meta name=\"twitter:label1\" content=\"Written by\" \/>\n\t<meta name=\"twitter:data1\" content=\"Kim?\" \/>\n\t<meta name=\"twitter:label2\" content=\"Est. reading time\" \/>\n\t<meta name=\"twitter:data2\" content=\"3 minutes\" \/>\n<script type=\"application\/ld+json\" class=\"yoast-schema-graph\">{\"@context\":\"https:\/\/schema.org\",\"@graph\":[{\"@type\":\"WebPage\",\"@id\":\"https:\/\/kim.lv\/en\/alana-platela-izrades-pitie-videoversija\/\",\"url\":\"https:\/\/kim.lv\/en\/alana-platela-izrades-pitie-videoversija\/\",\"name\":\"[:en]Video version of Alain Platel's \\\"piti\u00e9!\\\" [:lv]Alana Plat\u0113la izr\u0101des \\\"pitie!\\\" videoversija[:] - Kim? Laikmet\u012bg\u0101s m\u0101kslas centrs\",\"isPartOf\":{\"@id\":\"https:\/\/kim.lv\/en\/#website\"},\"datePublished\":\"2018-07-10T13:17:37+00:00\",\"dateModified\":\"2018-07-10T13:17:37+00:00\",\"author\":{\"@id\":\"https:\/\/kim.lv\/en\/#\/schema\/person\/56f07ec6715af61b0d0ed9835c282330\"},\"breadcrumb\":{\"@id\":\"https:\/\/kim.lv\/en\/alana-platela-izrades-pitie-videoversija\/#breadcrumb\"},\"inLanguage\":\"lv-LV\",\"potentialAction\":[{\"@type\":\"ReadAction\",\"target\":[\"https:\/\/kim.lv\/en\/alana-platela-izrades-pitie-videoversija\/\"]}]},{\"@type\":\"BreadcrumbList\",\"@id\":\"https:\/\/kim.lv\/en\/alana-platela-izrades-pitie-videoversija\/#breadcrumb\",\"itemListElement\":[{\"@type\":\"ListItem\",\"position\":1,\"name\":\"Home\",\"item\":\"https:\/\/kim.lv\/\"},{\"@type\":\"ListItem\",\"position\":2,\"name\":\"Video version of Alain Platel&#8217;s &#8220;piti\u00e9!&#8221;\"}]},{\"@type\":\"WebSite\",\"@id\":\"https:\/\/kim.lv\/en\/#website\",\"url\":\"https:\/\/kim.lv\/en\/\",\"name\":\"Kim? Laikmet\u012bg\u0101s m\u0101kslas centrs\",\"description\":\"\",\"potentialAction\":[{\"@type\":\"SearchAction\",\"target\":{\"@type\":\"EntryPoint\",\"urlTemplate\":\"https:\/\/kim.lv\/en\/?s={search_term_string}\"},\"query-input\":\"required name=search_term_string\"}],\"inLanguage\":\"lv-LV\"},{\"@type\":\"Person\",\"@id\":\"https:\/\/kim.lv\/en\/#\/schema\/person\/56f07ec6715af61b0d0ed9835c282330\",\"name\":\"Kim?\",\"image\":{\"@type\":\"ImageObject\",\"inLanguage\":\"lv-LV\",\"@id\":\"https:\/\/kim.lv\/en\/#\/schema\/person\/image\/\",\"url\":\"https:\/\/secure.gravatar.com\/avatar\/95e223367867817ed896bcfb04f433d88d871bfbb4f33c528e26ce5c2786508f?s=96&d=mm&r=g\",\"contentUrl\":\"https:\/\/secure.gravatar.com\/avatar\/95e223367867817ed896bcfb04f433d88d871bfbb4f33c528e26ce5c2786508f?s=96&d=mm&r=g\",\"caption\":\"Kim?\"},\"url\":\"https:\/\/kim.lv\/lv\/author\/kim\/\"}]}<\/script>\n<!-- \/ Yoast SEO plugin. -->","yoast_head_json":{"title":"[:en]Video version of Alain Platel's \"piti\u00e9!\" [:lv]Alana Plat\u0113la izr\u0101des \"pitie!\" videoversija[:] - Kim? Laikmet\u012bg\u0101s m\u0101kslas centrs","robots":{"index":"index","follow":"follow","max-snippet":"max-snippet:-1","max-image-preview":"max-image-preview:large","max-video-preview":"max-video-preview:-1"},"canonical":"https:\/\/kim.lv\/en\/alana-platela-izrades-pitie-videoversija\/","og_locale":"lv_LV","og_type":"article","og_title":"[:en]Video version of Alain Platel's \"piti\u00e9!\" [:lv]Alana Plat\u0113la izr\u0101des \"pitie!\" videoversija[:] - Kim? Laikmet\u012bg\u0101s m\u0101kslas centrs","og_description":"Kim? sadarb\u012bb\u0101 ar Latvijas Jaun\u0101 te\u0101tra instit\u016btu turpina vasar\u0101 aizs\u0101kto projektu &#8211; laikmet\u012bg\u0101 te\u0101tra re\u017eisoru un horeogr\u0101fu izr\u0101\u017eu demonstr\u0113\u0161anu videoversij\u0101s. Tuv\u0101kais seanss notiks jau otrdien, 1. decembr\u012b plkst. 19.00, kur\u0101 skat\u012bt\u0101ji tika iepaz\u012bstin\u0101ti ar be\u013c\u0123u komp\u0101nijas \u201eles ballet C de la B\u201d re\u017eisora un horeogr\u0101fa Alana Plat\u0113la jaun\u0101ko darbu \u201epitie!\u201d. Kolekt\u012bvu \u201eles ballet C de [&hellip;]","og_url":"https:\/\/kim.lv\/en\/alana-platela-izrades-pitie-videoversija\/","og_site_name":"Kim? Laikmet\u012bg\u0101s m\u0101kslas centrs","article_published_time":"2018-07-10T13:17:37+00:00","author":"Kim?","twitter_card":"summary_large_image","twitter_misc":{"Written by":"Kim?","Est. reading time":"3 minutes"},"schema":{"@context":"https:\/\/schema.org","@graph":[{"@type":"WebPage","@id":"https:\/\/kim.lv\/en\/alana-platela-izrades-pitie-videoversija\/","url":"https:\/\/kim.lv\/en\/alana-platela-izrades-pitie-videoversija\/","name":"[:en]Video version of Alain Platel's \"piti\u00e9!\" [:lv]Alana Plat\u0113la izr\u0101des \"pitie!\" videoversija[:] - Kim? Laikmet\u012bg\u0101s m\u0101kslas centrs","isPartOf":{"@id":"https:\/\/kim.lv\/en\/#website"},"datePublished":"2018-07-10T13:17:37+00:00","dateModified":"2018-07-10T13:17:37+00:00","author":{"@id":"https:\/\/kim.lv\/en\/#\/schema\/person\/56f07ec6715af61b0d0ed9835c282330"},"breadcrumb":{"@id":"https:\/\/kim.lv\/en\/alana-platela-izrades-pitie-videoversija\/#breadcrumb"},"inLanguage":"lv-LV","potentialAction":[{"@type":"ReadAction","target":["https:\/\/kim.lv\/en\/alana-platela-izrades-pitie-videoversija\/"]}]},{"@type":"BreadcrumbList","@id":"https:\/\/kim.lv\/en\/alana-platela-izrades-pitie-videoversija\/#breadcrumb","itemListElement":[{"@type":"ListItem","position":1,"name":"Home","item":"https:\/\/kim.lv\/"},{"@type":"ListItem","position":2,"name":"Video version of Alain Platel&#8217;s &#8220;piti\u00e9!&#8221;"}]},{"@type":"WebSite","@id":"https:\/\/kim.lv\/en\/#website","url":"https:\/\/kim.lv\/en\/","name":"Kim? Laikmet\u012bg\u0101s m\u0101kslas centrs","description":"","potentialAction":[{"@type":"SearchAction","target":{"@type":"EntryPoint","urlTemplate":"https:\/\/kim.lv\/en\/?s={search_term_string}"},"query-input":"required name=search_term_string"}],"inLanguage":"lv-LV"},{"@type":"Person","@id":"https:\/\/kim.lv\/en\/#\/schema\/person\/56f07ec6715af61b0d0ed9835c282330","name":"Kim?","image":{"@type":"ImageObject","inLanguage":"lv-LV","@id":"https:\/\/kim.lv\/en\/#\/schema\/person\/image\/","url":"https:\/\/secure.gravatar.com\/avatar\/95e223367867817ed896bcfb04f433d88d871bfbb4f33c528e26ce5c2786508f?s=96&d=mm&r=g","contentUrl":"https:\/\/secure.gravatar.com\/avatar\/95e223367867817ed896bcfb04f433d88d871bfbb4f33c528e26ce5c2786508f?s=96&d=mm&r=g","caption":"Kim?"},"url":"https:\/\/kim.lv\/lv\/author\/kim\/"}]}},"_links":{"self":[{"href":"https:\/\/kim.lv\/lv\/wp-json\/wp\/v2\/posts\/3690","targetHints":{"allow":["GET"]}}],"collection":[{"href":"https:\/\/kim.lv\/lv\/wp-json\/wp\/v2\/posts"}],"about":[{"href":"https:\/\/kim.lv\/lv\/wp-json\/wp\/v2\/types\/post"}],"author":[{"embeddable":true,"href":"https:\/\/kim.lv\/lv\/wp-json\/wp\/v2\/users\/2"}],"replies":[{"embeddable":true,"href":"https:\/\/kim.lv\/lv\/wp-json\/wp\/v2\/comments?post=3690"}],"version-history":[{"count":1,"href":"https:\/\/kim.lv\/lv\/wp-json\/wp\/v2\/posts\/3690\/revisions"}],"predecessor-version":[{"id":3694,"href":"https:\/\/kim.lv\/lv\/wp-json\/wp\/v2\/posts\/3690\/revisions\/3694"}],"wp:attachment":[{"href":"https:\/\/kim.lv\/lv\/wp-json\/wp\/v2\/media?parent=3690"}],"wp:term":[{"taxonomy":"category","embeddable":true,"href":"https:\/\/kim.lv\/lv\/wp-json\/wp\/v2\/categories?post=3690"},{"taxonomy":"post_tag","embeddable":true,"href":"https:\/\/kim.lv\/lv\/wp-json\/wp\/v2\/tags?post=3690"}],"curies":[{"name":"wp","href":"https:\/\/api.w.org\/{rel}","templated":true}]}}