{"id":3777,"date":"2018-07-12T01:59:42","date_gmt":"2018-07-11T22:59:42","guid":{"rendered":"http:\/\/kim.lv\/?p=3777"},"modified":"2018-07-12T01:59:42","modified_gmt":"2018-07-11T22:59:42","slug":"kaspara-podnieka-izstade-neparasta-vieta","status":"publish","type":"post","link":"https:\/\/kim.lv\/lv\/kaspara-podnieka-izstade-neparasta-vieta\/","title":{"rendered":"Kaspara Podnieka izst\u0101de &#8220;Neparasta vieta&#8221;"},"content":{"rendered":"No\u00a0 2010. gada 16. janv\u0101ra l\u012bdz 7. febru\u0101rim\u00a0 Programmas nr. 7 ietvaros Kim? \/ VKN galerij\u0101 bija apskat\u0101ma m\u0101kslinieka Kaspara Podnieka (1980) izst\u0101de \u201eNeparasta vieta\u201d. Ekspon\u0113tie darbi turpina fotogr\u0101fiju s\u0113riju, kas l\u012bdz\u0101s Oj\u0101ra P\u0113tersona, Monikas Pormales, J\u0101\u0146a Garan\u010da un citu m\u0101kslinieku darbiem bija apskat\u0101ma izst\u0101d\u0113\u00a0<a href=\"http:\/\/www.cesufestivals.lv\/lat\/programma\/?doc=39&amp;filter=1\" target=\"_blank\" rel=\"noopener\">\u201eM\u016bslaiku varo\u0146i\u201d<\/a>\u00a0C\u0113s\u012bs 2009. gada vasar\u0101.<\/p>\n<p>J\u0113dziens \u201evieta\u201d, kuru var vienl\u012bdz labi saprast gan k\u0101 k\u0101das virsmas da\u013cu, gan ie\u0146emamo st\u0101vokli sabiedr\u012bb\u0101, gan m\u0101kslas darba fragmentu, m\u0101kslinieka Kaspara Podnieka rado\u0161aj\u0101 darb\u012bb\u0101 rod reiz\u0113 fizisku un gar\u012bgu noz\u012bmi. K\u0101 saka pats m\u0101kslinieks: \u201eMan, darbojoties m\u0101ksl\u0101, b\u016btiski atskaites punkti un izp\u0113tes objekti ir saist\u012bti ar Drustiem. No turienes n\u0101ku un tur esmu. Tur man rodas dro\u0161\u012bba, ka darbs b\u016bs patiess un l\u012bdz ar to noder\u012bgs ar\u012b citiem.\u201d<\/p>\n<p>Izst\u0101d\u0113 \u201eNeparasta vieta\u201d bija apskat\u0101mas fotogr\u0101fijas un video, kas r\u0101da m\u0101kslinieku levit\u0113jam virs ezera, lauku ce\u013ca, p\u013cavas. Zemes pievilk\u0161anas sp\u0113ku m\u0101ksliniekam ir izdevies p\u0101rvar\u0113t nevis pateicoties m\u016bsdienu digit\u0101lo tehnolo\u0123iju pied\u0101v\u0101taj\u0101m iesp\u0113j\u0101m, bet gan ar sare\u017e\u0123\u012btu un darbietilp\u012bgu konstrukciju pal\u012bdz\u012bbu, t\u0101 teikt, visu izdarot \u201epa \u012bstam\u201d. Tie\u0161i \u0161is \u201epa \u012bstam\u201d \u013cauj par m\u0101kslinieka darb\u012bbu run\u0101t k\u0101 zemnieciski pamat\u012bgu, stabilu un v\u0113rien\u012bgu, kam piem\u012bt ar\u012b deva racion\u0101la hum\u0101nisma.\u00a0<a href=\"http:\/\/www.studija.lv\/\" target=\"_blank\" rel=\"noopener\">(\u201eStudija\u201d 40\/2005)<\/a><\/p>\n<p>Kaspars Podnieks dz\u012bvo un str\u0101d\u0101 Drustos. Izgl\u012bt\u012bbu ir ieguvis Latvijas M\u0101kslas akad\u0113mijas Vizu\u0101l\u0101s komunik\u0101cijas noda\u013c\u0101. 2008. gad\u0101 piedal\u012bjies starptautisk\u0101s laikmet\u012bg\u0101s m\u0101kslas izst\u0101d\u0113s \u201cTime Will Show\u201d Flensburg\u0101, V\u0101cij\u0101 un \u201cBuket\u201d Maskav\u0101, Krievij\u0101.<\/p>\n<p>Par Drustiem vair\u0101k var uzzin\u0101t Sigurda Rusma\u0146a rakst\u0101\u00a0<a href=\"http:\/\/old.kim.lv\/uploads\/file\/Drustos%20daudz%20neparasta.pdf\" target=\"_blank\" rel=\"noopener\">\u201eDrustos daudz neparasta\u201d<\/a>, kas public\u0113ts laikrakst\u0101 \u201eDruva\u201d (public\u0113\u0161anas datums: 2007. gada 20. marts, 2007. gada 24. apr\u012blis).","protected":false},"excerpt":{"rendered":"<p>No\u00a0 2010. gada 16. janv\u0101ra l\u012bdz 7. febru\u0101rim\u00a0 Programmas nr. 7 ietvaros Kim? \/ VKN galerij\u0101 bija apskat\u0101ma m\u0101kslinieka Kaspara Podnieka (1980) izst\u0101de \u201eNeparasta vieta\u201d. Ekspon\u0113tie darbi turpina fotogr\u0101fiju s\u0113riju, kas l\u012bdz\u0101s Oj\u0101ra P\u0113tersona, Monikas Pormales, J\u0101\u0146a Garan\u010da un citu m\u0101kslinieku darbiem bija apskat\u0101ma izst\u0101d\u0113\u00a0\u201eM\u016bslaiku varo\u0146i\u201d\u00a0C\u0113s\u012bs 2009. gada vasar\u0101. J\u0113dziens \u201evieta\u201d, kuru var vienl\u012bdz labi [&hellip;]<\/p>\n","protected":false},"author":2,"featured_media":0,"comment_status":"open","ping_status":"open","sticky":false,"template":"","format":"standard","meta":{"inline_featured_image":false,"footnotes":""},"categories":[32,4,26],"tags":[],"class_list":["post-3777","post","type-post","status-publish","format-standard","hentry","category-32","category-kim-exhibitions","category-past-exhibitions"],"acf":[],"yoast_head":"<!-- This site is optimized with the Yoast SEO plugin v21.9 - https:\/\/yoast.com\/wordpress\/plugins\/seo\/ -->\n<title>Kaspara Podnieka izst\u0101de &quot;Neparasta vieta&quot; - Kim? Laikmet\u012bg\u0101s m\u0101kslas centrs<\/title>\n<meta name=\"robots\" content=\"index, follow, max-snippet:-1, max-image-preview:large, max-video-preview:-1\" \/>\n<link rel=\"canonical\" href=\"https:\/\/kim.lv\/en\/kaspara-podnieka-izstade-neparasta-vieta\/\" \/>\n<meta property=\"og:locale\" content=\"lv_LV\" \/>\n<meta property=\"og:type\" content=\"article\" \/>\n<meta property=\"og:title\" content=\"[:en]Kaspars Podnieks&#039; exhibition &quot;Unusual Place&quot;[:lv]Kaspara Podnieka izst\u0101de &quot;Neparasta vieta&quot;[:] - Kim? Laikmet\u012bg\u0101s m\u0101kslas centrs\" \/>\n<meta property=\"og:description\" content=\"No\u00a0 2010. gada 16. janv\u0101ra l\u012bdz 7. febru\u0101rim\u00a0 Programmas nr. 7 ietvaros Kim? \/ VKN galerij\u0101 bija apskat\u0101ma m\u0101kslinieka Kaspara Podnieka (1980) izst\u0101de \u201eNeparasta vieta\u201d. Ekspon\u0113tie darbi turpina fotogr\u0101fiju s\u0113riju, kas l\u012bdz\u0101s Oj\u0101ra P\u0113tersona, Monikas Pormales, J\u0101\u0146a Garan\u010da un citu m\u0101kslinieku darbiem bija apskat\u0101ma izst\u0101d\u0113\u00a0\u201eM\u016bslaiku varo\u0146i\u201d\u00a0C\u0113s\u012bs 2009. gada vasar\u0101. J\u0113dziens \u201evieta\u201d, kuru var vienl\u012bdz labi [&hellip;]\" \/>\n<meta property=\"og:url\" content=\"https:\/\/kim.lv\/en\/kaspara-podnieka-izstade-neparasta-vieta\/\" \/>\n<meta property=\"og:site_name\" content=\"Kim? Laikmet\u012bg\u0101s m\u0101kslas centrs\" \/>\n<meta property=\"article:published_time\" content=\"2018-07-11T22:59:42+00:00\" \/>\n<meta name=\"author\" content=\"Kim?\" \/>\n<meta name=\"twitter:card\" content=\"summary_large_image\" \/>\n<meta name=\"twitter:label1\" content=\"Written by\" \/>\n\t<meta name=\"twitter:data1\" content=\"Kim?\" \/>\n\t<meta name=\"twitter:label2\" content=\"Est. reading time\" \/>\n\t<meta name=\"twitter:data2\" content=\"3 minutes\" \/>\n<script type=\"application\/ld+json\" class=\"yoast-schema-graph\">{\"@context\":\"https:\/\/schema.org\",\"@graph\":[{\"@type\":\"WebPage\",\"@id\":\"https:\/\/kim.lv\/en\/kaspara-podnieka-izstade-neparasta-vieta\/\",\"url\":\"https:\/\/kim.lv\/en\/kaspara-podnieka-izstade-neparasta-vieta\/\",\"name\":\"[:en]Kaspars Podnieks' exhibition \\\"Unusual Place\\\"[:lv]Kaspara Podnieka izst\u0101de \\\"Neparasta vieta\\\"[:] - Kim? Laikmet\u012bg\u0101s m\u0101kslas centrs\",\"isPartOf\":{\"@id\":\"https:\/\/kim.lv\/en\/#website\"},\"datePublished\":\"2018-07-11T22:59:42+00:00\",\"dateModified\":\"2018-07-11T22:59:42+00:00\",\"author\":{\"@id\":\"https:\/\/kim.lv\/en\/#\/schema\/person\/56f07ec6715af61b0d0ed9835c282330\"},\"breadcrumb\":{\"@id\":\"https:\/\/kim.lv\/en\/kaspara-podnieka-izstade-neparasta-vieta\/#breadcrumb\"},\"inLanguage\":\"lv-LV\",\"potentialAction\":[{\"@type\":\"ReadAction\",\"target\":[\"https:\/\/kim.lv\/en\/kaspara-podnieka-izstade-neparasta-vieta\/\"]}]},{\"@type\":\"BreadcrumbList\",\"@id\":\"https:\/\/kim.lv\/en\/kaspara-podnieka-izstade-neparasta-vieta\/#breadcrumb\",\"itemListElement\":[{\"@type\":\"ListItem\",\"position\":1,\"name\":\"Home\",\"item\":\"https:\/\/kim.lv\/\"},{\"@type\":\"ListItem\",\"position\":2,\"name\":\"Kaspars Podnieks&#8217; exhibition &#8220;Unusual Place&#8221;\"}]},{\"@type\":\"WebSite\",\"@id\":\"https:\/\/kim.lv\/en\/#website\",\"url\":\"https:\/\/kim.lv\/en\/\",\"name\":\"Kim? Laikmet\u012bg\u0101s m\u0101kslas centrs\",\"description\":\"\",\"potentialAction\":[{\"@type\":\"SearchAction\",\"target\":{\"@type\":\"EntryPoint\",\"urlTemplate\":\"https:\/\/kim.lv\/en\/?s={search_term_string}\"},\"query-input\":\"required name=search_term_string\"}],\"inLanguage\":\"lv-LV\"},{\"@type\":\"Person\",\"@id\":\"https:\/\/kim.lv\/en\/#\/schema\/person\/56f07ec6715af61b0d0ed9835c282330\",\"name\":\"Kim?\",\"image\":{\"@type\":\"ImageObject\",\"inLanguage\":\"lv-LV\",\"@id\":\"https:\/\/kim.lv\/en\/#\/schema\/person\/image\/\",\"url\":\"https:\/\/secure.gravatar.com\/avatar\/95e223367867817ed896bcfb04f433d88d871bfbb4f33c528e26ce5c2786508f?s=96&d=mm&r=g\",\"contentUrl\":\"https:\/\/secure.gravatar.com\/avatar\/95e223367867817ed896bcfb04f433d88d871bfbb4f33c528e26ce5c2786508f?s=96&d=mm&r=g\",\"caption\":\"Kim?\"},\"url\":\"https:\/\/kim.lv\/lv\/author\/kim\/\"}]}<\/script>\n<!-- \/ Yoast SEO plugin. -->","yoast_head_json":{"title":"[:en]Kaspars Podnieks' exhibition \"Unusual Place\"[:lv]Kaspara Podnieka izst\u0101de \"Neparasta vieta\"[:] - Kim? Laikmet\u012bg\u0101s m\u0101kslas centrs","robots":{"index":"index","follow":"follow","max-snippet":"max-snippet:-1","max-image-preview":"max-image-preview:large","max-video-preview":"max-video-preview:-1"},"canonical":"https:\/\/kim.lv\/en\/kaspara-podnieka-izstade-neparasta-vieta\/","og_locale":"lv_LV","og_type":"article","og_title":"[:en]Kaspars Podnieks' exhibition \"Unusual Place\"[:lv]Kaspara Podnieka izst\u0101de \"Neparasta vieta\"[:] - Kim? Laikmet\u012bg\u0101s m\u0101kslas centrs","og_description":"No\u00a0 2010. gada 16. janv\u0101ra l\u012bdz 7. febru\u0101rim\u00a0 Programmas nr. 7 ietvaros Kim? \/ VKN galerij\u0101 bija apskat\u0101ma m\u0101kslinieka Kaspara Podnieka (1980) izst\u0101de \u201eNeparasta vieta\u201d. Ekspon\u0113tie darbi turpina fotogr\u0101fiju s\u0113riju, kas l\u012bdz\u0101s Oj\u0101ra P\u0113tersona, Monikas Pormales, J\u0101\u0146a Garan\u010da un citu m\u0101kslinieku darbiem bija apskat\u0101ma izst\u0101d\u0113\u00a0\u201eM\u016bslaiku varo\u0146i\u201d\u00a0C\u0113s\u012bs 2009. gada vasar\u0101. J\u0113dziens \u201evieta\u201d, kuru var vienl\u012bdz labi [&hellip;]","og_url":"https:\/\/kim.lv\/en\/kaspara-podnieka-izstade-neparasta-vieta\/","og_site_name":"Kim? Laikmet\u012bg\u0101s m\u0101kslas centrs","article_published_time":"2018-07-11T22:59:42+00:00","author":"Kim?","twitter_card":"summary_large_image","twitter_misc":{"Written by":"Kim?","Est. reading time":"3 minutes"},"schema":{"@context":"https:\/\/schema.org","@graph":[{"@type":"WebPage","@id":"https:\/\/kim.lv\/en\/kaspara-podnieka-izstade-neparasta-vieta\/","url":"https:\/\/kim.lv\/en\/kaspara-podnieka-izstade-neparasta-vieta\/","name":"[:en]Kaspars Podnieks' exhibition \"Unusual Place\"[:lv]Kaspara Podnieka izst\u0101de \"Neparasta vieta\"[:] - Kim? Laikmet\u012bg\u0101s m\u0101kslas centrs","isPartOf":{"@id":"https:\/\/kim.lv\/en\/#website"},"datePublished":"2018-07-11T22:59:42+00:00","dateModified":"2018-07-11T22:59:42+00:00","author":{"@id":"https:\/\/kim.lv\/en\/#\/schema\/person\/56f07ec6715af61b0d0ed9835c282330"},"breadcrumb":{"@id":"https:\/\/kim.lv\/en\/kaspara-podnieka-izstade-neparasta-vieta\/#breadcrumb"},"inLanguage":"lv-LV","potentialAction":[{"@type":"ReadAction","target":["https:\/\/kim.lv\/en\/kaspara-podnieka-izstade-neparasta-vieta\/"]}]},{"@type":"BreadcrumbList","@id":"https:\/\/kim.lv\/en\/kaspara-podnieka-izstade-neparasta-vieta\/#breadcrumb","itemListElement":[{"@type":"ListItem","position":1,"name":"Home","item":"https:\/\/kim.lv\/"},{"@type":"ListItem","position":2,"name":"Kaspars Podnieks&#8217; exhibition &#8220;Unusual Place&#8221;"}]},{"@type":"WebSite","@id":"https:\/\/kim.lv\/en\/#website","url":"https:\/\/kim.lv\/en\/","name":"Kim? Laikmet\u012bg\u0101s m\u0101kslas centrs","description":"","potentialAction":[{"@type":"SearchAction","target":{"@type":"EntryPoint","urlTemplate":"https:\/\/kim.lv\/en\/?s={search_term_string}"},"query-input":"required name=search_term_string"}],"inLanguage":"lv-LV"},{"@type":"Person","@id":"https:\/\/kim.lv\/en\/#\/schema\/person\/56f07ec6715af61b0d0ed9835c282330","name":"Kim?","image":{"@type":"ImageObject","inLanguage":"lv-LV","@id":"https:\/\/kim.lv\/en\/#\/schema\/person\/image\/","url":"https:\/\/secure.gravatar.com\/avatar\/95e223367867817ed896bcfb04f433d88d871bfbb4f33c528e26ce5c2786508f?s=96&d=mm&r=g","contentUrl":"https:\/\/secure.gravatar.com\/avatar\/95e223367867817ed896bcfb04f433d88d871bfbb4f33c528e26ce5c2786508f?s=96&d=mm&r=g","caption":"Kim?"},"url":"https:\/\/kim.lv\/lv\/author\/kim\/"}]}},"_links":{"self":[{"href":"https:\/\/kim.lv\/lv\/wp-json\/wp\/v2\/posts\/3777","targetHints":{"allow":["GET"]}}],"collection":[{"href":"https:\/\/kim.lv\/lv\/wp-json\/wp\/v2\/posts"}],"about":[{"href":"https:\/\/kim.lv\/lv\/wp-json\/wp\/v2\/types\/post"}],"author":[{"embeddable":true,"href":"https:\/\/kim.lv\/lv\/wp-json\/wp\/v2\/users\/2"}],"replies":[{"embeddable":true,"href":"https:\/\/kim.lv\/lv\/wp-json\/wp\/v2\/comments?post=3777"}],"version-history":[{"count":1,"href":"https:\/\/kim.lv\/lv\/wp-json\/wp\/v2\/posts\/3777\/revisions"}],"predecessor-version":[{"id":3779,"href":"https:\/\/kim.lv\/lv\/wp-json\/wp\/v2\/posts\/3777\/revisions\/3779"}],"wp:attachment":[{"href":"https:\/\/kim.lv\/lv\/wp-json\/wp\/v2\/media?parent=3777"}],"wp:term":[{"taxonomy":"category","embeddable":true,"href":"https:\/\/kim.lv\/lv\/wp-json\/wp\/v2\/categories?post=3777"},{"taxonomy":"post_tag","embeddable":true,"href":"https:\/\/kim.lv\/lv\/wp-json\/wp\/v2\/tags?post=3777"}],"curies":[{"name":"wp","href":"https:\/\/api.w.org\/{rel}","templated":true}]}}