{"id":3848,"date":"2018-08-07T13:14:36","date_gmt":"2018-08-07T10:14:36","guid":{"rendered":"http:\/\/kim.lv\/?p=3848"},"modified":"2018-10-03T18:10:10","modified_gmt":"2018-10-03T15:10:10","slug":"open-kim-call-2019-kuratora-meklejumos","status":"publish","type":"post","link":"https:\/\/kim.lv\/lv\/open-kim-call-2019-kuratora-meklejumos\/","title":{"rendered":"Open Kim? Call 2019: Kuratora mekl\u0113jumos"},"content":{"rendered":"Kim? ar prieku izsludina konkursu Open Kim? Call 2019, kas \u0161oreiz piev\u0113rs\u012bsies kuratoru pieteikumiem. Paturot pr\u0101t\u0101 m\u0101kslas ekosist\u0113mas nebeidzamo izple\u0161anos un main\u012bgos soci\u0101lpolitiskos apst\u0101k\u013cus Latvij\u0101, ar steigu nepiecie\u0161ams no jauna izv\u0113rt\u0113t izst\u0101\u017eu form\u0101tu k\u0101 mediju, kas var tikt izmantots, lai papla\u0161in\u0101tu, artikul\u0113tu, aiz\u0161\u0137iltu, veicin\u0101tu, pasludin\u0101tu, utt. par\u0101d\u012bbas, kur\u0101m j\u0101top materializ\u0113t\u0101m k\u0101 kolekt\u012bvi uztveramai pieredzei. T\u0101d\u0113\u013c m\u0113s aicin\u0101m kuratorus (bez vecuma vai pieredzes ierobe\u017eojumiem) s\u016bt\u012bt mums izst\u0101\u017eu pieteikumus un kuratori\u0101las idejas br\u012bv\u0101 form\u0101 l\u012bdz 2018. gada 26. augustam.<\/p>\n<p>&nbsp;<\/p>\n<p>Pieteikum\u0101 gaid\u012bsim:<br \/>\n&#8211; kuratori\u0101l\u0101s idejas apraksts (koncepcijas izkl\u0101sts, dal\u012bbnieki, programma);<br \/>\n&#8211; inform\u0101cija par m\u0101kslinieku\/iem (m\u0101kslas darbiem, \u012bsu biogr\u0101fijas izkl\u0101stu)<br \/>\n&#8211; rado\u0161\u0101s prakses portfolio (t.sk. CV).<\/p>\n<p>&nbsp;<\/p>\n<p>Open kim? Call nodro\u0161ina:<br \/>\n&#8211; kim? komandas iesaisti un atbalstu projekta norises laik\u0101;<br \/>\n&#8211; labiek\u0101rtotu izst\u0101des telpu (60 kv.m.);<br \/>\n&#8211; zino\u0161a tehnisk\u0101 person\u0101la atbalstu un darbasp\u0113ku notikuma realiz\u0113\u0161an\u0101;<br \/>\n&#8211; efekt\u012bvu preses un komunik\u0101cijas strat\u0113\u0123iju;<br \/>\n&#8211; finans\u0113jumu 600 eiro apm\u0113r\u0101 (projekta \u012bstenot\u0101js uz\u0146emas piesaist\u012bt papildus nepiecie\u0161amo l\u012bdzfinans\u0113jumu).<\/p>\n<p>&nbsp;<\/p>\n<p>Uzvar\u0113t\u0101js tiks pazi\u0146ots 10. septembr\u012b, un izst\u0101de norisin\u0101sies Kim? Laikmet\u012bg\u0101s m\u0101kslas centr\u0101 2019. gada febru\u0101r\u012b.<\/p>\n<p>&nbsp;<\/p>\n<p>Open Kim? Call iniciat\u012bva rad\u0101s 2016. gad\u0101 ar m\u0113r\u0137i veicin\u0101t daudzsolo\u0161u un talant\u012bgu m\u0101kslinieku un\/vai kuratoru savlaic\u012bgu atkl\u0101\u0161anu, nodro\u0161inot p\u0113c iesp\u0113jas lab\u0101kus priek\u0161nosac\u012bjumus un ietvaru vi\u0146u rado\u0161\u0101s ieceres veiksm\u012bgai \u012bsteno\u0161anai.<\/p>\n<p>&nbsp;<\/p>\n<p>Open Kim? Call 2019 pieteikumus izskat\u012bs \u017e\u016brija: Kaspars Gro\u0161evs (m\u0101kslinieks\/kurators), Inga L\u0101ce (kuratore), Santa Mi\u010dule-Hir\u0161a (m\u0101kslas kriti\u0137e), Kaspars Vanags (kurators) un Zane Onckule (Kim? programmas direktore).<\/p>\n<p>Pieteikumus gaid\u012bsim uz: kim@kim.lv nor\u0101dot t\u0113mu &#8220;<em>Open Kim? Call 2019<\/em>&#8220;","protected":false},"excerpt":{"rendered":"<p>Kim? ar prieku izsludina konkursu Open Kim? Call 2019, kas \u0161oreiz piev\u0113rs\u012bsies kuratoru pieteikumiem. Paturot pr\u0101t\u0101 m\u0101kslas ekosist\u0113mas nebeidzamo izple\u0161anos un main\u012bgos soci\u0101lpolitiskos apst\u0101k\u013cus Latvij\u0101, ar steigu nepiecie\u0161ams no jauna izv\u0113rt\u0113t izst\u0101\u017eu form\u0101tu k\u0101 mediju, kas var tikt izmantots, lai papla\u0161in\u0101tu, artikul\u0113tu, aiz\u0161\u0137iltu, veicin\u0101tu, pasludin\u0101tu, utt. par\u0101d\u012bbas, kur\u0101m j\u0101top materializ\u0113t\u0101m k\u0101 kolekt\u012bvi uztveramai pieredzei. T\u0101d\u0113\u013c [&hellip;]<\/p>\n","protected":false},"author":2,"featured_media":0,"comment_status":"open","ping_status":"open","sticky":false,"template":"","format":"standard","meta":{"inline_featured_image":false,"footnotes":""},"categories":[27,5],"tags":[],"class_list":["post-3848","post","type-post","status-publish","format-standard","hentry","category-2018-events","category-kim-events"],"acf":[],"yoast_head":"<!-- This site is optimized with the Yoast SEO plugin v21.9 - https:\/\/yoast.com\/wordpress\/plugins\/seo\/ -->\n<title>Open Kim? Call 2019: Kuratora mekl\u0113jumos - Kim? Laikmet\u012bg\u0101s m\u0101kslas centrs<\/title>\n<meta name=\"robots\" content=\"index, follow, max-snippet:-1, max-image-preview:large, max-video-preview:-1\" \/>\n<link rel=\"canonical\" href=\"https:\/\/kim.lv\/en\/open-kim-call-2019-kuratora-meklejumos\/\" \/>\n<meta property=\"og:locale\" content=\"lv_LV\" \/>\n<meta property=\"og:type\" content=\"article\" \/>\n<meta property=\"og:title\" content=\"[:lv]Open Kim? Call 2019: Kuratora mekl\u0113jumos[:] - Kim? Laikmet\u012bg\u0101s m\u0101kslas centrs\" \/>\n<meta property=\"og:description\" content=\"Kim? ar prieku izsludina konkursu Open Kim? Call 2019, kas \u0161oreiz piev\u0113rs\u012bsies kuratoru pieteikumiem. Paturot pr\u0101t\u0101 m\u0101kslas ekosist\u0113mas nebeidzamo izple\u0161anos un main\u012bgos soci\u0101lpolitiskos apst\u0101k\u013cus Latvij\u0101, ar steigu nepiecie\u0161ams no jauna izv\u0113rt\u0113t izst\u0101\u017eu form\u0101tu k\u0101 mediju, kas var tikt izmantots, lai papla\u0161in\u0101tu, artikul\u0113tu, aiz\u0161\u0137iltu, veicin\u0101tu, pasludin\u0101tu, utt. par\u0101d\u012bbas, kur\u0101m j\u0101top materializ\u0113t\u0101m k\u0101 kolekt\u012bvi uztveramai pieredzei. T\u0101d\u0113\u013c [&hellip;]\" \/>\n<meta property=\"og:url\" content=\"https:\/\/kim.lv\/en\/open-kim-call-2019-kuratora-meklejumos\/\" \/>\n<meta property=\"og:site_name\" content=\"Kim? Laikmet\u012bg\u0101s m\u0101kslas centrs\" \/>\n<meta property=\"article:published_time\" content=\"2018-08-07T10:14:36+00:00\" \/>\n<meta property=\"article:modified_time\" content=\"2018-10-03T15:10:10+00:00\" \/>\n<meta name=\"author\" content=\"Kim?\" \/>\n<meta name=\"twitter:card\" content=\"summary_large_image\" \/>\n<meta name=\"twitter:label1\" content=\"Written by\" \/>\n\t<meta name=\"twitter:data1\" content=\"Kim?\" \/>\n\t<meta name=\"twitter:label2\" content=\"Est. reading time\" \/>\n\t<meta name=\"twitter:data2\" content=\"2 minutes\" \/>\n<script type=\"application\/ld+json\" class=\"yoast-schema-graph\">{\"@context\":\"https:\/\/schema.org\",\"@graph\":[{\"@type\":\"WebPage\",\"@id\":\"https:\/\/kim.lv\/en\/open-kim-call-2019-kuratora-meklejumos\/\",\"url\":\"https:\/\/kim.lv\/en\/open-kim-call-2019-kuratora-meklejumos\/\",\"name\":\"[:lv]Open Kim? Call 2019: Kuratora mekl\u0113jumos[:] - Kim? Laikmet\u012bg\u0101s m\u0101kslas centrs\",\"isPartOf\":{\"@id\":\"https:\/\/kim.lv\/en\/#website\"},\"datePublished\":\"2018-08-07T10:14:36+00:00\",\"dateModified\":\"2018-10-03T15:10:10+00:00\",\"author\":{\"@id\":\"https:\/\/kim.lv\/en\/#\/schema\/person\/56f07ec6715af61b0d0ed9835c282330\"},\"breadcrumb\":{\"@id\":\"https:\/\/kim.lv\/en\/open-kim-call-2019-kuratora-meklejumos\/#breadcrumb\"},\"inLanguage\":\"lv-LV\",\"potentialAction\":[{\"@type\":\"ReadAction\",\"target\":[\"https:\/\/kim.lv\/en\/open-kim-call-2019-kuratora-meklejumos\/\"]}]},{\"@type\":\"BreadcrumbList\",\"@id\":\"https:\/\/kim.lv\/en\/open-kim-call-2019-kuratora-meklejumos\/#breadcrumb\",\"itemListElement\":[{\"@type\":\"ListItem\",\"position\":1,\"name\":\"Home\",\"item\":\"https:\/\/kim.lv\/\"},{\"@type\":\"ListItem\",\"position\":2,\"name\":\"Open Kim? Call 2019: Kuratora mekl\u0113jumos\"}]},{\"@type\":\"WebSite\",\"@id\":\"https:\/\/kim.lv\/en\/#website\",\"url\":\"https:\/\/kim.lv\/en\/\",\"name\":\"Kim? Laikmet\u012bg\u0101s m\u0101kslas centrs\",\"description\":\"\",\"potentialAction\":[{\"@type\":\"SearchAction\",\"target\":{\"@type\":\"EntryPoint\",\"urlTemplate\":\"https:\/\/kim.lv\/en\/?s={search_term_string}\"},\"query-input\":\"required name=search_term_string\"}],\"inLanguage\":\"lv-LV\"},{\"@type\":\"Person\",\"@id\":\"https:\/\/kim.lv\/en\/#\/schema\/person\/56f07ec6715af61b0d0ed9835c282330\",\"name\":\"Kim?\",\"image\":{\"@type\":\"ImageObject\",\"inLanguage\":\"lv-LV\",\"@id\":\"https:\/\/kim.lv\/en\/#\/schema\/person\/image\/\",\"url\":\"https:\/\/secure.gravatar.com\/avatar\/95e223367867817ed896bcfb04f433d88d871bfbb4f33c528e26ce5c2786508f?s=96&d=mm&r=g\",\"contentUrl\":\"https:\/\/secure.gravatar.com\/avatar\/95e223367867817ed896bcfb04f433d88d871bfbb4f33c528e26ce5c2786508f?s=96&d=mm&r=g\",\"caption\":\"Kim?\"},\"url\":\"https:\/\/kim.lv\/lv\/author\/kim\/\"}]}<\/script>\n<!-- \/ Yoast SEO plugin. -->","yoast_head_json":{"title":"[:lv]Open Kim? Call 2019: Kuratora mekl\u0113jumos[:] - Kim? Laikmet\u012bg\u0101s m\u0101kslas centrs","robots":{"index":"index","follow":"follow","max-snippet":"max-snippet:-1","max-image-preview":"max-image-preview:large","max-video-preview":"max-video-preview:-1"},"canonical":"https:\/\/kim.lv\/en\/open-kim-call-2019-kuratora-meklejumos\/","og_locale":"lv_LV","og_type":"article","og_title":"[:lv]Open Kim? Call 2019: Kuratora mekl\u0113jumos[:] - Kim? Laikmet\u012bg\u0101s m\u0101kslas centrs","og_description":"Kim? ar prieku izsludina konkursu Open Kim? Call 2019, kas \u0161oreiz piev\u0113rs\u012bsies kuratoru pieteikumiem. Paturot pr\u0101t\u0101 m\u0101kslas ekosist\u0113mas nebeidzamo izple\u0161anos un main\u012bgos soci\u0101lpolitiskos apst\u0101k\u013cus Latvij\u0101, ar steigu nepiecie\u0161ams no jauna izv\u0113rt\u0113t izst\u0101\u017eu form\u0101tu k\u0101 mediju, kas var tikt izmantots, lai papla\u0161in\u0101tu, artikul\u0113tu, aiz\u0161\u0137iltu, veicin\u0101tu, pasludin\u0101tu, utt. par\u0101d\u012bbas, kur\u0101m j\u0101top materializ\u0113t\u0101m k\u0101 kolekt\u012bvi uztveramai pieredzei. T\u0101d\u0113\u013c [&hellip;]","og_url":"https:\/\/kim.lv\/en\/open-kim-call-2019-kuratora-meklejumos\/","og_site_name":"Kim? Laikmet\u012bg\u0101s m\u0101kslas centrs","article_published_time":"2018-08-07T10:14:36+00:00","article_modified_time":"2018-10-03T15:10:10+00:00","author":"Kim?","twitter_card":"summary_large_image","twitter_misc":{"Written by":"Kim?","Est. reading time":"2 minutes"},"schema":{"@context":"https:\/\/schema.org","@graph":[{"@type":"WebPage","@id":"https:\/\/kim.lv\/en\/open-kim-call-2019-kuratora-meklejumos\/","url":"https:\/\/kim.lv\/en\/open-kim-call-2019-kuratora-meklejumos\/","name":"[:lv]Open Kim? Call 2019: Kuratora mekl\u0113jumos[:] - Kim? Laikmet\u012bg\u0101s m\u0101kslas centrs","isPartOf":{"@id":"https:\/\/kim.lv\/en\/#website"},"datePublished":"2018-08-07T10:14:36+00:00","dateModified":"2018-10-03T15:10:10+00:00","author":{"@id":"https:\/\/kim.lv\/en\/#\/schema\/person\/56f07ec6715af61b0d0ed9835c282330"},"breadcrumb":{"@id":"https:\/\/kim.lv\/en\/open-kim-call-2019-kuratora-meklejumos\/#breadcrumb"},"inLanguage":"lv-LV","potentialAction":[{"@type":"ReadAction","target":["https:\/\/kim.lv\/en\/open-kim-call-2019-kuratora-meklejumos\/"]}]},{"@type":"BreadcrumbList","@id":"https:\/\/kim.lv\/en\/open-kim-call-2019-kuratora-meklejumos\/#breadcrumb","itemListElement":[{"@type":"ListItem","position":1,"name":"Home","item":"https:\/\/kim.lv\/"},{"@type":"ListItem","position":2,"name":"Open Kim? Call 2019: Kuratora mekl\u0113jumos"}]},{"@type":"WebSite","@id":"https:\/\/kim.lv\/en\/#website","url":"https:\/\/kim.lv\/en\/","name":"Kim? Laikmet\u012bg\u0101s m\u0101kslas centrs","description":"","potentialAction":[{"@type":"SearchAction","target":{"@type":"EntryPoint","urlTemplate":"https:\/\/kim.lv\/en\/?s={search_term_string}"},"query-input":"required name=search_term_string"}],"inLanguage":"lv-LV"},{"@type":"Person","@id":"https:\/\/kim.lv\/en\/#\/schema\/person\/56f07ec6715af61b0d0ed9835c282330","name":"Kim?","image":{"@type":"ImageObject","inLanguage":"lv-LV","@id":"https:\/\/kim.lv\/en\/#\/schema\/person\/image\/","url":"https:\/\/secure.gravatar.com\/avatar\/95e223367867817ed896bcfb04f433d88d871bfbb4f33c528e26ce5c2786508f?s=96&d=mm&r=g","contentUrl":"https:\/\/secure.gravatar.com\/avatar\/95e223367867817ed896bcfb04f433d88d871bfbb4f33c528e26ce5c2786508f?s=96&d=mm&r=g","caption":"Kim?"},"url":"https:\/\/kim.lv\/lv\/author\/kim\/"}]}},"_links":{"self":[{"href":"https:\/\/kim.lv\/lv\/wp-json\/wp\/v2\/posts\/3848","targetHints":{"allow":["GET"]}}],"collection":[{"href":"https:\/\/kim.lv\/lv\/wp-json\/wp\/v2\/posts"}],"about":[{"href":"https:\/\/kim.lv\/lv\/wp-json\/wp\/v2\/types\/post"}],"author":[{"embeddable":true,"href":"https:\/\/kim.lv\/lv\/wp-json\/wp\/v2\/users\/2"}],"replies":[{"embeddable":true,"href":"https:\/\/kim.lv\/lv\/wp-json\/wp\/v2\/comments?post=3848"}],"version-history":[{"count":11,"href":"https:\/\/kim.lv\/lv\/wp-json\/wp\/v2\/posts\/3848\/revisions"}],"predecessor-version":[{"id":3944,"href":"https:\/\/kim.lv\/lv\/wp-json\/wp\/v2\/posts\/3848\/revisions\/3944"}],"wp:attachment":[{"href":"https:\/\/kim.lv\/lv\/wp-json\/wp\/v2\/media?parent=3848"}],"wp:term":[{"taxonomy":"category","embeddable":true,"href":"https:\/\/kim.lv\/lv\/wp-json\/wp\/v2\/categories?post=3848"},{"taxonomy":"post_tag","embeddable":true,"href":"https:\/\/kim.lv\/lv\/wp-json\/wp\/v2\/tags?post=3848"}],"curies":[{"name":"wp","href":"https:\/\/api.w.org\/{rel}","templated":true}]}}