{"id":3868,"date":"2018-08-06T11:40:34","date_gmt":"2018-08-06T08:40:34","guid":{"rendered":"http:\/\/kim.lv\/?p=3868"},"modified":"2018-08-06T12:00:13","modified_gmt":"2018-08-06T09:00:13","slug":"alna-stakles-izstade-l-s-d-living-space-daugavpils","status":"publish","type":"post","link":"https:\/\/kim.lv\/lv\/alna-stakles-izstade-l-s-d-living-space-daugavpils\/","title":{"rendered":"Al\u0146a Stakles izst\u0101de &#8220;L.S.D. Living Space Daugavpils&#8221;"},"content":{"rendered":"No 2010. gada 20. marta l\u012bdz 11. apr\u012blim\u00a0 Programmas nr. 9 ietvaros jaun\u0101kaj\u0101 Kim? galerij\u0101 \u2013 Kim? \/ FK galerij\u0101 \u2013 bija apskat\u0101ma latvie\u0161u fotom\u0101kslinieka <a href=\"http:\/\/www.alnisstakle.com\/\" target=\"_blank\" rel=\"noopener\">Al\u0146a Stakles<\/a> (1975) izst\u0101de \u201eL.S.D. Living Space Daugavpils\u201d (Dz\u012bves telpa Daugavpils). Sadarb\u012bb\u0101 ar \u017eurn\u0101lu <a href=\"http:\/\/www.fotokvartals.lv\/\" target=\"_blank\" rel=\"noopener\">\u201eFoto Kvart\u0101ls\u201d<\/a> izveidot\u0101 galerija iepaz\u012bstin\u0101ja ar jaun\u0101kajiem fotom\u0101kslas darbiem, k\u0101 ar\u012b aicin\u0101s piedal\u012bties diskusij\u0101s un lekcij\u0101s par m\u016bsdienu fotom\u0101kslu.<\/p>\n<p>Izst\u0101d\u0113 \u201eL.S.D. Living Space Daugavpils\u201d b\u016bs skat\u0101ma darbu izlase no apjom\u012bgas fotogr\u0101fiju s\u0113rijas, pie kuras autors str\u0101d\u0101jis no 2002. l\u012bdz 2008. gadam. \u0160aj\u0101 s\u0113rij\u0101 Alnis Stakle piev\u0113rsies savai tuv\u0101kajai apk\u0101rtnei, p\u0113tot pils\u0113tvidi un t\u0101s vizu\u0101los un soci\u0101los paradoksus. \u201eSvar\u012bga bija iesp\u0113ja iet, fotograf\u0113t, skat\u012bties un ieraudz\u012bt sirre\u0101lo, absurdo un patieso vienk\u0101r\u0161\u0101s liet\u0101s, nesvar\u012bgu un ikdieni\u0161\u0137u notikumu pasaul\u0113,\u201d saka autors. Fotogr\u0101fijas no s\u0113rijas \u201eL.S.D. Living Space Daugavpils\u201d liel\u0101koties pieder\u012bgas ainavas \u017eanram, un \u0161ajos darbos \u012bpa\u0161a noz\u012bme ir kr\u0101su fotogr\u0101fijai k\u0101 m\u0101ksliniecisk\u0101s izteiksmes l\u012bdzeklim \u2013 autors veido savu v\u0113st\u012bjumu ar kolor\u012bta un kr\u0101su akcentu pal\u012bdz\u012bbu. \u201eAiz ikdienas dz\u012bves rut\u012bnas un \u0161\u0137ietami mier\u012bg\u0101s atmosf\u0113ras norit k\u0101da cita, \u201eslepena\u201d dz\u012bve. Al\u0146a Stakles fotogr\u0101fijas dai\u013crun\u012bgi liecina par \u0161o fenomenu, vienlaikus saglab\u0101jot ask\u0113tisku izteiksmes formu bez jelk\u0101das dramatiz\u0101cijas,\u201d raksta Herkuless Papaioannu, Saloniku Fotogr\u0101fijas muzeja direktors (2006).<\/p>\n<p>Fotogr\u0101fs, pedagogs un Daugavpils Universit\u0101tes doktorants Alnis Stakle dz\u012bvo un str\u0101d\u0101 Daugavpil\u012b. Alnim Staklem ir biju\u0161as person\u0101lizst\u0101des gan Latvij\u0101, gan \u0101rzem\u0113s (fotofestiv\u0101la <em>Transphotographiques <\/em>ietvaros Lill\u0113 (2009), galerij\u0101 <em>Gallery.Photographer.ru <\/em>Maskav\u0101 (2008) u.c.), vi\u0146\u0161 ir piedal\u012bjies starptautisk\u0101s m\u016bsdienu fotom\u0101kslas un laikmet\u012bg\u0101s m\u0101kslas izst\u0101d\u0113s (fotofestiv\u0101ls <em>Fotoweek <\/em>Va\u0161ington\u0101 (2009), izst\u0101de<em> Second Cities<\/em> Lodz\u0101 un Gr\u0101c\u0101 (2009), Latvijas laikmet\u012bg\u0101s m\u0101kslas izst\u0101de F<em>rom M to ZZZ <\/em>Pr\u0101g\u0101 (2008) u.c.), k\u0101 ar\u012b Latvijas fotogr\u0101fu izst\u0101d\u0113 \u201ePriv\u0101ts. Latvijas m\u016bsdienu fotom\u0101ksla\u201d Maskav\u0101 (2008) un R\u012bg\u0101 (2009). 2009. gad\u0101 apg\u0101da \u201eNeputns\u201d gr\u0101matu s\u0113rij\u0101 \u201eStudijas bibliot\u0113ka\u201d izn\u0101kusi Alises T\u012bfent\u0101les gr\u0101mata <a href=\"http:\/\/www.neputns.lv\/catalogue-info.php?sid=&amp;id=475&amp;page=1\" target=\"_blank\" rel=\"noopener\">\u201eAlnis Stakle\u201d<\/a>.<\/p>\n<p>Ceturtdien, 8. apr\u012bl\u012b 19:00 Kim?\u00a0aicin\u0101ja uz Al\u0146a Stakles lekciju par m\u016bsdienu fotom\u0101kslu.","protected":false},"excerpt":{"rendered":"<p>No 2010. gada 20. marta l\u012bdz 11. apr\u012blim\u00a0 Programmas nr. 9 ietvaros jaun\u0101kaj\u0101 Kim? galerij\u0101 \u2013 Kim? \/ FK galerij\u0101 \u2013 bija apskat\u0101ma latvie\u0161u fotom\u0101kslinieka Al\u0146a Stakles (1975) izst\u0101de \u201eL.S.D. Living Space Daugavpils\u201d (Dz\u012bves telpa Daugavpils). Sadarb\u012bb\u0101 ar \u017eurn\u0101lu \u201eFoto Kvart\u0101ls\u201d izveidot\u0101 galerija iepaz\u012bstin\u0101ja ar jaun\u0101kajiem fotom\u0101kslas darbiem, k\u0101 ar\u012b aicin\u0101s piedal\u012bties diskusij\u0101s un lekcij\u0101s [&hellip;]<\/p>\n","protected":false},"author":2,"featured_media":0,"comment_status":"open","ping_status":"open","sticky":false,"template":"","format":"standard","meta":{"inline_featured_image":false,"footnotes":""},"categories":[32,4,26],"tags":[],"class_list":["post-3868","post","type-post","status-publish","format-standard","hentry","category-32","category-kim-exhibitions","category-past-exhibitions"],"acf":[],"yoast_head":"<!-- This site is optimized with the Yoast SEO plugin v21.9 - https:\/\/yoast.com\/wordpress\/plugins\/seo\/ -->\n<title>Al\u0146a Stakles izst\u0101de &quot;L.S.D. Living Space Daugavpils&quot; - Kim? Laikmet\u012bg\u0101s m\u0101kslas centrs<\/title>\n<meta name=\"robots\" content=\"index, follow, max-snippet:-1, max-image-preview:large, max-video-preview:-1\" \/>\n<link rel=\"canonical\" href=\"https:\/\/kim.lv\/en\/alna-stakles-izstade-l-s-d-living-space-daugavpils\/\" \/>\n<meta property=\"og:locale\" content=\"lv_LV\" \/>\n<meta property=\"og:type\" content=\"article\" \/>\n<meta property=\"og:title\" content=\"[:en]Alnis Stakle&#039;s exhibition &quot;L.S.D. Living Space Daugavpils&quot;[:lv]Al\u0146a Stakles izst\u0101de &quot;L.S.D. Living Space Daugavpils&quot;[:] - Kim? Laikmet\u012bg\u0101s m\u0101kslas centrs\" \/>\n<meta property=\"og:description\" content=\"No 2010. gada 20. marta l\u012bdz 11. apr\u012blim\u00a0 Programmas nr. 9 ietvaros jaun\u0101kaj\u0101 Kim? galerij\u0101 \u2013 Kim? \/ FK galerij\u0101 \u2013 bija apskat\u0101ma latvie\u0161u fotom\u0101kslinieka Al\u0146a Stakles (1975) izst\u0101de \u201eL.S.D. Living Space Daugavpils\u201d (Dz\u012bves telpa Daugavpils). Sadarb\u012bb\u0101 ar \u017eurn\u0101lu \u201eFoto Kvart\u0101ls\u201d izveidot\u0101 galerija iepaz\u012bstin\u0101ja ar jaun\u0101kajiem fotom\u0101kslas darbiem, k\u0101 ar\u012b aicin\u0101s piedal\u012bties diskusij\u0101s un lekcij\u0101s [&hellip;]\" \/>\n<meta property=\"og:url\" content=\"https:\/\/kim.lv\/en\/alna-stakles-izstade-l-s-d-living-space-daugavpils\/\" \/>\n<meta property=\"og:site_name\" content=\"Kim? Laikmet\u012bg\u0101s m\u0101kslas centrs\" \/>\n<meta property=\"article:published_time\" content=\"2018-08-06T08:40:34+00:00\" \/>\n<meta property=\"article:modified_time\" content=\"2018-08-06T09:00:13+00:00\" \/>\n<meta name=\"author\" content=\"Kim?\" \/>\n<meta name=\"twitter:card\" content=\"summary_large_image\" \/>\n<meta name=\"twitter:label1\" content=\"Written by\" \/>\n\t<meta name=\"twitter:data1\" content=\"Kim?\" \/>\n\t<meta name=\"twitter:label2\" content=\"Est. reading time\" \/>\n\t<meta name=\"twitter:data2\" content=\"4 minutes\" \/>\n<script type=\"application\/ld+json\" class=\"yoast-schema-graph\">{\"@context\":\"https:\/\/schema.org\",\"@graph\":[{\"@type\":\"WebPage\",\"@id\":\"https:\/\/kim.lv\/en\/alna-stakles-izstade-l-s-d-living-space-daugavpils\/\",\"url\":\"https:\/\/kim.lv\/en\/alna-stakles-izstade-l-s-d-living-space-daugavpils\/\",\"name\":\"[:en]Alnis Stakle's exhibition \\\"L.S.D. Living Space Daugavpils\\\"[:lv]Al\u0146a Stakles izst\u0101de \\\"L.S.D. Living Space Daugavpils\\\"[:] - Kim? Laikmet\u012bg\u0101s m\u0101kslas centrs\",\"isPartOf\":{\"@id\":\"https:\/\/kim.lv\/en\/#website\"},\"datePublished\":\"2018-08-06T08:40:34+00:00\",\"dateModified\":\"2018-08-06T09:00:13+00:00\",\"author\":{\"@id\":\"https:\/\/kim.lv\/en\/#\/schema\/person\/56f07ec6715af61b0d0ed9835c282330\"},\"breadcrumb\":{\"@id\":\"https:\/\/kim.lv\/en\/alna-stakles-izstade-l-s-d-living-space-daugavpils\/#breadcrumb\"},\"inLanguage\":\"lv-LV\",\"potentialAction\":[{\"@type\":\"ReadAction\",\"target\":[\"https:\/\/kim.lv\/en\/alna-stakles-izstade-l-s-d-living-space-daugavpils\/\"]}]},{\"@type\":\"BreadcrumbList\",\"@id\":\"https:\/\/kim.lv\/en\/alna-stakles-izstade-l-s-d-living-space-daugavpils\/#breadcrumb\",\"itemListElement\":[{\"@type\":\"ListItem\",\"position\":1,\"name\":\"Home\",\"item\":\"https:\/\/kim.lv\/\"},{\"@type\":\"ListItem\",\"position\":2,\"name\":\"Alnis Stakle&#8217;s exhibition &#8220;L.S.D. Living Space Daugavpils&#8221;\"}]},{\"@type\":\"WebSite\",\"@id\":\"https:\/\/kim.lv\/en\/#website\",\"url\":\"https:\/\/kim.lv\/en\/\",\"name\":\"Kim? Laikmet\u012bg\u0101s m\u0101kslas centrs\",\"description\":\"\",\"potentialAction\":[{\"@type\":\"SearchAction\",\"target\":{\"@type\":\"EntryPoint\",\"urlTemplate\":\"https:\/\/kim.lv\/en\/?s={search_term_string}\"},\"query-input\":\"required name=search_term_string\"}],\"inLanguage\":\"lv-LV\"},{\"@type\":\"Person\",\"@id\":\"https:\/\/kim.lv\/en\/#\/schema\/person\/56f07ec6715af61b0d0ed9835c282330\",\"name\":\"Kim?\",\"image\":{\"@type\":\"ImageObject\",\"inLanguage\":\"lv-LV\",\"@id\":\"https:\/\/kim.lv\/en\/#\/schema\/person\/image\/\",\"url\":\"https:\/\/secure.gravatar.com\/avatar\/95e223367867817ed896bcfb04f433d88d871bfbb4f33c528e26ce5c2786508f?s=96&d=mm&r=g\",\"contentUrl\":\"https:\/\/secure.gravatar.com\/avatar\/95e223367867817ed896bcfb04f433d88d871bfbb4f33c528e26ce5c2786508f?s=96&d=mm&r=g\",\"caption\":\"Kim?\"},\"url\":\"https:\/\/kim.lv\/lv\/author\/kim\/\"}]}<\/script>\n<!-- \/ Yoast SEO plugin. -->","yoast_head_json":{"title":"[:en]Alnis Stakle's exhibition \"L.S.D. Living Space Daugavpils\"[:lv]Al\u0146a Stakles izst\u0101de \"L.S.D. Living Space Daugavpils\"[:] - Kim? Laikmet\u012bg\u0101s m\u0101kslas centrs","robots":{"index":"index","follow":"follow","max-snippet":"max-snippet:-1","max-image-preview":"max-image-preview:large","max-video-preview":"max-video-preview:-1"},"canonical":"https:\/\/kim.lv\/en\/alna-stakles-izstade-l-s-d-living-space-daugavpils\/","og_locale":"lv_LV","og_type":"article","og_title":"[:en]Alnis Stakle's exhibition \"L.S.D. Living Space Daugavpils\"[:lv]Al\u0146a Stakles izst\u0101de \"L.S.D. Living Space Daugavpils\"[:] - Kim? Laikmet\u012bg\u0101s m\u0101kslas centrs","og_description":"No 2010. gada 20. marta l\u012bdz 11. apr\u012blim\u00a0 Programmas nr. 9 ietvaros jaun\u0101kaj\u0101 Kim? galerij\u0101 \u2013 Kim? \/ FK galerij\u0101 \u2013 bija apskat\u0101ma latvie\u0161u fotom\u0101kslinieka Al\u0146a Stakles (1975) izst\u0101de \u201eL.S.D. Living Space Daugavpils\u201d (Dz\u012bves telpa Daugavpils). Sadarb\u012bb\u0101 ar \u017eurn\u0101lu \u201eFoto Kvart\u0101ls\u201d izveidot\u0101 galerija iepaz\u012bstin\u0101ja ar jaun\u0101kajiem fotom\u0101kslas darbiem, k\u0101 ar\u012b aicin\u0101s piedal\u012bties diskusij\u0101s un lekcij\u0101s [&hellip;]","og_url":"https:\/\/kim.lv\/en\/alna-stakles-izstade-l-s-d-living-space-daugavpils\/","og_site_name":"Kim? Laikmet\u012bg\u0101s m\u0101kslas centrs","article_published_time":"2018-08-06T08:40:34+00:00","article_modified_time":"2018-08-06T09:00:13+00:00","author":"Kim?","twitter_card":"summary_large_image","twitter_misc":{"Written by":"Kim?","Est. reading time":"4 minutes"},"schema":{"@context":"https:\/\/schema.org","@graph":[{"@type":"WebPage","@id":"https:\/\/kim.lv\/en\/alna-stakles-izstade-l-s-d-living-space-daugavpils\/","url":"https:\/\/kim.lv\/en\/alna-stakles-izstade-l-s-d-living-space-daugavpils\/","name":"[:en]Alnis Stakle's exhibition \"L.S.D. Living Space Daugavpils\"[:lv]Al\u0146a Stakles izst\u0101de \"L.S.D. Living Space Daugavpils\"[:] - Kim? Laikmet\u012bg\u0101s m\u0101kslas centrs","isPartOf":{"@id":"https:\/\/kim.lv\/en\/#website"},"datePublished":"2018-08-06T08:40:34+00:00","dateModified":"2018-08-06T09:00:13+00:00","author":{"@id":"https:\/\/kim.lv\/en\/#\/schema\/person\/56f07ec6715af61b0d0ed9835c282330"},"breadcrumb":{"@id":"https:\/\/kim.lv\/en\/alna-stakles-izstade-l-s-d-living-space-daugavpils\/#breadcrumb"},"inLanguage":"lv-LV","potentialAction":[{"@type":"ReadAction","target":["https:\/\/kim.lv\/en\/alna-stakles-izstade-l-s-d-living-space-daugavpils\/"]}]},{"@type":"BreadcrumbList","@id":"https:\/\/kim.lv\/en\/alna-stakles-izstade-l-s-d-living-space-daugavpils\/#breadcrumb","itemListElement":[{"@type":"ListItem","position":1,"name":"Home","item":"https:\/\/kim.lv\/"},{"@type":"ListItem","position":2,"name":"Alnis Stakle&#8217;s exhibition &#8220;L.S.D. Living Space Daugavpils&#8221;"}]},{"@type":"WebSite","@id":"https:\/\/kim.lv\/en\/#website","url":"https:\/\/kim.lv\/en\/","name":"Kim? Laikmet\u012bg\u0101s m\u0101kslas centrs","description":"","potentialAction":[{"@type":"SearchAction","target":{"@type":"EntryPoint","urlTemplate":"https:\/\/kim.lv\/en\/?s={search_term_string}"},"query-input":"required name=search_term_string"}],"inLanguage":"lv-LV"},{"@type":"Person","@id":"https:\/\/kim.lv\/en\/#\/schema\/person\/56f07ec6715af61b0d0ed9835c282330","name":"Kim?","image":{"@type":"ImageObject","inLanguage":"lv-LV","@id":"https:\/\/kim.lv\/en\/#\/schema\/person\/image\/","url":"https:\/\/secure.gravatar.com\/avatar\/95e223367867817ed896bcfb04f433d88d871bfbb4f33c528e26ce5c2786508f?s=96&d=mm&r=g","contentUrl":"https:\/\/secure.gravatar.com\/avatar\/95e223367867817ed896bcfb04f433d88d871bfbb4f33c528e26ce5c2786508f?s=96&d=mm&r=g","caption":"Kim?"},"url":"https:\/\/kim.lv\/lv\/author\/kim\/"}]}},"_links":{"self":[{"href":"https:\/\/kim.lv\/lv\/wp-json\/wp\/v2\/posts\/3868","targetHints":{"allow":["GET"]}}],"collection":[{"href":"https:\/\/kim.lv\/lv\/wp-json\/wp\/v2\/posts"}],"about":[{"href":"https:\/\/kim.lv\/lv\/wp-json\/wp\/v2\/types\/post"}],"author":[{"embeddable":true,"href":"https:\/\/kim.lv\/lv\/wp-json\/wp\/v2\/users\/2"}],"replies":[{"embeddable":true,"href":"https:\/\/kim.lv\/lv\/wp-json\/wp\/v2\/comments?post=3868"}],"version-history":[{"count":1,"href":"https:\/\/kim.lv\/lv\/wp-json\/wp\/v2\/posts\/3868\/revisions"}],"predecessor-version":[{"id":3877,"href":"https:\/\/kim.lv\/lv\/wp-json\/wp\/v2\/posts\/3868\/revisions\/3877"}],"wp:attachment":[{"href":"https:\/\/kim.lv\/lv\/wp-json\/wp\/v2\/media?parent=3868"}],"wp:term":[{"taxonomy":"category","embeddable":true,"href":"https:\/\/kim.lv\/lv\/wp-json\/wp\/v2\/categories?post=3868"},{"taxonomy":"post_tag","embeddable":true,"href":"https:\/\/kim.lv\/lv\/wp-json\/wp\/v2\/tags?post=3868"}],"curies":[{"name":"wp","href":"https:\/\/api.w.org\/{rel}","templated":true}]}}