{"id":3904,"date":"2018-08-06T13:13:03","date_gmt":"2018-08-06T10:13:03","guid":{"rendered":"http:\/\/kim.lv\/?p=3904"},"modified":"2018-08-06T13:13:51","modified_gmt":"2018-08-06T10:13:51","slug":"lekcija-diskusija-fotografija-interneta-vide","status":"publish","type":"post","link":"https:\/\/kim.lv\/lv\/lekcija-diskusija-fotografija-interneta-vide\/","title":{"rendered":"Lekcija \/ diskusija &#8220;Fotogr\u0101fija interneta vid\u0113&#8221;"},"content":{"rendered":"Ceturtdien, 1. apr\u012bl\u012b 19:00 ikviens interesents bija aicin\u0101ts uz pirmo lekciju Kim? lekciju cikla \u201eFoto Kvart\u0101la las\u012bjumi\u201d ietvaros. \u0160is lekciju cikls tiks velt\u012bts aktualit\u0101t\u0113m fotogr\u0101fij\u0101 un fotom\u0101ksl\u0101.<\/p>\n<p>AS <em>Delfi <\/em>direktors, <em><a href=\"http:\/\/www.delfi.lv\/\" target=\"_blank\" rel=\"noopener\">Delfi.lv<\/a> <\/em>fotokonkursa iniciators Juris Mendzi\u0146\u0161 un fotogr\u0101fs, fotozi\u0146u a\u0123ent\u016bras <em><a href=\"http:\/\/foto.f64.lv\/fotoweb\/\" target=\"_blank\" rel=\"noopener\">F64<\/a> <\/em>vad\u012bt\u0101js Gatis Rozenfelds run\u0101s par fotogr\u0101fu karjeras un profesion\u0101l\u0101s izaugsmes iesp\u0113j\u0101m e-vid\u0113, par pilsonisko foto\u017eurn\u0101listiku un atkl\u0101tajiem fotokonkursiem. Vai \u0161odien ir j\u0113ga v\u0101rdiem \u201eamatieris\u201d un \u201eprofesion\u0101lis\u201d, k\u0101ds ir \u0161o j\u0113dzienu statuss m\u016bsdienu dinamiskaj\u0101 vid\u0113? K\u0101 digit\u0101l\u0101 datu apmai\u0146a, t\u0101s \u0101trums un glob\u0101lais raksturs ietekm\u0113 fotogr\u0101fijas izplat\u012bbas iesp\u0113jas un pa\u0161as fotogr\u0101fijas att\u012bst\u012bbu? Vai internets ir vispateic\u012bg\u0101k\u0101 vide fotogr\u0101fijai 21. gadsimt\u0101? \u0160ie un citi jaut\u0101jumi \u2013 atkl\u0101taj\u0101 diskusij\u0101, kur\u0101 piedal\u012bsies port\u0101la <em><a href=\"http:\/\/fotosiena.lv\/\" target=\"_blank\" rel=\"noopener\">fotosiena.lv<\/a> <\/em>veidot\u0101ji un citi interesenti.","protected":false},"excerpt":{"rendered":"<p>Ceturtdien, 1. apr\u012bl\u012b 19:00 ikviens interesents bija aicin\u0101ts uz pirmo lekciju Kim? lekciju cikla \u201eFoto Kvart\u0101la las\u012bjumi\u201d ietvaros. \u0160is lekciju cikls tiks velt\u012bts aktualit\u0101t\u0113m fotogr\u0101fij\u0101 un fotom\u0101ksl\u0101. AS Delfi direktors, Delfi.lv fotokonkursa iniciators Juris Mendzi\u0146\u0161 un fotogr\u0101fs, fotozi\u0146u a\u0123ent\u016bras F64 vad\u012bt\u0101js Gatis Rozenfelds run\u0101s par fotogr\u0101fu karjeras un profesion\u0101l\u0101s izaugsmes iesp\u0113j\u0101m e-vid\u0113, par pilsonisko foto\u017eurn\u0101listiku [&hellip;]<\/p>\n","protected":false},"author":2,"featured_media":0,"comment_status":"open","ping_status":"open","sticky":false,"template":"","format":"standard","meta":{"inline_featured_image":false,"footnotes":""},"categories":[35,5,25],"tags":[],"class_list":["post-3904","post","type-post","status-publish","format-standard","hentry","category-2010-past-events","category-kim-events","category-past-events"],"acf":[],"yoast_head":"<!-- This site is optimized with the Yoast SEO plugin v21.9 - https:\/\/yoast.com\/wordpress\/plugins\/seo\/ -->\n<title>Lekcija \/ diskusija &quot;Fotogr\u0101fija interneta vid\u0113&quot; - Kim? Laikmet\u012bg\u0101s m\u0101kslas centrs<\/title>\n<meta name=\"robots\" content=\"index, follow, max-snippet:-1, max-image-preview:large, max-video-preview:-1\" \/>\n<link rel=\"canonical\" href=\"https:\/\/kim.lv\/en\/lekcija-diskusija-fotografija-interneta-vide\/\" \/>\n<meta property=\"og:locale\" content=\"lv_LV\" \/>\n<meta property=\"og:type\" content=\"article\" \/>\n<meta property=\"og:title\" content=\"[:en]Lecture \/ discussion &quot;Photography on the Internet&quot;[:lv]Lekcija \/ diskusija &quot;Fotogr\u0101fija interneta vid\u0113&quot;[:] - Kim? Laikmet\u012bg\u0101s m\u0101kslas centrs\" \/>\n<meta property=\"og:description\" content=\"Ceturtdien, 1. apr\u012bl\u012b 19:00 ikviens interesents bija aicin\u0101ts uz pirmo lekciju Kim? lekciju cikla \u201eFoto Kvart\u0101la las\u012bjumi\u201d ietvaros. \u0160is lekciju cikls tiks velt\u012bts aktualit\u0101t\u0113m fotogr\u0101fij\u0101 un fotom\u0101ksl\u0101. AS Delfi direktors, Delfi.lv fotokonkursa iniciators Juris Mendzi\u0146\u0161 un fotogr\u0101fs, fotozi\u0146u a\u0123ent\u016bras F64 vad\u012bt\u0101js Gatis Rozenfelds run\u0101s par fotogr\u0101fu karjeras un profesion\u0101l\u0101s izaugsmes iesp\u0113j\u0101m e-vid\u0113, par pilsonisko foto\u017eurn\u0101listiku [&hellip;]\" \/>\n<meta property=\"og:url\" content=\"https:\/\/kim.lv\/en\/lekcija-diskusija-fotografija-interneta-vide\/\" \/>\n<meta property=\"og:site_name\" content=\"Kim? Laikmet\u012bg\u0101s m\u0101kslas centrs\" \/>\n<meta property=\"article:published_time\" content=\"2018-08-06T10:13:03+00:00\" \/>\n<meta property=\"article:modified_time\" content=\"2018-08-06T10:13:51+00:00\" \/>\n<meta name=\"author\" content=\"Kim?\" \/>\n<meta name=\"twitter:card\" content=\"summary_large_image\" \/>\n<meta name=\"twitter:label1\" content=\"Written by\" \/>\n\t<meta name=\"twitter:data1\" content=\"Kim?\" \/>\n\t<meta name=\"twitter:label2\" content=\"Est. reading time\" \/>\n\t<meta name=\"twitter:data2\" content=\"2 minutes\" \/>\n<script type=\"application\/ld+json\" class=\"yoast-schema-graph\">{\"@context\":\"https:\/\/schema.org\",\"@graph\":[{\"@type\":\"WebPage\",\"@id\":\"https:\/\/kim.lv\/en\/lekcija-diskusija-fotografija-interneta-vide\/\",\"url\":\"https:\/\/kim.lv\/en\/lekcija-diskusija-fotografija-interneta-vide\/\",\"name\":\"[:en]Lecture \/ discussion \\\"Photography on the Internet\\\"[:lv]Lekcija \/ diskusija \\\"Fotogr\u0101fija interneta vid\u0113\\\"[:] - Kim? Laikmet\u012bg\u0101s m\u0101kslas centrs\",\"isPartOf\":{\"@id\":\"https:\/\/kim.lv\/en\/#website\"},\"datePublished\":\"2018-08-06T10:13:03+00:00\",\"dateModified\":\"2018-08-06T10:13:51+00:00\",\"author\":{\"@id\":\"https:\/\/kim.lv\/en\/#\/schema\/person\/56f07ec6715af61b0d0ed9835c282330\"},\"breadcrumb\":{\"@id\":\"https:\/\/kim.lv\/en\/lekcija-diskusija-fotografija-interneta-vide\/#breadcrumb\"},\"inLanguage\":\"lv-LV\",\"potentialAction\":[{\"@type\":\"ReadAction\",\"target\":[\"https:\/\/kim.lv\/en\/lekcija-diskusija-fotografija-interneta-vide\/\"]}]},{\"@type\":\"BreadcrumbList\",\"@id\":\"https:\/\/kim.lv\/en\/lekcija-diskusija-fotografija-interneta-vide\/#breadcrumb\",\"itemListElement\":[{\"@type\":\"ListItem\",\"position\":1,\"name\":\"Home\",\"item\":\"https:\/\/kim.lv\/\"},{\"@type\":\"ListItem\",\"position\":2,\"name\":\"Lecture \/ discussion &#8220;Photography on the Internet&#8221;\"}]},{\"@type\":\"WebSite\",\"@id\":\"https:\/\/kim.lv\/en\/#website\",\"url\":\"https:\/\/kim.lv\/en\/\",\"name\":\"Kim? Laikmet\u012bg\u0101s m\u0101kslas centrs\",\"description\":\"\",\"potentialAction\":[{\"@type\":\"SearchAction\",\"target\":{\"@type\":\"EntryPoint\",\"urlTemplate\":\"https:\/\/kim.lv\/en\/?s={search_term_string}\"},\"query-input\":\"required name=search_term_string\"}],\"inLanguage\":\"lv-LV\"},{\"@type\":\"Person\",\"@id\":\"https:\/\/kim.lv\/en\/#\/schema\/person\/56f07ec6715af61b0d0ed9835c282330\",\"name\":\"Kim?\",\"image\":{\"@type\":\"ImageObject\",\"inLanguage\":\"lv-LV\",\"@id\":\"https:\/\/kim.lv\/en\/#\/schema\/person\/image\/\",\"url\":\"https:\/\/secure.gravatar.com\/avatar\/95e223367867817ed896bcfb04f433d88d871bfbb4f33c528e26ce5c2786508f?s=96&d=mm&r=g\",\"contentUrl\":\"https:\/\/secure.gravatar.com\/avatar\/95e223367867817ed896bcfb04f433d88d871bfbb4f33c528e26ce5c2786508f?s=96&d=mm&r=g\",\"caption\":\"Kim?\"},\"url\":\"https:\/\/kim.lv\/lv\/author\/kim\/\"}]}<\/script>\n<!-- \/ Yoast SEO plugin. -->","yoast_head_json":{"title":"[:en]Lecture \/ discussion \"Photography on the Internet\"[:lv]Lekcija \/ diskusija \"Fotogr\u0101fija interneta vid\u0113\"[:] - Kim? Laikmet\u012bg\u0101s m\u0101kslas centrs","robots":{"index":"index","follow":"follow","max-snippet":"max-snippet:-1","max-image-preview":"max-image-preview:large","max-video-preview":"max-video-preview:-1"},"canonical":"https:\/\/kim.lv\/en\/lekcija-diskusija-fotografija-interneta-vide\/","og_locale":"lv_LV","og_type":"article","og_title":"[:en]Lecture \/ discussion \"Photography on the Internet\"[:lv]Lekcija \/ diskusija \"Fotogr\u0101fija interneta vid\u0113\"[:] - Kim? Laikmet\u012bg\u0101s m\u0101kslas centrs","og_description":"Ceturtdien, 1. apr\u012bl\u012b 19:00 ikviens interesents bija aicin\u0101ts uz pirmo lekciju Kim? lekciju cikla \u201eFoto Kvart\u0101la las\u012bjumi\u201d ietvaros. \u0160is lekciju cikls tiks velt\u012bts aktualit\u0101t\u0113m fotogr\u0101fij\u0101 un fotom\u0101ksl\u0101. AS Delfi direktors, Delfi.lv fotokonkursa iniciators Juris Mendzi\u0146\u0161 un fotogr\u0101fs, fotozi\u0146u a\u0123ent\u016bras F64 vad\u012bt\u0101js Gatis Rozenfelds run\u0101s par fotogr\u0101fu karjeras un profesion\u0101l\u0101s izaugsmes iesp\u0113j\u0101m e-vid\u0113, par pilsonisko foto\u017eurn\u0101listiku [&hellip;]","og_url":"https:\/\/kim.lv\/en\/lekcija-diskusija-fotografija-interneta-vide\/","og_site_name":"Kim? Laikmet\u012bg\u0101s m\u0101kslas centrs","article_published_time":"2018-08-06T10:13:03+00:00","article_modified_time":"2018-08-06T10:13:51+00:00","author":"Kim?","twitter_card":"summary_large_image","twitter_misc":{"Written by":"Kim?","Est. reading time":"2 minutes"},"schema":{"@context":"https:\/\/schema.org","@graph":[{"@type":"WebPage","@id":"https:\/\/kim.lv\/en\/lekcija-diskusija-fotografija-interneta-vide\/","url":"https:\/\/kim.lv\/en\/lekcija-diskusija-fotografija-interneta-vide\/","name":"[:en]Lecture \/ discussion \"Photography on the Internet\"[:lv]Lekcija \/ diskusija \"Fotogr\u0101fija interneta vid\u0113\"[:] - Kim? Laikmet\u012bg\u0101s m\u0101kslas centrs","isPartOf":{"@id":"https:\/\/kim.lv\/en\/#website"},"datePublished":"2018-08-06T10:13:03+00:00","dateModified":"2018-08-06T10:13:51+00:00","author":{"@id":"https:\/\/kim.lv\/en\/#\/schema\/person\/56f07ec6715af61b0d0ed9835c282330"},"breadcrumb":{"@id":"https:\/\/kim.lv\/en\/lekcija-diskusija-fotografija-interneta-vide\/#breadcrumb"},"inLanguage":"lv-LV","potentialAction":[{"@type":"ReadAction","target":["https:\/\/kim.lv\/en\/lekcija-diskusija-fotografija-interneta-vide\/"]}]},{"@type":"BreadcrumbList","@id":"https:\/\/kim.lv\/en\/lekcija-diskusija-fotografija-interneta-vide\/#breadcrumb","itemListElement":[{"@type":"ListItem","position":1,"name":"Home","item":"https:\/\/kim.lv\/"},{"@type":"ListItem","position":2,"name":"Lecture \/ discussion &#8220;Photography on the Internet&#8221;"}]},{"@type":"WebSite","@id":"https:\/\/kim.lv\/en\/#website","url":"https:\/\/kim.lv\/en\/","name":"Kim? Laikmet\u012bg\u0101s m\u0101kslas centrs","description":"","potentialAction":[{"@type":"SearchAction","target":{"@type":"EntryPoint","urlTemplate":"https:\/\/kim.lv\/en\/?s={search_term_string}"},"query-input":"required name=search_term_string"}],"inLanguage":"lv-LV"},{"@type":"Person","@id":"https:\/\/kim.lv\/en\/#\/schema\/person\/56f07ec6715af61b0d0ed9835c282330","name":"Kim?","image":{"@type":"ImageObject","inLanguage":"lv-LV","@id":"https:\/\/kim.lv\/en\/#\/schema\/person\/image\/","url":"https:\/\/secure.gravatar.com\/avatar\/95e223367867817ed896bcfb04f433d88d871bfbb4f33c528e26ce5c2786508f?s=96&d=mm&r=g","contentUrl":"https:\/\/secure.gravatar.com\/avatar\/95e223367867817ed896bcfb04f433d88d871bfbb4f33c528e26ce5c2786508f?s=96&d=mm&r=g","caption":"Kim?"},"url":"https:\/\/kim.lv\/lv\/author\/kim\/"}]}},"_links":{"self":[{"href":"https:\/\/kim.lv\/lv\/wp-json\/wp\/v2\/posts\/3904","targetHints":{"allow":["GET"]}}],"collection":[{"href":"https:\/\/kim.lv\/lv\/wp-json\/wp\/v2\/posts"}],"about":[{"href":"https:\/\/kim.lv\/lv\/wp-json\/wp\/v2\/types\/post"}],"author":[{"embeddable":true,"href":"https:\/\/kim.lv\/lv\/wp-json\/wp\/v2\/users\/2"}],"replies":[{"embeddable":true,"href":"https:\/\/kim.lv\/lv\/wp-json\/wp\/v2\/comments?post=3904"}],"version-history":[{"count":2,"href":"https:\/\/kim.lv\/lv\/wp-json\/wp\/v2\/posts\/3904\/revisions"}],"predecessor-version":[{"id":3907,"href":"https:\/\/kim.lv\/lv\/wp-json\/wp\/v2\/posts\/3904\/revisions\/3907"}],"wp:attachment":[{"href":"https:\/\/kim.lv\/lv\/wp-json\/wp\/v2\/media?parent=3904"}],"wp:term":[{"taxonomy":"category","embeddable":true,"href":"https:\/\/kim.lv\/lv\/wp-json\/wp\/v2\/categories?post=3904"},{"taxonomy":"post_tag","embeddable":true,"href":"https:\/\/kim.lv\/lv\/wp-json\/wp\/v2\/tags?post=3904"}],"curies":[{"name":"wp","href":"https:\/\/api.w.org\/{rel}","templated":true}]}}