{"id":3913,"date":"2018-08-06T14:09:45","date_gmt":"2018-08-06T11:09:45","guid":{"rendered":"http:\/\/kim.lv\/?p=3913"},"modified":"2018-08-06T14:09:45","modified_gmt":"2018-08-06T11:09:45","slug":"izstade-celoni-un-sekas","status":"publish","type":"post","link":"https:\/\/kim.lv\/lv\/izstade-celoni-un-sekas\/","title":{"rendered":"Izst\u0101de &#8220;C\u0113lo\u0146i un sekas&#8221;"},"content":{"rendered":"No 2010. gada 17. apr\u012b\u013ca l\u012bdz 9. maijam Programmas nr. 10 ietvaros Kim? \/ VKN galerij\u0101 b\u016bs apskat\u0101ma se\u0161u latvie\u0161u m\u0101kslinieku darbu izst\u0101de \u201eC\u0113lo\u0146i un sekas\u201d. Izst\u0101de ir velt\u012bta <a href=\"http:\/\/cognition.lu.lv\/\" target=\"_blank\" rel=\"noopener\">Latvijas Universit\u0101tes Kognit\u012bvo zin\u0101t\u0146u un semantikas centra<\/a> organiz\u0113tajam 6. Starptautiskajam kognit\u012bvo zin\u0101t\u0146u, lo\u0123ikas un komunik\u0101cijas simpozijam \u201eForm\u0101l\u0101 semantika un pragmatika: diskurss, konteksts un mode\u013ci\u201d, kas no 23. l\u012bdz 25. apr\u012blim notika Latvijas Universit\u0101t\u0113.<\/p>\n<p>Viena no pasaul\u0113 nov\u0113rojamo notikumu likumsakar\u012bb\u0101m ir c\u0113lo\u0146u un seku attiec\u012bbas, par kuru subjekt\u012bvo vai objekt\u012bvo iedabu filozofi ir pr\u0101toju\u0161i jau vair\u0101k nek\u0101 divus t\u016bksto\u0161us gadu. Viens notikums \u0161\u0137ietami nenoliedzami un neizb\u0113gami rada vai ietekm\u0113 jaunu, citu, n\u0101kamo un t\u0101 l\u012bdz bezgal\u012bbai vai nekust\u012bgajam pirmkustin\u0101t\u0101jam. Ta\u010du vai nepiecie\u0161am\u012bba, kas savieno da\u017e\u0101dos notikumus c\u0113lo\u0146u un seku vien\u012bb\u0101 past\u0101v pa\u0161os objektos vai tikai v\u0113rot\u0101ja pr\u0101t\u0101?<\/p>\n<p>Izst\u0101d\u0113 \u201eC\u0113lo\u0146i un sekas\u201d bija apskat\u0101mi p\u0101rsvar\u0101 taj\u0101 pa\u0161\u0101 gad\u0101 tapu\u0161i darbi \u2013 <a href=\"http:\/\/ksprs.wordpress.com\/\" target=\"_blank\" rel=\"noopener\">Kaspara Gro\u0161eva<\/a> instal\u0101cija \u201eTum\u0161ie kalni un nimfa\u201d, <a href=\"http:\/\/kurseva.first.lv\/lv\" target=\"_blank\" rel=\"noopener\">Maijas Kur\u0161evas<\/a> skulpt\u016bra \u201eSlazds\u201d, Oj\u0101ra P\u0113tersona darbs \u201eGe\u0146ia\u013cno, no \u0146e bo\u013ceje\u201d, <a href=\"http:\/\/www.salmanis.com\/\" target=\"_blank\" rel=\"noopener\">Kri\u0161a Salma\u0146a<\/a> fotogr\u0101fija \u201eBalts kubs\u201d, Evitas Vasi\u013cjevas darbs \u201eBez nosaukuma\u201d un Armanda Zel\u010da objekts \u201eMarijas ce\u013c\u0161\u201d \u2013, kuri da\u017e\u0101dos medijos risina, koment\u0113, apstr\u012bd un sp\u0113l\u0113jas ar c\u0113lon\u012bbas ideju. Tie ir darbi, kas rosina p\u0101rdom\u0101t vai ikvien\u0101 situ\u0101cij\u0101 var viennoz\u012bm\u012bgi noteikt, kur\u0161 no notikumiem ir c\u0113lonis un kur\u0161 ir sekas; kas notiek, ja taisno laika l\u012bniju, uz kuras izk\u0101rtojas sec\u012bgie notikumi, saliec ri\u0146\u0137\u012b un vai vienam c\u0113lonim var b\u016bt da\u017e\u0101das sekas.","protected":false},"excerpt":{"rendered":"<p>No 2010. gada 17. apr\u012b\u013ca l\u012bdz 9. maijam Programmas nr. 10 ietvaros Kim? \/ VKN galerij\u0101 b\u016bs apskat\u0101ma se\u0161u latvie\u0161u m\u0101kslinieku darbu izst\u0101de \u201eC\u0113lo\u0146i un sekas\u201d. Izst\u0101de ir velt\u012bta Latvijas Universit\u0101tes Kognit\u012bvo zin\u0101t\u0146u un semantikas centra organiz\u0113tajam 6. Starptautiskajam kognit\u012bvo zin\u0101t\u0146u, lo\u0123ikas un komunik\u0101cijas simpozijam \u201eForm\u0101l\u0101 semantika un pragmatika: diskurss, konteksts un mode\u013ci\u201d, kas no [&hellip;]<\/p>\n","protected":false},"author":2,"featured_media":0,"comment_status":"open","ping_status":"open","sticky":false,"template":"","format":"standard","meta":{"inline_featured_image":false,"footnotes":""},"categories":[35,5,25],"tags":[],"class_list":["post-3913","post","type-post","status-publish","format-standard","hentry","category-2010-past-events","category-kim-events","category-past-events"],"acf":[],"yoast_head":"<!-- This site is optimized with the Yoast SEO plugin v21.9 - https:\/\/yoast.com\/wordpress\/plugins\/seo\/ -->\n<title>Izst\u0101de &quot;C\u0113lo\u0146i un sekas&quot; - Kim? Laikmet\u012bg\u0101s m\u0101kslas centrs<\/title>\n<meta name=\"robots\" content=\"index, follow, max-snippet:-1, max-image-preview:large, max-video-preview:-1\" \/>\n<link rel=\"canonical\" href=\"https:\/\/kim.lv\/lv\/izstade-celoni-un-sekas\/\" \/>\n<meta property=\"og:locale\" content=\"lv_LV\" \/>\n<meta property=\"og:type\" content=\"article\" \/>\n<meta property=\"og:title\" content=\"[:en]Exhibition &quot;Cause and Effect&quot;[:lv]Izst\u0101de &quot;C\u0113lo\u0146i un sekas&quot;[:] - Kim? Laikmet\u012bg\u0101s m\u0101kslas centrs\" \/>\n<meta property=\"og:description\" content=\"No 2010. gada 17. apr\u012b\u013ca l\u012bdz 9. maijam Programmas nr. 10 ietvaros Kim? \/ VKN galerij\u0101 b\u016bs apskat\u0101ma se\u0161u latvie\u0161u m\u0101kslinieku darbu izst\u0101de \u201eC\u0113lo\u0146i un sekas\u201d. Izst\u0101de ir velt\u012bta Latvijas Universit\u0101tes Kognit\u012bvo zin\u0101t\u0146u un semantikas centra organiz\u0113tajam 6. Starptautiskajam kognit\u012bvo zin\u0101t\u0146u, lo\u0123ikas un komunik\u0101cijas simpozijam \u201eForm\u0101l\u0101 semantika un pragmatika: diskurss, konteksts un mode\u013ci\u201d, kas no [&hellip;]\" \/>\n<meta property=\"og:url\" content=\"https:\/\/kim.lv\/lv\/izstade-celoni-un-sekas\/\" \/>\n<meta property=\"og:site_name\" content=\"Kim? Laikmet\u012bg\u0101s m\u0101kslas centrs\" \/>\n<meta property=\"article:published_time\" content=\"2018-08-06T11:09:45+00:00\" \/>\n<meta name=\"author\" content=\"Kim?\" \/>\n<meta name=\"twitter:card\" content=\"summary_large_image\" \/>\n<meta name=\"twitter:label1\" content=\"Written by\" \/>\n\t<meta name=\"twitter:data1\" content=\"Kim?\" \/>\n\t<meta name=\"twitter:label2\" content=\"Est. reading time\" \/>\n\t<meta name=\"twitter:data2\" content=\"3 minutes\" \/>\n<script type=\"application\/ld+json\" class=\"yoast-schema-graph\">{\"@context\":\"https:\/\/schema.org\",\"@graph\":[{\"@type\":\"WebPage\",\"@id\":\"https:\/\/kim.lv\/lv\/izstade-celoni-un-sekas\/\",\"url\":\"https:\/\/kim.lv\/lv\/izstade-celoni-un-sekas\/\",\"name\":\"[:en]Exhibition \\\"Cause and Effect\\\"[:lv]Izst\u0101de \\\"C\u0113lo\u0146i un sekas\\\"[:] - Kim? Laikmet\u012bg\u0101s m\u0101kslas centrs\",\"isPartOf\":{\"@id\":\"https:\/\/kim.lv\/en\/#website\"},\"datePublished\":\"2018-08-06T11:09:45+00:00\",\"dateModified\":\"2018-08-06T11:09:45+00:00\",\"author\":{\"@id\":\"https:\/\/kim.lv\/en\/#\/schema\/person\/56f07ec6715af61b0d0ed9835c282330\"},\"breadcrumb\":{\"@id\":\"https:\/\/kim.lv\/lv\/izstade-celoni-un-sekas\/#breadcrumb\"},\"inLanguage\":\"lv-LV\",\"potentialAction\":[{\"@type\":\"ReadAction\",\"target\":[\"https:\/\/kim.lv\/lv\/izstade-celoni-un-sekas\/\"]}]},{\"@type\":\"BreadcrumbList\",\"@id\":\"https:\/\/kim.lv\/lv\/izstade-celoni-un-sekas\/#breadcrumb\",\"itemListElement\":[{\"@type\":\"ListItem\",\"position\":1,\"name\":\"Home\",\"item\":\"https:\/\/kim.lv\/\"},{\"@type\":\"ListItem\",\"position\":2,\"name\":\"Izst\u0101de &#8220;C\u0113lo\u0146i un sekas&#8221;\"}]},{\"@type\":\"WebSite\",\"@id\":\"https:\/\/kim.lv\/en\/#website\",\"url\":\"https:\/\/kim.lv\/en\/\",\"name\":\"Kim? Laikmet\u012bg\u0101s m\u0101kslas centrs\",\"description\":\"\",\"potentialAction\":[{\"@type\":\"SearchAction\",\"target\":{\"@type\":\"EntryPoint\",\"urlTemplate\":\"https:\/\/kim.lv\/en\/?s={search_term_string}\"},\"query-input\":\"required name=search_term_string\"}],\"inLanguage\":\"lv-LV\"},{\"@type\":\"Person\",\"@id\":\"https:\/\/kim.lv\/en\/#\/schema\/person\/56f07ec6715af61b0d0ed9835c282330\",\"name\":\"Kim?\",\"image\":{\"@type\":\"ImageObject\",\"inLanguage\":\"lv-LV\",\"@id\":\"https:\/\/kim.lv\/en\/#\/schema\/person\/image\/\",\"url\":\"https:\/\/secure.gravatar.com\/avatar\/95e223367867817ed896bcfb04f433d88d871bfbb4f33c528e26ce5c2786508f?s=96&d=mm&r=g\",\"contentUrl\":\"https:\/\/secure.gravatar.com\/avatar\/95e223367867817ed896bcfb04f433d88d871bfbb4f33c528e26ce5c2786508f?s=96&d=mm&r=g\",\"caption\":\"Kim?\"},\"url\":\"https:\/\/kim.lv\/lv\/author\/kim\/\"}]}<\/script>\n<!-- \/ Yoast SEO plugin. -->","yoast_head_json":{"title":"[:en]Exhibition \"Cause and Effect\"[:lv]Izst\u0101de \"C\u0113lo\u0146i un sekas\"[:] - Kim? Laikmet\u012bg\u0101s m\u0101kslas centrs","robots":{"index":"index","follow":"follow","max-snippet":"max-snippet:-1","max-image-preview":"max-image-preview:large","max-video-preview":"max-video-preview:-1"},"canonical":"https:\/\/kim.lv\/lv\/izstade-celoni-un-sekas\/","og_locale":"lv_LV","og_type":"article","og_title":"[:en]Exhibition \"Cause and Effect\"[:lv]Izst\u0101de \"C\u0113lo\u0146i un sekas\"[:] - Kim? Laikmet\u012bg\u0101s m\u0101kslas centrs","og_description":"No 2010. gada 17. apr\u012b\u013ca l\u012bdz 9. maijam Programmas nr. 10 ietvaros Kim? \/ VKN galerij\u0101 b\u016bs apskat\u0101ma se\u0161u latvie\u0161u m\u0101kslinieku darbu izst\u0101de \u201eC\u0113lo\u0146i un sekas\u201d. Izst\u0101de ir velt\u012bta Latvijas Universit\u0101tes Kognit\u012bvo zin\u0101t\u0146u un semantikas centra organiz\u0113tajam 6. Starptautiskajam kognit\u012bvo zin\u0101t\u0146u, lo\u0123ikas un komunik\u0101cijas simpozijam \u201eForm\u0101l\u0101 semantika un pragmatika: diskurss, konteksts un mode\u013ci\u201d, kas no [&hellip;]","og_url":"https:\/\/kim.lv\/lv\/izstade-celoni-un-sekas\/","og_site_name":"Kim? Laikmet\u012bg\u0101s m\u0101kslas centrs","article_published_time":"2018-08-06T11:09:45+00:00","author":"Kim?","twitter_card":"summary_large_image","twitter_misc":{"Written by":"Kim?","Est. reading time":"3 minutes"},"schema":{"@context":"https:\/\/schema.org","@graph":[{"@type":"WebPage","@id":"https:\/\/kim.lv\/lv\/izstade-celoni-un-sekas\/","url":"https:\/\/kim.lv\/lv\/izstade-celoni-un-sekas\/","name":"[:en]Exhibition \"Cause and Effect\"[:lv]Izst\u0101de \"C\u0113lo\u0146i un sekas\"[:] - Kim? Laikmet\u012bg\u0101s m\u0101kslas centrs","isPartOf":{"@id":"https:\/\/kim.lv\/en\/#website"},"datePublished":"2018-08-06T11:09:45+00:00","dateModified":"2018-08-06T11:09:45+00:00","author":{"@id":"https:\/\/kim.lv\/en\/#\/schema\/person\/56f07ec6715af61b0d0ed9835c282330"},"breadcrumb":{"@id":"https:\/\/kim.lv\/lv\/izstade-celoni-un-sekas\/#breadcrumb"},"inLanguage":"lv-LV","potentialAction":[{"@type":"ReadAction","target":["https:\/\/kim.lv\/lv\/izstade-celoni-un-sekas\/"]}]},{"@type":"BreadcrumbList","@id":"https:\/\/kim.lv\/lv\/izstade-celoni-un-sekas\/#breadcrumb","itemListElement":[{"@type":"ListItem","position":1,"name":"Home","item":"https:\/\/kim.lv\/"},{"@type":"ListItem","position":2,"name":"Izst\u0101de &#8220;C\u0113lo\u0146i un sekas&#8221;"}]},{"@type":"WebSite","@id":"https:\/\/kim.lv\/en\/#website","url":"https:\/\/kim.lv\/en\/","name":"Kim? Laikmet\u012bg\u0101s m\u0101kslas centrs","description":"","potentialAction":[{"@type":"SearchAction","target":{"@type":"EntryPoint","urlTemplate":"https:\/\/kim.lv\/en\/?s={search_term_string}"},"query-input":"required name=search_term_string"}],"inLanguage":"lv-LV"},{"@type":"Person","@id":"https:\/\/kim.lv\/en\/#\/schema\/person\/56f07ec6715af61b0d0ed9835c282330","name":"Kim?","image":{"@type":"ImageObject","inLanguage":"lv-LV","@id":"https:\/\/kim.lv\/en\/#\/schema\/person\/image\/","url":"https:\/\/secure.gravatar.com\/avatar\/95e223367867817ed896bcfb04f433d88d871bfbb4f33c528e26ce5c2786508f?s=96&d=mm&r=g","contentUrl":"https:\/\/secure.gravatar.com\/avatar\/95e223367867817ed896bcfb04f433d88d871bfbb4f33c528e26ce5c2786508f?s=96&d=mm&r=g","caption":"Kim?"},"url":"https:\/\/kim.lv\/lv\/author\/kim\/"}]}},"_links":{"self":[{"href":"https:\/\/kim.lv\/lv\/wp-json\/wp\/v2\/posts\/3913","targetHints":{"allow":["GET"]}}],"collection":[{"href":"https:\/\/kim.lv\/lv\/wp-json\/wp\/v2\/posts"}],"about":[{"href":"https:\/\/kim.lv\/lv\/wp-json\/wp\/v2\/types\/post"}],"author":[{"embeddable":true,"href":"https:\/\/kim.lv\/lv\/wp-json\/wp\/v2\/users\/2"}],"replies":[{"embeddable":true,"href":"https:\/\/kim.lv\/lv\/wp-json\/wp\/v2\/comments?post=3913"}],"version-history":[{"count":1,"href":"https:\/\/kim.lv\/lv\/wp-json\/wp\/v2\/posts\/3913\/revisions"}],"predecessor-version":[{"id":3917,"href":"https:\/\/kim.lv\/lv\/wp-json\/wp\/v2\/posts\/3913\/revisions\/3917"}],"wp:attachment":[{"href":"https:\/\/kim.lv\/lv\/wp-json\/wp\/v2\/media?parent=3913"}],"wp:term":[{"taxonomy":"category","embeddable":true,"href":"https:\/\/kim.lv\/lv\/wp-json\/wp\/v2\/categories?post=3913"},{"taxonomy":"post_tag","embeddable":true,"href":"https:\/\/kim.lv\/lv\/wp-json\/wp\/v2\/tags?post=3913"}],"curies":[{"name":"wp","href":"https:\/\/api.w.org\/{rel}","templated":true}]}}