{"id":4009,"date":"2018-09-12T12:31:51","date_gmt":"2018-09-12T09:31:51","guid":{"rendered":"http:\/\/kim.lv\/?p=4009"},"modified":"2018-10-03T18:10:35","modified_gmt":"2018-10-03T15:10:35","slug":"open-kim-call-2019-ieguvejs-ir-laura-brokanes-kuretais-projekts-eizena-berga-dzive-un-darbi","status":"publish","type":"post","link":"https:\/\/kim.lv\/lv\/open-kim-call-2019-ieguvejs-ir-laura-brokanes-kuretais-projekts-eizena-berga-dzive-un-darbi\/","title":{"rendered":"Open Kim? Call 2019 ieguv\u0113js ir Laura Brok\u0101nes k\u016br\u0113tais projekts \u201cEi\u017eena Berga dz\u012bve un darbi\u201d"},"content":{"rendered":"&nbsp;<\/p>\n<p>\u0160.g. j\u016blij\u0101 Kim? izsludin\u0101ja ikgad\u0113jo <em>Open Kim? Call 2019<\/em> konkursu, kas pret\u0113ji iepriek\u0161\u0113jiem gadiem, kad uzman\u012bbas centr\u0101 bija m\u0101kslinieki, piev\u0113rs\u0101s kuratoru praksei. Paturot pr\u0101t\u0101 m\u0101kslas ekosist\u0113mas nebeidzamo izple\u0161anos un main\u012bgos soci\u0101lpolitiskos apst\u0101k\u013cus k\u0101 Latvij\u0101 t\u0101 \u0101rpus t\u0101s, <em>Open<\/em> <em>Kim? Call 2019<\/em> aicin\u0101ja kuratorus no jauna izv\u0113rt\u0113t izst\u0101\u017eu form\u0101tu k\u0101 mediju, kas var tikt izmantots, lai papla\u0161in\u0101tu, artikul\u0113tu, aiz\u0161\u0137iltu, veicin\u0101tu un pasludin\u0101tu par\u0101d\u012bbas, kur\u0101m j\u0101top materialaiz\u0113t\u0101m k\u0101 kolekt\u012bvi uztveramai pieredzei.<\/p>\n<p>&nbsp;<\/p>\n<p>&nbsp;<\/p>\n<p><em>Open Kim? Call 2019<\/em> pieteikumus izskat\u012bja \u017e\u016brija: Kaspars Gro\u0161evs (m\u0101kslinieks\/kurators), Inga L\u0101ce (kuratore), Santa Hir\u0161a (m\u0101kslas kriti\u0137e) un Zane Onckule (Kim? programmas direktore) un izv\u0113l\u0113j\u0101s par labu Lauras Brok\u0101nes k\u016br\u0113t\u0101s izst\u0101des pieteikumam ar nosaukumu \u201cEi\u017eena Berga dz\u012bve un darbi\u201d.<\/p>\n<p>&nbsp;<\/p>\n<p>&nbsp;<\/p>\n<p>Interneta \u017eurn\u0101la &#8220;Punctum&#8221; veidot\u0101 izst\u0101de \u201cEi\u017eena Berga dz\u012bve un darbi\u201d b\u016bs nosl\u0113pumainam autoram &#8211; Latvijas vien\u012bgajam starpkaru avangarda dzejniekam velt\u012bta izst\u0101de, kas veidosies starpdisciplin\u0101ras sadarb\u012bbas rezult\u0101t\u0101. Izst\u0101d\u0113 tiks rad\u012bta laikmet\u012bg\u0101s m\u0101kslas versija par dzejnieka memori\u0101lo istabu, m\u0101ksliniecei Vikai Ekstai sastr\u0101d\u0101joties ar dzejniekiem Arti Ostupu, K\u0101rli V\u0113rdi\u0146u, Aivaru Madri, Ein\u0101ru Pel\u0161u un Raimondu \u0136ir\u0137i. Izst\u0101de norisin\u0101sies Kim? Laikmet\u012bg\u0101s m\u0101kslas centr\u0101 2019. gad\u0101 febru\u0101r\u012b-mart\u0101.<\/p>\n<p>&nbsp;<\/p>\n<p>&nbsp;<\/p>\n<p>Izst\u0101des \u201cEi\u017eena Berga dz\u012bve un darbi\u201d veidot\u0101ji laikmet\u012bg\u0101s m\u0101kslas valod\u0101 interpret\u0113s memori\u0101l\u0101 dz\u012bvok\u013ca j\u0113dzienu, izmantotojot muzeja ekspoz\u012bcij\u0101m rakstur\u012bgus elementus \u2013 m\u0113beles, dzejo\u013cu rokrakstus, korespondenci, piemi\u0146as lietas, fotogr\u0101fijas, iespieddarbus, balss un video ierakstus, m\u0101kslas darbus. \u0160is t\u0113ls \u2013 latvie\u0161u avangarda dzejnieks \u2013 iemiesos alternat\u012bvu versiju par Latvijas literat\u016bras v\u0113stures procesu, par\u0101dot ar\u012b t\u0101 l\u012bdz galam nerealiz\u0113to potenci\u0101lu. Izst\u0101des m\u0113r\u0137is ir veicin\u0101t starpdisciplin\u0101ru projektu veido\u0161anos, \u012bpa\u0161i uzsverot literat\u016bras un laikmet\u012bg\u0101s m\u0101kslas saiknes kop\u012bg\u0101 jaunrad\u0113.<\/p>\n<p>&nbsp;<\/p>\n<p>&nbsp;<\/p>\n<p><em>Open Kim? Call <\/em>iniciat\u012bva rad\u0101s 2016. gad\u0101 ar m\u0113r\u0137i veicin\u0101t daudzsolo\u0161u un talant\u012bgu m\u0101kslinieku un\/vai kuratoru savlaic\u012bgu atkl\u0101\u0161anu, nodro\u0161inot p\u0113c iesp\u0113jas lab\u0101kus priek\u0161nosac\u012bjumus un ietvaru vi\u0146u rado\u0161\u0101s ieceres veiksm\u012bgai \u012bsteno\u0161anai.<\/p>\n<p>&nbsp;<\/p>\n<p><span style=\"text-decoration: underline;\">Laura Brok\u0101ne<\/span> (dz. 1985) Literat\u016bras un filozofijas interneta \u017eurn\u0101la &#8220;Punctum&#8221; redaktore, public\u0113jusi recenzijas un intervijas vair\u0101kos kult\u016bras medijos, str\u0101d\u0101 Rakstniec\u012bbas un m\u016bzikas muzej\u0101, Latvijas M\u0101kslas akad\u0113mij\u0101 apg\u016bst kuratoru studijas.<\/p>\n<p>&nbsp;<\/p>\n<p>&nbsp;<\/p>\n<p><span style=\"text-decoration: underline;\">Viktorija Eksta<\/span>\u00a0&#8220;Vika Eksta&#8221;(dz. 1987) ir vizu\u0101l\u0101 m\u0101ksliniece un pedago\u0123e, kuru interes\u0113 ilgtermi\u0146a foto projekti, performance un vizu\u0101lu arh\u012bvu p\u0113tniec\u012bba. Kop\u0161 2014. gada piedal\u0101s izst\u0101d\u0113s Latvij\u0101 un starptautiskos projektos. Apguvusi fotogr\u0101fiju pie Andreja Granta un EFTI fotoskol\u0101 Madrid\u0113. Ekstai ir bakalaura gr\u0101ds filmu teorij\u0101 un ma\u0123istra gr\u0101ds vizu\u0101laj\u0101 komunik\u0101cij\u0101. 2016. gad\u0101 vi\u0146a sa\u0146\u0113ma ADC Young Guns balvu un R\u012bgas Fotogr\u0101fijas Bienn\u0101les balvu jaunajiem Baltijas fotogr\u0101fiem.<\/p>\n<p>&nbsp;<\/p>\n<p>&nbsp;<\/p>\n<p>Atbalsts: Valsts Kult\u016brkapit\u0101la fonds<\/p>\n<p>&nbsp;","protected":false},"excerpt":{"rendered":"<p>&nbsp; \u0160.g. j\u016blij\u0101 Kim? izsludin\u0101ja ikgad\u0113jo Open Kim? Call 2019 konkursu, kas pret\u0113ji iepriek\u0161\u0113jiem gadiem, kad uzman\u012bbas centr\u0101 bija m\u0101kslinieki, piev\u0113rs\u0101s kuratoru praksei. Paturot pr\u0101t\u0101 m\u0101kslas ekosist\u0113mas nebeidzamo izple\u0161anos un main\u012bgos soci\u0101lpolitiskos apst\u0101k\u013cus k\u0101 Latvij\u0101 t\u0101 \u0101rpus t\u0101s, Open Kim? Call 2019 aicin\u0101ja kuratorus no jauna izv\u0113rt\u0113t izst\u0101\u017eu form\u0101tu k\u0101 mediju, kas var tikt izmantots, [&hellip;]<\/p>\n","protected":false},"author":2,"featured_media":0,"comment_status":"open","ping_status":"open","sticky":false,"template":"","format":"standard","meta":{"inline_featured_image":false,"footnotes":""},"categories":[4,1],"tags":[],"class_list":["post-4009","post","type-post","status-publish","format-standard","hentry","category-kim-exhibitions","category-uncategorized"],"acf":[],"yoast_head":"<!-- This site is optimized with the Yoast SEO plugin v21.9 - https:\/\/yoast.com\/wordpress\/plugins\/seo\/ -->\n<title>Open Kim? Call 2019 ieguv\u0113js ir Laura Brok\u0101nes k\u016br\u0113tais projekts \u201cEi\u017eena Berga dz\u012bve un darbi\u201d - Kim? Laikmet\u012bg\u0101s m\u0101kslas centrs<\/title>\n<meta name=\"robots\" content=\"index, follow, max-snippet:-1, max-image-preview:large, max-video-preview:-1\" \/>\n<link rel=\"canonical\" href=\"https:\/\/kim.lv\/en\/open-kim-call-2019-ieguvejs-ir-laura-brokanes-kuretais-projekts-eizena-berga-dzive-un-darbi\/\" \/>\n<meta property=\"og:locale\" content=\"lv_LV\" \/>\n<meta property=\"og:type\" content=\"article\" \/>\n<meta property=\"og:title\" content=\"[:lv]Open Kim? Call 2019 ieguv\u0113js ir Laura Brok\u0101nes k\u016br\u0113tais projekts \u201cEi\u017eena Berga dz\u012bve un darbi\u201d[:] - Kim? Laikmet\u012bg\u0101s m\u0101kslas centrs\" \/>\n<meta property=\"og:description\" content=\"&nbsp; \u0160.g. j\u016blij\u0101 Kim? izsludin\u0101ja ikgad\u0113jo Open Kim? Call 2019 konkursu, kas pret\u0113ji iepriek\u0161\u0113jiem gadiem, kad uzman\u012bbas centr\u0101 bija m\u0101kslinieki, piev\u0113rs\u0101s kuratoru praksei. Paturot pr\u0101t\u0101 m\u0101kslas ekosist\u0113mas nebeidzamo izple\u0161anos un main\u012bgos soci\u0101lpolitiskos apst\u0101k\u013cus k\u0101 Latvij\u0101 t\u0101 \u0101rpus t\u0101s, Open Kim? Call 2019 aicin\u0101ja kuratorus no jauna izv\u0113rt\u0113t izst\u0101\u017eu form\u0101tu k\u0101 mediju, kas var tikt izmantots, [&hellip;]\" \/>\n<meta property=\"og:url\" content=\"https:\/\/kim.lv\/en\/open-kim-call-2019-ieguvejs-ir-laura-brokanes-kuretais-projekts-eizena-berga-dzive-un-darbi\/\" \/>\n<meta property=\"og:site_name\" content=\"Kim? Laikmet\u012bg\u0101s m\u0101kslas centrs\" \/>\n<meta property=\"article:published_time\" content=\"2018-09-12T09:31:51+00:00\" \/>\n<meta property=\"article:modified_time\" content=\"2018-10-03T15:10:35+00:00\" \/>\n<meta name=\"author\" content=\"Kim?\" \/>\n<meta name=\"twitter:card\" content=\"summary_large_image\" \/>\n<meta name=\"twitter:label1\" content=\"Written by\" \/>\n\t<meta name=\"twitter:data1\" content=\"Kim?\" \/>\n\t<meta name=\"twitter:label2\" content=\"Est. reading time\" \/>\n\t<meta name=\"twitter:data2\" content=\"3 minutes\" \/>\n<script type=\"application\/ld+json\" class=\"yoast-schema-graph\">{\"@context\":\"https:\/\/schema.org\",\"@graph\":[{\"@type\":\"WebPage\",\"@id\":\"https:\/\/kim.lv\/en\/open-kim-call-2019-ieguvejs-ir-laura-brokanes-kuretais-projekts-eizena-berga-dzive-un-darbi\/\",\"url\":\"https:\/\/kim.lv\/en\/open-kim-call-2019-ieguvejs-ir-laura-brokanes-kuretais-projekts-eizena-berga-dzive-un-darbi\/\",\"name\":\"[:lv]Open Kim? Call 2019 ieguv\u0113js ir Laura Brok\u0101nes k\u016br\u0113tais projekts \u201cEi\u017eena Berga dz\u012bve un darbi\u201d[:] - Kim? Laikmet\u012bg\u0101s m\u0101kslas centrs\",\"isPartOf\":{\"@id\":\"https:\/\/kim.lv\/en\/#website\"},\"datePublished\":\"2018-09-12T09:31:51+00:00\",\"dateModified\":\"2018-10-03T15:10:35+00:00\",\"author\":{\"@id\":\"https:\/\/kim.lv\/en\/#\/schema\/person\/56f07ec6715af61b0d0ed9835c282330\"},\"breadcrumb\":{\"@id\":\"https:\/\/kim.lv\/en\/open-kim-call-2019-ieguvejs-ir-laura-brokanes-kuretais-projekts-eizena-berga-dzive-un-darbi\/#breadcrumb\"},\"inLanguage\":\"lv-LV\",\"potentialAction\":[{\"@type\":\"ReadAction\",\"target\":[\"https:\/\/kim.lv\/en\/open-kim-call-2019-ieguvejs-ir-laura-brokanes-kuretais-projekts-eizena-berga-dzive-un-darbi\/\"]}]},{\"@type\":\"BreadcrumbList\",\"@id\":\"https:\/\/kim.lv\/en\/open-kim-call-2019-ieguvejs-ir-laura-brokanes-kuretais-projekts-eizena-berga-dzive-un-darbi\/#breadcrumb\",\"itemListElement\":[{\"@type\":\"ListItem\",\"position\":1,\"name\":\"Home\",\"item\":\"https:\/\/kim.lv\/\"},{\"@type\":\"ListItem\",\"position\":2,\"name\":\"Open Kim? Call 2019 ieguv\u0113js ir Laura Brok\u0101nes k\u016br\u0113tais projekts \u201cEi\u017eena Berga dz\u012bve un darbi\u201d\"}]},{\"@type\":\"WebSite\",\"@id\":\"https:\/\/kim.lv\/en\/#website\",\"url\":\"https:\/\/kim.lv\/en\/\",\"name\":\"Kim? Laikmet\u012bg\u0101s m\u0101kslas centrs\",\"description\":\"\",\"potentialAction\":[{\"@type\":\"SearchAction\",\"target\":{\"@type\":\"EntryPoint\",\"urlTemplate\":\"https:\/\/kim.lv\/en\/?s={search_term_string}\"},\"query-input\":\"required name=search_term_string\"}],\"inLanguage\":\"lv-LV\"},{\"@type\":\"Person\",\"@id\":\"https:\/\/kim.lv\/en\/#\/schema\/person\/56f07ec6715af61b0d0ed9835c282330\",\"name\":\"Kim?\",\"image\":{\"@type\":\"ImageObject\",\"inLanguage\":\"lv-LV\",\"@id\":\"https:\/\/kim.lv\/en\/#\/schema\/person\/image\/\",\"url\":\"https:\/\/secure.gravatar.com\/avatar\/95e223367867817ed896bcfb04f433d88d871bfbb4f33c528e26ce5c2786508f?s=96&d=mm&r=g\",\"contentUrl\":\"https:\/\/secure.gravatar.com\/avatar\/95e223367867817ed896bcfb04f433d88d871bfbb4f33c528e26ce5c2786508f?s=96&d=mm&r=g\",\"caption\":\"Kim?\"},\"url\":\"https:\/\/kim.lv\/lv\/author\/kim\/\"}]}<\/script>\n<!-- \/ Yoast SEO plugin. -->","yoast_head_json":{"title":"[:lv]Open Kim? Call 2019 ieguv\u0113js ir Laura Brok\u0101nes k\u016br\u0113tais projekts \u201cEi\u017eena Berga dz\u012bve un darbi\u201d[:] - Kim? Laikmet\u012bg\u0101s m\u0101kslas centrs","robots":{"index":"index","follow":"follow","max-snippet":"max-snippet:-1","max-image-preview":"max-image-preview:large","max-video-preview":"max-video-preview:-1"},"canonical":"https:\/\/kim.lv\/en\/open-kim-call-2019-ieguvejs-ir-laura-brokanes-kuretais-projekts-eizena-berga-dzive-un-darbi\/","og_locale":"lv_LV","og_type":"article","og_title":"[:lv]Open Kim? Call 2019 ieguv\u0113js ir Laura Brok\u0101nes k\u016br\u0113tais projekts \u201cEi\u017eena Berga dz\u012bve un darbi\u201d[:] - Kim? Laikmet\u012bg\u0101s m\u0101kslas centrs","og_description":"&nbsp; \u0160.g. j\u016blij\u0101 Kim? izsludin\u0101ja ikgad\u0113jo Open Kim? Call 2019 konkursu, kas pret\u0113ji iepriek\u0161\u0113jiem gadiem, kad uzman\u012bbas centr\u0101 bija m\u0101kslinieki, piev\u0113rs\u0101s kuratoru praksei. Paturot pr\u0101t\u0101 m\u0101kslas ekosist\u0113mas nebeidzamo izple\u0161anos un main\u012bgos soci\u0101lpolitiskos apst\u0101k\u013cus k\u0101 Latvij\u0101 t\u0101 \u0101rpus t\u0101s, Open Kim? Call 2019 aicin\u0101ja kuratorus no jauna izv\u0113rt\u0113t izst\u0101\u017eu form\u0101tu k\u0101 mediju, kas var tikt izmantots, [&hellip;]","og_url":"https:\/\/kim.lv\/en\/open-kim-call-2019-ieguvejs-ir-laura-brokanes-kuretais-projekts-eizena-berga-dzive-un-darbi\/","og_site_name":"Kim? Laikmet\u012bg\u0101s m\u0101kslas centrs","article_published_time":"2018-09-12T09:31:51+00:00","article_modified_time":"2018-10-03T15:10:35+00:00","author":"Kim?","twitter_card":"summary_large_image","twitter_misc":{"Written by":"Kim?","Est. reading time":"3 minutes"},"schema":{"@context":"https:\/\/schema.org","@graph":[{"@type":"WebPage","@id":"https:\/\/kim.lv\/en\/open-kim-call-2019-ieguvejs-ir-laura-brokanes-kuretais-projekts-eizena-berga-dzive-un-darbi\/","url":"https:\/\/kim.lv\/en\/open-kim-call-2019-ieguvejs-ir-laura-brokanes-kuretais-projekts-eizena-berga-dzive-un-darbi\/","name":"[:lv]Open Kim? Call 2019 ieguv\u0113js ir Laura Brok\u0101nes k\u016br\u0113tais projekts \u201cEi\u017eena Berga dz\u012bve un darbi\u201d[:] - Kim? Laikmet\u012bg\u0101s m\u0101kslas centrs","isPartOf":{"@id":"https:\/\/kim.lv\/en\/#website"},"datePublished":"2018-09-12T09:31:51+00:00","dateModified":"2018-10-03T15:10:35+00:00","author":{"@id":"https:\/\/kim.lv\/en\/#\/schema\/person\/56f07ec6715af61b0d0ed9835c282330"},"breadcrumb":{"@id":"https:\/\/kim.lv\/en\/open-kim-call-2019-ieguvejs-ir-laura-brokanes-kuretais-projekts-eizena-berga-dzive-un-darbi\/#breadcrumb"},"inLanguage":"lv-LV","potentialAction":[{"@type":"ReadAction","target":["https:\/\/kim.lv\/en\/open-kim-call-2019-ieguvejs-ir-laura-brokanes-kuretais-projekts-eizena-berga-dzive-un-darbi\/"]}]},{"@type":"BreadcrumbList","@id":"https:\/\/kim.lv\/en\/open-kim-call-2019-ieguvejs-ir-laura-brokanes-kuretais-projekts-eizena-berga-dzive-un-darbi\/#breadcrumb","itemListElement":[{"@type":"ListItem","position":1,"name":"Home","item":"https:\/\/kim.lv\/"},{"@type":"ListItem","position":2,"name":"Open Kim? Call 2019 ieguv\u0113js ir Laura Brok\u0101nes k\u016br\u0113tais projekts \u201cEi\u017eena Berga dz\u012bve un darbi\u201d"}]},{"@type":"WebSite","@id":"https:\/\/kim.lv\/en\/#website","url":"https:\/\/kim.lv\/en\/","name":"Kim? Laikmet\u012bg\u0101s m\u0101kslas centrs","description":"","potentialAction":[{"@type":"SearchAction","target":{"@type":"EntryPoint","urlTemplate":"https:\/\/kim.lv\/en\/?s={search_term_string}"},"query-input":"required name=search_term_string"}],"inLanguage":"lv-LV"},{"@type":"Person","@id":"https:\/\/kim.lv\/en\/#\/schema\/person\/56f07ec6715af61b0d0ed9835c282330","name":"Kim?","image":{"@type":"ImageObject","inLanguage":"lv-LV","@id":"https:\/\/kim.lv\/en\/#\/schema\/person\/image\/","url":"https:\/\/secure.gravatar.com\/avatar\/95e223367867817ed896bcfb04f433d88d871bfbb4f33c528e26ce5c2786508f?s=96&d=mm&r=g","contentUrl":"https:\/\/secure.gravatar.com\/avatar\/95e223367867817ed896bcfb04f433d88d871bfbb4f33c528e26ce5c2786508f?s=96&d=mm&r=g","caption":"Kim?"},"url":"https:\/\/kim.lv\/lv\/author\/kim\/"}]}},"_links":{"self":[{"href":"https:\/\/kim.lv\/lv\/wp-json\/wp\/v2\/posts\/4009","targetHints":{"allow":["GET"]}}],"collection":[{"href":"https:\/\/kim.lv\/lv\/wp-json\/wp\/v2\/posts"}],"about":[{"href":"https:\/\/kim.lv\/lv\/wp-json\/wp\/v2\/types\/post"}],"author":[{"embeddable":true,"href":"https:\/\/kim.lv\/lv\/wp-json\/wp\/v2\/users\/2"}],"replies":[{"embeddable":true,"href":"https:\/\/kim.lv\/lv\/wp-json\/wp\/v2\/comments?post=4009"}],"version-history":[{"count":12,"href":"https:\/\/kim.lv\/lv\/wp-json\/wp\/v2\/posts\/4009\/revisions"}],"predecessor-version":[{"id":4024,"href":"https:\/\/kim.lv\/lv\/wp-json\/wp\/v2\/posts\/4009\/revisions\/4024"}],"wp:attachment":[{"href":"https:\/\/kim.lv\/lv\/wp-json\/wp\/v2\/media?parent=4009"}],"wp:term":[{"taxonomy":"category","embeddable":true,"href":"https:\/\/kim.lv\/lv\/wp-json\/wp\/v2\/categories?post=4009"},{"taxonomy":"post_tag","embeddable":true,"href":"https:\/\/kim.lv\/lv\/wp-json\/wp\/v2\/tags?post=4009"}],"curies":[{"name":"wp","href":"https:\/\/api.w.org\/{rel}","templated":true}]}}