{"id":4142,"date":"2018-10-08T18:47:23","date_gmt":"2018-10-08T15:47:23","guid":{"rendered":"http:\/\/kim.lv\/?p=4142"},"modified":"2018-10-08T18:47:23","modified_gmt":"2018-10-08T15:47:23","slug":"mit-fotoizstade-sala-09-10","status":"publish","type":"post","link":"https:\/\/kim.lv\/lv\/mit-fotoizstade-sala-09-10\/","title":{"rendered":"mit fotoizst\u0101de &#8220;Sala 09, 10&#8243;"},"content":{"rendered":"Pirmdien, 2010. gada 12. j\u016blij\u0101 17:00\u00a0Kim? m\u0101c\u012bbu izst\u0101\u017eu telp\u0101 <em>mit <\/em>tiks atkl\u0101ta Ai\u0146a Rim\u0161e\u013ca un Jura Mendzi\u0146a\u00a0 fotogr\u0101fiju izst\u0101de \u201eSala 09, 10\u201d. Izst\u0101d\u0113 b\u016bs apskat\u0101mi aptuveni \u010detrdesmit darbi, kas tapu\u0161i 2009. un 2010. gad\u0101. Savos darbos autori centu\u0161ies sajust un dokument\u0113t to \u0136\u012bpsalu, k\u0101da t\u0101 ir bijusi \u0161aj\u0101 laika period\u0101 un visticam\u0101k vairs nekad neb\u016bs.<\/p>\n<p>\u0136\u012bpsala ir savdab\u012bga vieta \u2013 sala, kas atrodas tie\u0161i blakus modern\u0101kajai bankas augstceltnei un tikai p\u0101ris kilometru att\u0101lum\u0101 no Valsts prezidenta pils. Da\u013ca salas iedz\u012bvot\u0101ju dz\u012bvo vec\u0101s koka m\u0101j\u0101s ar \u0101ra tualeti, rude\u0146os v\u0101c \u0101bolus pamest\u0101 d\u0101rz\u0101, dzer pa\u0161darin\u0101to par latu tr\u012bsdesmit, m\u012bl un ien\u012bst viens otru, slauka ielas un kaut ko dara mazd\u0101rzi\u0146os.<\/p>\n<p>\u0136\u012bpsala nav nedz lielpils\u0113tas centrs, nedz gu\u013camrajons, nedz ar\u012b nomale \u2013 ir gr\u016bti defin\u0113t, kas t\u0101 ir par vietu. Pavisam net\u0101lu no m\u016b\u017e\u012bg\u0101 sastr\u0113guma uz Van\u0161u tilta vec\u0101 \u0136\u012bpsala dz\u012bvo savu nesteidz\u012bgo dz\u012bvi un neliekas ne zinis par stresu \u0101rpus\u0113. Steigas neskarta sala.<\/p>\n<p>Lielkapit\u0101lam ar\u012b pat\u012bk \u0136\u012bpsala. T\u0101d\u0113j\u0101di \u0136\u012bpsala ir salikums no jaun\u0101, modern\u0101 un vec\u0101, nolietot\u0101, sterili sakopt\u0101 un gal\u012bgi nolaist\u0101, bag\u0101t\u0101 un pietic\u012bg\u0101. J\u0101teic, abas puses nav gatavas cie\u0161ai saskarsmei, t\u0101d\u0113\u013c \u0136\u012bpsal\u0101 ir daudz \u017eogu. Katram sava salas da\u013ca.<\/p>\n<p>\u0136\u012bpsala main\u0101s. P\u0101rtikus\u012b \u0136\u012bpsala kvart\u0101lu pa kvart\u0101lam iekaro un papla\u0161ina savu dz\u012bves telpu, patlaban v\u0113l atst\u0101jot vecajai \u0136\u012bpsalai zemes sali\u0146u starp Fabrikas restor\u0101nu un b\u016bvmateri\u0101lu veikalu. Vecie salinieki par to daudz neb\u0113d\u0101 un p\u0101rce\u013cas uz citurieni. Vai aiziet pavisam. \u0160\u012b aizejo\u0161\u0101, vec\u0101 \u0136\u012bpsalas da\u013ca ar\u012b visvair\u0101k saist\u012bjusi autoru uzman\u012bbu.<\/p>\n<p><em>kim? <\/em>m\u0101c\u012bbu izst\u0101\u017eu telpas <em>mit <\/em>patrons ir rekl\u0101mas a\u0123ent\u016bra <a href=\"http:\/\/www.ddb.com\/\" target=\"_blank\" rel=\"noopener\">DDB Worldwide<\/a>. Ar\u012b izst\u0101des autori ikdien\u0101 ir saist\u012bti ar rekl\u0101mas un mediju pasauli: Ainis Rim\u0161elis ir inform\u0101cijas un rekl\u0101mas a\u0123ent\u016bras \u201eBTR\u201d direktors, savuk\u0101rt Juris Mendzi\u0146\u0161 ir AS \u201eDelfi\u201d valdes priek\u0161s\u0113d\u0113t\u0101js.<\/p>\n<p>Autori v\u0113las izteikt \u012bpa\u0161u pateic\u012bbu savam skolot\u0101jam fotogr\u0101fam Gatim Rozenfeldam, k\u0101 ar\u012b \u017eurn\u0101lam \u201eFoto Kvart\u0101ls\u201d.","protected":false},"excerpt":{"rendered":"<p>Pirmdien, 2010. gada 12. j\u016blij\u0101 17:00\u00a0Kim? m\u0101c\u012bbu izst\u0101\u017eu telp\u0101 mit tiks atkl\u0101ta Ai\u0146a Rim\u0161e\u013ca un Jura Mendzi\u0146a\u00a0 fotogr\u0101fiju izst\u0101de \u201eSala 09, 10\u201d. Izst\u0101d\u0113 b\u016bs apskat\u0101mi aptuveni \u010detrdesmit darbi, kas tapu\u0161i 2009. un 2010. gad\u0101. Savos darbos autori centu\u0161ies sajust un dokument\u0113t to \u0136\u012bpsalu, k\u0101da t\u0101 ir bijusi \u0161aj\u0101 laika period\u0101 un visticam\u0101k vairs nekad neb\u016bs. [&hellip;]<\/p>\n","protected":false},"author":2,"featured_media":0,"comment_status":"open","ping_status":"open","sticky":false,"template":"","format":"standard","meta":{"inline_featured_image":false,"footnotes":""},"categories":[32,4,26],"tags":[],"class_list":["post-4142","post","type-post","status-publish","format-standard","hentry","category-32","category-kim-exhibitions","category-past-exhibitions"],"acf":[],"yoast_head":"<!-- This site is optimized with the Yoast SEO plugin v21.9 - https:\/\/yoast.com\/wordpress\/plugins\/seo\/ -->\n<title>mit fotoizst\u0101de &quot;Sala 09, 10&quot; - Kim? Laikmet\u012bg\u0101s m\u0101kslas centrs<\/title>\n<meta name=\"robots\" content=\"index, follow, max-snippet:-1, max-image-preview:large, max-video-preview:-1\" \/>\n<link rel=\"canonical\" href=\"https:\/\/kim.lv\/en\/mit-fotoizstade-sala-09-10\/\" \/>\n<meta property=\"og:locale\" content=\"lv_LV\" \/>\n<meta property=\"og:type\" content=\"article\" \/>\n<meta property=\"og:title\" content=\"[:en]&quot;Island 09, 10&quot;[:lv]mit fotoizst\u0101de &quot;Sala 09, 10&quot;[:] - Kim? Laikmet\u012bg\u0101s m\u0101kslas centrs\" \/>\n<meta property=\"og:description\" content=\"Pirmdien, 2010. gada 12. j\u016blij\u0101 17:00\u00a0Kim? m\u0101c\u012bbu izst\u0101\u017eu telp\u0101 mit tiks atkl\u0101ta Ai\u0146a Rim\u0161e\u013ca un Jura Mendzi\u0146a\u00a0 fotogr\u0101fiju izst\u0101de \u201eSala 09, 10\u201d. Izst\u0101d\u0113 b\u016bs apskat\u0101mi aptuveni \u010detrdesmit darbi, kas tapu\u0161i 2009. un 2010. gad\u0101. Savos darbos autori centu\u0161ies sajust un dokument\u0113t to \u0136\u012bpsalu, k\u0101da t\u0101 ir bijusi \u0161aj\u0101 laika period\u0101 un visticam\u0101k vairs nekad neb\u016bs. [&hellip;]\" \/>\n<meta property=\"og:url\" content=\"https:\/\/kim.lv\/en\/mit-fotoizstade-sala-09-10\/\" \/>\n<meta property=\"og:site_name\" content=\"Kim? Laikmet\u012bg\u0101s m\u0101kslas centrs\" \/>\n<meta property=\"article:published_time\" content=\"2018-10-08T15:47:23+00:00\" \/>\n<meta name=\"author\" content=\"Kim?\" \/>\n<meta name=\"twitter:card\" content=\"summary_large_image\" \/>\n<meta name=\"twitter:label1\" content=\"Written by\" \/>\n\t<meta name=\"twitter:data1\" content=\"Kim?\" \/>\n\t<meta name=\"twitter:label2\" content=\"Est. reading time\" \/>\n\t<meta name=\"twitter:data2\" content=\"4 minutes\" \/>\n<script type=\"application\/ld+json\" class=\"yoast-schema-graph\">{\"@context\":\"https:\/\/schema.org\",\"@graph\":[{\"@type\":\"WebPage\",\"@id\":\"https:\/\/kim.lv\/en\/mit-fotoizstade-sala-09-10\/\",\"url\":\"https:\/\/kim.lv\/en\/mit-fotoizstade-sala-09-10\/\",\"name\":\"[:en]\\\"Island 09, 10\\\"[:lv]mit fotoizst\u0101de \\\"Sala 09, 10\\\"[:] - Kim? Laikmet\u012bg\u0101s m\u0101kslas centrs\",\"isPartOf\":{\"@id\":\"https:\/\/kim.lv\/en\/#website\"},\"datePublished\":\"2018-10-08T15:47:23+00:00\",\"dateModified\":\"2018-10-08T15:47:23+00:00\",\"author\":{\"@id\":\"https:\/\/kim.lv\/en\/#\/schema\/person\/56f07ec6715af61b0d0ed9835c282330\"},\"breadcrumb\":{\"@id\":\"https:\/\/kim.lv\/en\/mit-fotoizstade-sala-09-10\/#breadcrumb\"},\"inLanguage\":\"lv-LV\",\"potentialAction\":[{\"@type\":\"ReadAction\",\"target\":[\"https:\/\/kim.lv\/en\/mit-fotoizstade-sala-09-10\/\"]}]},{\"@type\":\"BreadcrumbList\",\"@id\":\"https:\/\/kim.lv\/en\/mit-fotoizstade-sala-09-10\/#breadcrumb\",\"itemListElement\":[{\"@type\":\"ListItem\",\"position\":1,\"name\":\"Home\",\"item\":\"https:\/\/kim.lv\/\"},{\"@type\":\"ListItem\",\"position\":2,\"name\":\"&#8221;Island 09, 10&#8243;\"}]},{\"@type\":\"WebSite\",\"@id\":\"https:\/\/kim.lv\/en\/#website\",\"url\":\"https:\/\/kim.lv\/en\/\",\"name\":\"Kim? Laikmet\u012bg\u0101s m\u0101kslas centrs\",\"description\":\"\",\"potentialAction\":[{\"@type\":\"SearchAction\",\"target\":{\"@type\":\"EntryPoint\",\"urlTemplate\":\"https:\/\/kim.lv\/en\/?s={search_term_string}\"},\"query-input\":\"required name=search_term_string\"}],\"inLanguage\":\"lv-LV\"},{\"@type\":\"Person\",\"@id\":\"https:\/\/kim.lv\/en\/#\/schema\/person\/56f07ec6715af61b0d0ed9835c282330\",\"name\":\"Kim?\",\"image\":{\"@type\":\"ImageObject\",\"inLanguage\":\"lv-LV\",\"@id\":\"https:\/\/kim.lv\/en\/#\/schema\/person\/image\/\",\"url\":\"https:\/\/secure.gravatar.com\/avatar\/95e223367867817ed896bcfb04f433d88d871bfbb4f33c528e26ce5c2786508f?s=96&d=mm&r=g\",\"contentUrl\":\"https:\/\/secure.gravatar.com\/avatar\/95e223367867817ed896bcfb04f433d88d871bfbb4f33c528e26ce5c2786508f?s=96&d=mm&r=g\",\"caption\":\"Kim?\"},\"url\":\"https:\/\/kim.lv\/lv\/author\/kim\/\"}]}<\/script>\n<!-- \/ Yoast SEO plugin. -->","yoast_head_json":{"title":"[:en]\"Island 09, 10\"[:lv]mit fotoizst\u0101de \"Sala 09, 10\"[:] - Kim? Laikmet\u012bg\u0101s m\u0101kslas centrs","robots":{"index":"index","follow":"follow","max-snippet":"max-snippet:-1","max-image-preview":"max-image-preview:large","max-video-preview":"max-video-preview:-1"},"canonical":"https:\/\/kim.lv\/en\/mit-fotoizstade-sala-09-10\/","og_locale":"lv_LV","og_type":"article","og_title":"[:en]\"Island 09, 10\"[:lv]mit fotoizst\u0101de \"Sala 09, 10\"[:] - Kim? Laikmet\u012bg\u0101s m\u0101kslas centrs","og_description":"Pirmdien, 2010. gada 12. j\u016blij\u0101 17:00\u00a0Kim? m\u0101c\u012bbu izst\u0101\u017eu telp\u0101 mit tiks atkl\u0101ta Ai\u0146a Rim\u0161e\u013ca un Jura Mendzi\u0146a\u00a0 fotogr\u0101fiju izst\u0101de \u201eSala 09, 10\u201d. Izst\u0101d\u0113 b\u016bs apskat\u0101mi aptuveni \u010detrdesmit darbi, kas tapu\u0161i 2009. un 2010. gad\u0101. Savos darbos autori centu\u0161ies sajust un dokument\u0113t to \u0136\u012bpsalu, k\u0101da t\u0101 ir bijusi \u0161aj\u0101 laika period\u0101 un visticam\u0101k vairs nekad neb\u016bs. [&hellip;]","og_url":"https:\/\/kim.lv\/en\/mit-fotoizstade-sala-09-10\/","og_site_name":"Kim? Laikmet\u012bg\u0101s m\u0101kslas centrs","article_published_time":"2018-10-08T15:47:23+00:00","author":"Kim?","twitter_card":"summary_large_image","twitter_misc":{"Written by":"Kim?","Est. reading time":"4 minutes"},"schema":{"@context":"https:\/\/schema.org","@graph":[{"@type":"WebPage","@id":"https:\/\/kim.lv\/en\/mit-fotoizstade-sala-09-10\/","url":"https:\/\/kim.lv\/en\/mit-fotoizstade-sala-09-10\/","name":"[:en]\"Island 09, 10\"[:lv]mit fotoizst\u0101de \"Sala 09, 10\"[:] - Kim? Laikmet\u012bg\u0101s m\u0101kslas centrs","isPartOf":{"@id":"https:\/\/kim.lv\/en\/#website"},"datePublished":"2018-10-08T15:47:23+00:00","dateModified":"2018-10-08T15:47:23+00:00","author":{"@id":"https:\/\/kim.lv\/en\/#\/schema\/person\/56f07ec6715af61b0d0ed9835c282330"},"breadcrumb":{"@id":"https:\/\/kim.lv\/en\/mit-fotoizstade-sala-09-10\/#breadcrumb"},"inLanguage":"lv-LV","potentialAction":[{"@type":"ReadAction","target":["https:\/\/kim.lv\/en\/mit-fotoizstade-sala-09-10\/"]}]},{"@type":"BreadcrumbList","@id":"https:\/\/kim.lv\/en\/mit-fotoizstade-sala-09-10\/#breadcrumb","itemListElement":[{"@type":"ListItem","position":1,"name":"Home","item":"https:\/\/kim.lv\/"},{"@type":"ListItem","position":2,"name":"&#8221;Island 09, 10&#8243;"}]},{"@type":"WebSite","@id":"https:\/\/kim.lv\/en\/#website","url":"https:\/\/kim.lv\/en\/","name":"Kim? Laikmet\u012bg\u0101s m\u0101kslas centrs","description":"","potentialAction":[{"@type":"SearchAction","target":{"@type":"EntryPoint","urlTemplate":"https:\/\/kim.lv\/en\/?s={search_term_string}"},"query-input":"required name=search_term_string"}],"inLanguage":"lv-LV"},{"@type":"Person","@id":"https:\/\/kim.lv\/en\/#\/schema\/person\/56f07ec6715af61b0d0ed9835c282330","name":"Kim?","image":{"@type":"ImageObject","inLanguage":"lv-LV","@id":"https:\/\/kim.lv\/en\/#\/schema\/person\/image\/","url":"https:\/\/secure.gravatar.com\/avatar\/95e223367867817ed896bcfb04f433d88d871bfbb4f33c528e26ce5c2786508f?s=96&d=mm&r=g","contentUrl":"https:\/\/secure.gravatar.com\/avatar\/95e223367867817ed896bcfb04f433d88d871bfbb4f33c528e26ce5c2786508f?s=96&d=mm&r=g","caption":"Kim?"},"url":"https:\/\/kim.lv\/lv\/author\/kim\/"}]}},"_links":{"self":[{"href":"https:\/\/kim.lv\/lv\/wp-json\/wp\/v2\/posts\/4142","targetHints":{"allow":["GET"]}}],"collection":[{"href":"https:\/\/kim.lv\/lv\/wp-json\/wp\/v2\/posts"}],"about":[{"href":"https:\/\/kim.lv\/lv\/wp-json\/wp\/v2\/types\/post"}],"author":[{"embeddable":true,"href":"https:\/\/kim.lv\/lv\/wp-json\/wp\/v2\/users\/2"}],"replies":[{"embeddable":true,"href":"https:\/\/kim.lv\/lv\/wp-json\/wp\/v2\/comments?post=4142"}],"version-history":[{"count":1,"href":"https:\/\/kim.lv\/lv\/wp-json\/wp\/v2\/posts\/4142\/revisions"}],"predecessor-version":[{"id":4144,"href":"https:\/\/kim.lv\/lv\/wp-json\/wp\/v2\/posts\/4142\/revisions\/4144"}],"wp:attachment":[{"href":"https:\/\/kim.lv\/lv\/wp-json\/wp\/v2\/media?parent=4142"}],"wp:term":[{"taxonomy":"category","embeddable":true,"href":"https:\/\/kim.lv\/lv\/wp-json\/wp\/v2\/categories?post=4142"},{"taxonomy":"post_tag","embeddable":true,"href":"https:\/\/kim.lv\/lv\/wp-json\/wp\/v2\/tags?post=4142"}],"curies":[{"name":"wp","href":"https:\/\/api.w.org\/{rel}","templated":true}]}}