{"id":4209,"date":"2018-10-26T01:11:52","date_gmt":"2018-10-25T22:11:52","guid":{"rendered":"http:\/\/kim.lv\/?p=4209"},"modified":"2018-10-26T01:11:52","modified_gmt":"2018-10-25T22:11:52","slug":"kim-vasaras-foto-skolas-izstade-2010","status":"publish","type":"post","link":"https:\/\/kim.lv\/lv\/kim-vasaras-foto-skolas-izstade-2010\/","title":{"rendered":"Kim? vasaras foto skolas izst\u0101de 2010"},"content":{"rendered":"No 2010. gada 2. l\u012bdz 9. augustam Sp\u012b\u0137eru kvart\u0101l\u0101 norisin\u0101j\u0101s Kim? vasaras foto skola. Vasaras skolas ietvaros 20 vidusskolas vecuma jaunie\u0161i, daudzi no kuriem Sp\u012b\u0137eros ierad\u0101s no da\u017e\u0101diem Latvijas re\u0123ioniem, guva teor\u0113tiskas zin\u0101\u0161anas un praktiskas iema\u0146as fotogr\u0101fij\u0101. Skolas nosl\u0113guma izst\u0101d\u0113 ir apskat\u0101mi jaunie\u0161u darbi, kuri tapu\u0161i fotogr\u0101fa Raimo Lielbrie\u017ea virsvad\u012bb\u0101 un kuros ir redzama R\u012bga jauno fotogr\u0101fu ac\u012bm.<\/p>\n<p>Izst\u0101d\u0113 ir apskat\u0101mi Montas An\u010devskas, Sofijas Bolot\u0146ikovas, Em\u012bla Desjat\u0146ikova, Ievas Druvenieces, Ir\u0113nas Dzedzeles, Madaras Ermansones, Lauras Fr\u012bdenbergas, Alvja Kundzi\u0146a, Andas L\u0101tsas, Bertas Lerhes, Kristas Masa\u013cskas, Santas Pastares, Edgara Pried\u012b\u0161a, Zandas Pu\u010des, Silvijas Smiltnieces, Santas Sirmovi\u010das, Em\u012bla Vanaga, Annas Vil\u0101nes, Ievas Voitas un Eduarda Zvejnieka darbi.","protected":false},"excerpt":{"rendered":"<p>No 2010. gada 2. l\u012bdz 9. augustam Sp\u012b\u0137eru kvart\u0101l\u0101 norisin\u0101j\u0101s Kim? vasaras foto skola. Vasaras skolas ietvaros 20 vidusskolas vecuma jaunie\u0161i, daudzi no kuriem Sp\u012b\u0137eros ierad\u0101s no da\u017e\u0101diem Latvijas re\u0123ioniem, guva teor\u0113tiskas zin\u0101\u0161anas un praktiskas iema\u0146as fotogr\u0101fij\u0101. Skolas nosl\u0113guma izst\u0101d\u0113 ir apskat\u0101mi jaunie\u0161u darbi, kuri tapu\u0161i fotogr\u0101fa Raimo Lielbrie\u017ea virsvad\u012bb\u0101 un kuros ir redzama R\u012bga [&hellip;]<\/p>\n","protected":false},"author":2,"featured_media":0,"comment_status":"open","ping_status":"open","sticky":false,"template":"","format":"standard","meta":{"inline_featured_image":false,"footnotes":""},"categories":[32,4,26],"tags":[],"class_list":["post-4209","post","type-post","status-publish","format-standard","hentry","category-32","category-kim-exhibitions","category-past-exhibitions"],"acf":[],"yoast_head":"<!-- This site is optimized with the Yoast SEO plugin v21.9 - https:\/\/yoast.com\/wordpress\/plugins\/seo\/ -->\n<title>Kim? vasaras foto skolas izst\u0101de 2010 - Kim? Laikmet\u012bg\u0101s m\u0101kslas centrs<\/title>\n<meta name=\"robots\" content=\"index, follow, max-snippet:-1, max-image-preview:large, max-video-preview:-1\" \/>\n<link rel=\"canonical\" href=\"https:\/\/kim.lv\/en\/kim-vasaras-foto-skolas-izstade-2010\/\" \/>\n<meta property=\"og:locale\" content=\"lv_LV\" \/>\n<meta property=\"og:type\" content=\"article\" \/>\n<meta property=\"og:title\" content=\"[:en]Kim? Summer Photo School 2010 Exhibition[:lv]Kim? vasaras foto skolas izst\u0101de 2010[:] - Kim? Laikmet\u012bg\u0101s m\u0101kslas centrs\" \/>\n<meta property=\"og:description\" content=\"No 2010. gada 2. l\u012bdz 9. augustam Sp\u012b\u0137eru kvart\u0101l\u0101 norisin\u0101j\u0101s Kim? vasaras foto skola. Vasaras skolas ietvaros 20 vidusskolas vecuma jaunie\u0161i, daudzi no kuriem Sp\u012b\u0137eros ierad\u0101s no da\u017e\u0101diem Latvijas re\u0123ioniem, guva teor\u0113tiskas zin\u0101\u0161anas un praktiskas iema\u0146as fotogr\u0101fij\u0101. Skolas nosl\u0113guma izst\u0101d\u0113 ir apskat\u0101mi jaunie\u0161u darbi, kuri tapu\u0161i fotogr\u0101fa Raimo Lielbrie\u017ea virsvad\u012bb\u0101 un kuros ir redzama R\u012bga [&hellip;]\" \/>\n<meta property=\"og:url\" content=\"https:\/\/kim.lv\/en\/kim-vasaras-foto-skolas-izstade-2010\/\" \/>\n<meta property=\"og:site_name\" content=\"Kim? Laikmet\u012bg\u0101s m\u0101kslas centrs\" \/>\n<meta property=\"article:published_time\" content=\"2018-10-25T22:11:52+00:00\" \/>\n<meta name=\"author\" content=\"Kim?\" \/>\n<meta name=\"twitter:card\" content=\"summary_large_image\" \/>\n<meta name=\"twitter:label1\" content=\"Written by\" \/>\n\t<meta name=\"twitter:data1\" content=\"Kim?\" \/>\n\t<meta name=\"twitter:label2\" content=\"Est. reading time\" \/>\n\t<meta name=\"twitter:data2\" content=\"1 minute\" \/>\n<script type=\"application\/ld+json\" class=\"yoast-schema-graph\">{\"@context\":\"https:\/\/schema.org\",\"@graph\":[{\"@type\":\"WebPage\",\"@id\":\"https:\/\/kim.lv\/en\/kim-vasaras-foto-skolas-izstade-2010\/\",\"url\":\"https:\/\/kim.lv\/en\/kim-vasaras-foto-skolas-izstade-2010\/\",\"name\":\"[:en]Kim? Summer Photo School 2010 Exhibition[:lv]Kim? vasaras foto skolas izst\u0101de 2010[:] - Kim? Laikmet\u012bg\u0101s m\u0101kslas centrs\",\"isPartOf\":{\"@id\":\"https:\/\/kim.lv\/en\/#website\"},\"datePublished\":\"2018-10-25T22:11:52+00:00\",\"dateModified\":\"2018-10-25T22:11:52+00:00\",\"author\":{\"@id\":\"https:\/\/kim.lv\/en\/#\/schema\/person\/56f07ec6715af61b0d0ed9835c282330\"},\"breadcrumb\":{\"@id\":\"https:\/\/kim.lv\/en\/kim-vasaras-foto-skolas-izstade-2010\/#breadcrumb\"},\"inLanguage\":\"lv-LV\",\"potentialAction\":[{\"@type\":\"ReadAction\",\"target\":[\"https:\/\/kim.lv\/en\/kim-vasaras-foto-skolas-izstade-2010\/\"]}]},{\"@type\":\"BreadcrumbList\",\"@id\":\"https:\/\/kim.lv\/en\/kim-vasaras-foto-skolas-izstade-2010\/#breadcrumb\",\"itemListElement\":[{\"@type\":\"ListItem\",\"position\":1,\"name\":\"Home\",\"item\":\"https:\/\/kim.lv\/\"},{\"@type\":\"ListItem\",\"position\":2,\"name\":\"Kim? Summer Photo School 2010 Exhibition\"}]},{\"@type\":\"WebSite\",\"@id\":\"https:\/\/kim.lv\/en\/#website\",\"url\":\"https:\/\/kim.lv\/en\/\",\"name\":\"Kim? Laikmet\u012bg\u0101s m\u0101kslas centrs\",\"description\":\"\",\"potentialAction\":[{\"@type\":\"SearchAction\",\"target\":{\"@type\":\"EntryPoint\",\"urlTemplate\":\"https:\/\/kim.lv\/en\/?s={search_term_string}\"},\"query-input\":\"required name=search_term_string\"}],\"inLanguage\":\"lv-LV\"},{\"@type\":\"Person\",\"@id\":\"https:\/\/kim.lv\/en\/#\/schema\/person\/56f07ec6715af61b0d0ed9835c282330\",\"name\":\"Kim?\",\"image\":{\"@type\":\"ImageObject\",\"inLanguage\":\"lv-LV\",\"@id\":\"https:\/\/kim.lv\/en\/#\/schema\/person\/image\/\",\"url\":\"https:\/\/secure.gravatar.com\/avatar\/95e223367867817ed896bcfb04f433d88d871bfbb4f33c528e26ce5c2786508f?s=96&d=mm&r=g\",\"contentUrl\":\"https:\/\/secure.gravatar.com\/avatar\/95e223367867817ed896bcfb04f433d88d871bfbb4f33c528e26ce5c2786508f?s=96&d=mm&r=g\",\"caption\":\"Kim?\"},\"url\":\"https:\/\/kim.lv\/lv\/author\/kim\/\"}]}<\/script>\n<!-- \/ Yoast SEO plugin. -->","yoast_head_json":{"title":"[:en]Kim? Summer Photo School 2010 Exhibition[:lv]Kim? vasaras foto skolas izst\u0101de 2010[:] - Kim? Laikmet\u012bg\u0101s m\u0101kslas centrs","robots":{"index":"index","follow":"follow","max-snippet":"max-snippet:-1","max-image-preview":"max-image-preview:large","max-video-preview":"max-video-preview:-1"},"canonical":"https:\/\/kim.lv\/en\/kim-vasaras-foto-skolas-izstade-2010\/","og_locale":"lv_LV","og_type":"article","og_title":"[:en]Kim? Summer Photo School 2010 Exhibition[:lv]Kim? vasaras foto skolas izst\u0101de 2010[:] - Kim? Laikmet\u012bg\u0101s m\u0101kslas centrs","og_description":"No 2010. gada 2. l\u012bdz 9. augustam Sp\u012b\u0137eru kvart\u0101l\u0101 norisin\u0101j\u0101s Kim? vasaras foto skola. Vasaras skolas ietvaros 20 vidusskolas vecuma jaunie\u0161i, daudzi no kuriem Sp\u012b\u0137eros ierad\u0101s no da\u017e\u0101diem Latvijas re\u0123ioniem, guva teor\u0113tiskas zin\u0101\u0161anas un praktiskas iema\u0146as fotogr\u0101fij\u0101. Skolas nosl\u0113guma izst\u0101d\u0113 ir apskat\u0101mi jaunie\u0161u darbi, kuri tapu\u0161i fotogr\u0101fa Raimo Lielbrie\u017ea virsvad\u012bb\u0101 un kuros ir redzama R\u012bga [&hellip;]","og_url":"https:\/\/kim.lv\/en\/kim-vasaras-foto-skolas-izstade-2010\/","og_site_name":"Kim? Laikmet\u012bg\u0101s m\u0101kslas centrs","article_published_time":"2018-10-25T22:11:52+00:00","author":"Kim?","twitter_card":"summary_large_image","twitter_misc":{"Written by":"Kim?","Est. reading time":"1 minute"},"schema":{"@context":"https:\/\/schema.org","@graph":[{"@type":"WebPage","@id":"https:\/\/kim.lv\/en\/kim-vasaras-foto-skolas-izstade-2010\/","url":"https:\/\/kim.lv\/en\/kim-vasaras-foto-skolas-izstade-2010\/","name":"[:en]Kim? Summer Photo School 2010 Exhibition[:lv]Kim? vasaras foto skolas izst\u0101de 2010[:] - Kim? Laikmet\u012bg\u0101s m\u0101kslas centrs","isPartOf":{"@id":"https:\/\/kim.lv\/en\/#website"},"datePublished":"2018-10-25T22:11:52+00:00","dateModified":"2018-10-25T22:11:52+00:00","author":{"@id":"https:\/\/kim.lv\/en\/#\/schema\/person\/56f07ec6715af61b0d0ed9835c282330"},"breadcrumb":{"@id":"https:\/\/kim.lv\/en\/kim-vasaras-foto-skolas-izstade-2010\/#breadcrumb"},"inLanguage":"lv-LV","potentialAction":[{"@type":"ReadAction","target":["https:\/\/kim.lv\/en\/kim-vasaras-foto-skolas-izstade-2010\/"]}]},{"@type":"BreadcrumbList","@id":"https:\/\/kim.lv\/en\/kim-vasaras-foto-skolas-izstade-2010\/#breadcrumb","itemListElement":[{"@type":"ListItem","position":1,"name":"Home","item":"https:\/\/kim.lv\/"},{"@type":"ListItem","position":2,"name":"Kim? Summer Photo School 2010 Exhibition"}]},{"@type":"WebSite","@id":"https:\/\/kim.lv\/en\/#website","url":"https:\/\/kim.lv\/en\/","name":"Kim? Laikmet\u012bg\u0101s m\u0101kslas centrs","description":"","potentialAction":[{"@type":"SearchAction","target":{"@type":"EntryPoint","urlTemplate":"https:\/\/kim.lv\/en\/?s={search_term_string}"},"query-input":"required name=search_term_string"}],"inLanguage":"lv-LV"},{"@type":"Person","@id":"https:\/\/kim.lv\/en\/#\/schema\/person\/56f07ec6715af61b0d0ed9835c282330","name":"Kim?","image":{"@type":"ImageObject","inLanguage":"lv-LV","@id":"https:\/\/kim.lv\/en\/#\/schema\/person\/image\/","url":"https:\/\/secure.gravatar.com\/avatar\/95e223367867817ed896bcfb04f433d88d871bfbb4f33c528e26ce5c2786508f?s=96&d=mm&r=g","contentUrl":"https:\/\/secure.gravatar.com\/avatar\/95e223367867817ed896bcfb04f433d88d871bfbb4f33c528e26ce5c2786508f?s=96&d=mm&r=g","caption":"Kim?"},"url":"https:\/\/kim.lv\/lv\/author\/kim\/"}]}},"_links":{"self":[{"href":"https:\/\/kim.lv\/lv\/wp-json\/wp\/v2\/posts\/4209","targetHints":{"allow":["GET"]}}],"collection":[{"href":"https:\/\/kim.lv\/lv\/wp-json\/wp\/v2\/posts"}],"about":[{"href":"https:\/\/kim.lv\/lv\/wp-json\/wp\/v2\/types\/post"}],"author":[{"embeddable":true,"href":"https:\/\/kim.lv\/lv\/wp-json\/wp\/v2\/users\/2"}],"replies":[{"embeddable":true,"href":"https:\/\/kim.lv\/lv\/wp-json\/wp\/v2\/comments?post=4209"}],"version-history":[{"count":1,"href":"https:\/\/kim.lv\/lv\/wp-json\/wp\/v2\/posts\/4209\/revisions"}],"predecessor-version":[{"id":4211,"href":"https:\/\/kim.lv\/lv\/wp-json\/wp\/v2\/posts\/4209\/revisions\/4211"}],"wp:attachment":[{"href":"https:\/\/kim.lv\/lv\/wp-json\/wp\/v2\/media?parent=4209"}],"wp:term":[{"taxonomy":"category","embeddable":true,"href":"https:\/\/kim.lv\/lv\/wp-json\/wp\/v2\/categories?post=4209"},{"taxonomy":"post_tag","embeddable":true,"href":"https:\/\/kim.lv\/lv\/wp-json\/wp\/v2\/tags?post=4209"}],"curies":[{"name":"wp","href":"https:\/\/api.w.org\/{rel}","templated":true}]}}