{"id":4215,"date":"2018-10-26T01:20:53","date_gmt":"2018-10-25T22:20:53","guid":{"rendered":"http:\/\/kim.lv\/?p=4215"},"modified":"2018-10-26T01:20:53","modified_gmt":"2018-10-25T22:20:53","slug":"ieva-epnere-green-land","status":"publish","type":"post","link":"https:\/\/kim.lv\/lv\/ieva-epnere-green-land\/","title":{"rendered":"Ieva Epnere &#8220;Za\u013c\u0101 zeme&#8221;"},"content":{"rendered":"No 2010. gada 4. septembra l\u012bdz 3. oktobrim Programmas nr. 15 ietvaros Kim? \/ FK galerij\u0101 b\u016bs apskat\u0101ma Ievas Epneres izst\u0101de \u201eZa\u013c\u0101 zeme\u201d. Izst\u0101d\u0113 ekspon\u0113t\u0101s fotogr\u0101fijas un instal\u0101cija ir ne vien unik\u0101ls un kvalitat\u012bvs artefakts, bet ar\u012b sociokultur\u0101ls tipiskas Latvijas mazpils\u0113tas portret\u0113jums.<\/p>\n<p>\u201eZa\u013c\u0101 zeme\u201d ir st\u0101sts par laiku, pag\u0101tni un tagadni, par laiku, kas ir p\u0101rv\u0113rtis k\u0101du Latvijas mazpils\u0113tu, kas agr\u0101k bijusi \u013coti akt\u012bva un dz\u012bv\u012bga vieta. T\u0101 ir Vai\u0146ode \u2013 Ievas Epneres b\u0113rn\u012bbas vieta, kur m\u0101ksliniece katru vasaru pavad\u012bja 3 m\u0113ne\u0161us.<\/p>\n<div align=\"justify\">\n<div align=\"justify\">\n<p>Vai\u0146odei ir interesanta v\u0113sture un t\u0101 ir piedz\u012bvojusi da\u017e\u0101dus laikus, taj\u0101 sav\u0101 laik\u0101 atrad\u0101s cepel\u012bnu ang\u0101ri, kurus \u0161odien paz\u012bstam k\u0101 R\u012bgas centr\u0101ltirgus paviljonus. Padomju laik\u0101 Vai\u0146od\u0113 atrad\u0101s strat\u0113\u0123iski noz\u012bm\u012bgs milit\u0101rais lidlauks, dzelzce\u013ca stacija, kas darboj\u0101s l\u012bdz 1997. gadam un kas \u0161obr\u012bd \u0161\u0137iet iemigusi uz nenoteiktu laiku.<\/p>\n<p>Vietas, kur agr\u0101k dz\u012bvoja milit\u0101risti ar sav\u0101m \u0123imen\u0113m, tagad ir p\u0101rv\u0113rtu\u0161\u0101s par za\u013c\u0101m p\u013cav\u0101m. Darbs pie projekta \u201eZa\u013c\u0101 zeme\u201d ir k\u0101 \u201eredzes treni\u0146\u0161\u201d. T\u0101 nav skum\u0161ana p\u0113c aizg\u0101ju\u0161ajiem laikiem, t\u0101 ir br\u012bnumu mekl\u0113\u0161ana tagadn\u0113, m\u016bsu ikdien\u0101.<\/p>\n<p>Uzsvars ir likts uz ainavu un cilv\u0113ka portret\u0113jumu ainav\u0101. Ievu Epneri interes\u0113 notvert un atainot atmosf\u0113ru un noska\u0146u, kas \u0161obr\u012bd valda mazpils\u0113t\u0101.<\/p>\n<p>\u0160\u012b fotogr\u0101fiju s\u0113rija un instal\u0101cija\u00a0 ir ce\u013cojums laik\u0101, kad m\u0101kslinieces person\u012bg\u0101 pieredze, b\u0113rn\u012bb\u0101 pavad\u012bt\u0101s vasaras Vai\u0146od\u0113 \u0161obr\u012bd tiek transform\u0113ta caur noteiktiem soci\u0101liem procesiem sabiedr\u012bb\u0101, kas nav vairs b\u0113rna ac\u012bm veidota pasaule, bet gan realit\u0101te.<\/p>\n<\/div>\n<\/div>","protected":false},"excerpt":{"rendered":"<p>No 2010. gada 4. septembra l\u012bdz 3. oktobrim Programmas nr. 15 ietvaros Kim? \/ FK galerij\u0101 b\u016bs apskat\u0101ma Ievas Epneres izst\u0101de \u201eZa\u013c\u0101 zeme\u201d. Izst\u0101d\u0113 ekspon\u0113t\u0101s fotogr\u0101fijas un instal\u0101cija ir ne vien unik\u0101ls un kvalitat\u012bvs artefakts, bet ar\u012b sociokultur\u0101ls tipiskas Latvijas mazpils\u0113tas portret\u0113jums. \u201eZa\u013c\u0101 zeme\u201d ir st\u0101sts par laiku, pag\u0101tni un tagadni, par laiku, kas ir [&hellip;]<\/p>\n","protected":false},"author":2,"featured_media":0,"comment_status":"open","ping_status":"open","sticky":false,"template":"","format":"standard","meta":{"inline_featured_image":false,"footnotes":""},"categories":[32,4,26],"tags":[],"class_list":["post-4215","post","type-post","status-publish","format-standard","hentry","category-32","category-kim-exhibitions","category-past-exhibitions"],"acf":[],"yoast_head":"<!-- This site is optimized with the Yoast SEO plugin v21.9 - https:\/\/yoast.com\/wordpress\/plugins\/seo\/ -->\n<title>Ieva Epnere &quot;Za\u013c\u0101 zeme&quot; - Kim? Laikmet\u012bg\u0101s m\u0101kslas centrs<\/title>\n<meta name=\"robots\" content=\"index, follow, max-snippet:-1, max-image-preview:large, max-video-preview:-1\" \/>\n<link rel=\"canonical\" href=\"https:\/\/kim.lv\/en\/ieva-epnere-green-land\/\" \/>\n<meta property=\"og:locale\" content=\"lv_LV\" \/>\n<meta property=\"og:type\" content=\"article\" \/>\n<meta property=\"og:title\" content=\"[:en]Ieva Epnere &quot;The Green Land&quot;[:lv]Ieva Epnere &quot;Za\u013c\u0101 zeme&quot;[:] - Kim? Laikmet\u012bg\u0101s m\u0101kslas centrs\" \/>\n<meta property=\"og:description\" content=\"No 2010. gada 4. septembra l\u012bdz 3. oktobrim Programmas nr. 15 ietvaros Kim? \/ FK galerij\u0101 b\u016bs apskat\u0101ma Ievas Epneres izst\u0101de \u201eZa\u013c\u0101 zeme\u201d. Izst\u0101d\u0113 ekspon\u0113t\u0101s fotogr\u0101fijas un instal\u0101cija ir ne vien unik\u0101ls un kvalitat\u012bvs artefakts, bet ar\u012b sociokultur\u0101ls tipiskas Latvijas mazpils\u0113tas portret\u0113jums. \u201eZa\u013c\u0101 zeme\u201d ir st\u0101sts par laiku, pag\u0101tni un tagadni, par laiku, kas ir [&hellip;]\" \/>\n<meta property=\"og:url\" content=\"https:\/\/kim.lv\/en\/ieva-epnere-green-land\/\" \/>\n<meta property=\"og:site_name\" content=\"Kim? Laikmet\u012bg\u0101s m\u0101kslas centrs\" \/>\n<meta property=\"article:published_time\" content=\"2018-10-25T22:20:53+00:00\" \/>\n<meta name=\"author\" content=\"Kim?\" \/>\n<meta name=\"twitter:card\" content=\"summary_large_image\" \/>\n<meta name=\"twitter:label1\" content=\"Written by\" \/>\n\t<meta name=\"twitter:data1\" content=\"Kim?\" \/>\n\t<meta name=\"twitter:label2\" content=\"Est. reading time\" \/>\n\t<meta name=\"twitter:data2\" content=\"3 minutes\" \/>\n<script type=\"application\/ld+json\" class=\"yoast-schema-graph\">{\"@context\":\"https:\/\/schema.org\",\"@graph\":[{\"@type\":\"WebPage\",\"@id\":\"https:\/\/kim.lv\/en\/ieva-epnere-green-land\/\",\"url\":\"https:\/\/kim.lv\/en\/ieva-epnere-green-land\/\",\"name\":\"[:en]Ieva Epnere \\\"The Green Land\\\"[:lv]Ieva Epnere \\\"Za\u013c\u0101 zeme\\\"[:] - Kim? Laikmet\u012bg\u0101s m\u0101kslas centrs\",\"isPartOf\":{\"@id\":\"https:\/\/kim.lv\/en\/#website\"},\"datePublished\":\"2018-10-25T22:20:53+00:00\",\"dateModified\":\"2018-10-25T22:20:53+00:00\",\"author\":{\"@id\":\"https:\/\/kim.lv\/en\/#\/schema\/person\/56f07ec6715af61b0d0ed9835c282330\"},\"breadcrumb\":{\"@id\":\"https:\/\/kim.lv\/en\/ieva-epnere-green-land\/#breadcrumb\"},\"inLanguage\":\"lv-LV\",\"potentialAction\":[{\"@type\":\"ReadAction\",\"target\":[\"https:\/\/kim.lv\/en\/ieva-epnere-green-land\/\"]}]},{\"@type\":\"BreadcrumbList\",\"@id\":\"https:\/\/kim.lv\/en\/ieva-epnere-green-land\/#breadcrumb\",\"itemListElement\":[{\"@type\":\"ListItem\",\"position\":1,\"name\":\"Home\",\"item\":\"https:\/\/kim.lv\/\"},{\"@type\":\"ListItem\",\"position\":2,\"name\":\"Ieva Epnere &#8220;The Green Land&#8221;\"}]},{\"@type\":\"WebSite\",\"@id\":\"https:\/\/kim.lv\/en\/#website\",\"url\":\"https:\/\/kim.lv\/en\/\",\"name\":\"Kim? Laikmet\u012bg\u0101s m\u0101kslas centrs\",\"description\":\"\",\"potentialAction\":[{\"@type\":\"SearchAction\",\"target\":{\"@type\":\"EntryPoint\",\"urlTemplate\":\"https:\/\/kim.lv\/en\/?s={search_term_string}\"},\"query-input\":\"required name=search_term_string\"}],\"inLanguage\":\"lv-LV\"},{\"@type\":\"Person\",\"@id\":\"https:\/\/kim.lv\/en\/#\/schema\/person\/56f07ec6715af61b0d0ed9835c282330\",\"name\":\"Kim?\",\"image\":{\"@type\":\"ImageObject\",\"inLanguage\":\"lv-LV\",\"@id\":\"https:\/\/kim.lv\/en\/#\/schema\/person\/image\/\",\"url\":\"https:\/\/secure.gravatar.com\/avatar\/95e223367867817ed896bcfb04f433d88d871bfbb4f33c528e26ce5c2786508f?s=96&d=mm&r=g\",\"contentUrl\":\"https:\/\/secure.gravatar.com\/avatar\/95e223367867817ed896bcfb04f433d88d871bfbb4f33c528e26ce5c2786508f?s=96&d=mm&r=g\",\"caption\":\"Kim?\"},\"url\":\"https:\/\/kim.lv\/lv\/author\/kim\/\"}]}<\/script>\n<!-- \/ Yoast SEO plugin. -->","yoast_head_json":{"title":"[:en]Ieva Epnere \"The Green Land\"[:lv]Ieva Epnere \"Za\u013c\u0101 zeme\"[:] - Kim? Laikmet\u012bg\u0101s m\u0101kslas centrs","robots":{"index":"index","follow":"follow","max-snippet":"max-snippet:-1","max-image-preview":"max-image-preview:large","max-video-preview":"max-video-preview:-1"},"canonical":"https:\/\/kim.lv\/en\/ieva-epnere-green-land\/","og_locale":"lv_LV","og_type":"article","og_title":"[:en]Ieva Epnere \"The Green Land\"[:lv]Ieva Epnere \"Za\u013c\u0101 zeme\"[:] - Kim? Laikmet\u012bg\u0101s m\u0101kslas centrs","og_description":"No 2010. gada 4. septembra l\u012bdz 3. oktobrim Programmas nr. 15 ietvaros Kim? \/ FK galerij\u0101 b\u016bs apskat\u0101ma Ievas Epneres izst\u0101de \u201eZa\u013c\u0101 zeme\u201d. Izst\u0101d\u0113 ekspon\u0113t\u0101s fotogr\u0101fijas un instal\u0101cija ir ne vien unik\u0101ls un kvalitat\u012bvs artefakts, bet ar\u012b sociokultur\u0101ls tipiskas Latvijas mazpils\u0113tas portret\u0113jums. \u201eZa\u013c\u0101 zeme\u201d ir st\u0101sts par laiku, pag\u0101tni un tagadni, par laiku, kas ir [&hellip;]","og_url":"https:\/\/kim.lv\/en\/ieva-epnere-green-land\/","og_site_name":"Kim? Laikmet\u012bg\u0101s m\u0101kslas centrs","article_published_time":"2018-10-25T22:20:53+00:00","author":"Kim?","twitter_card":"summary_large_image","twitter_misc":{"Written by":"Kim?","Est. reading time":"3 minutes"},"schema":{"@context":"https:\/\/schema.org","@graph":[{"@type":"WebPage","@id":"https:\/\/kim.lv\/en\/ieva-epnere-green-land\/","url":"https:\/\/kim.lv\/en\/ieva-epnere-green-land\/","name":"[:en]Ieva Epnere \"The Green Land\"[:lv]Ieva Epnere \"Za\u013c\u0101 zeme\"[:] - Kim? Laikmet\u012bg\u0101s m\u0101kslas centrs","isPartOf":{"@id":"https:\/\/kim.lv\/en\/#website"},"datePublished":"2018-10-25T22:20:53+00:00","dateModified":"2018-10-25T22:20:53+00:00","author":{"@id":"https:\/\/kim.lv\/en\/#\/schema\/person\/56f07ec6715af61b0d0ed9835c282330"},"breadcrumb":{"@id":"https:\/\/kim.lv\/en\/ieva-epnere-green-land\/#breadcrumb"},"inLanguage":"lv-LV","potentialAction":[{"@type":"ReadAction","target":["https:\/\/kim.lv\/en\/ieva-epnere-green-land\/"]}]},{"@type":"BreadcrumbList","@id":"https:\/\/kim.lv\/en\/ieva-epnere-green-land\/#breadcrumb","itemListElement":[{"@type":"ListItem","position":1,"name":"Home","item":"https:\/\/kim.lv\/"},{"@type":"ListItem","position":2,"name":"Ieva Epnere &#8220;The Green Land&#8221;"}]},{"@type":"WebSite","@id":"https:\/\/kim.lv\/en\/#website","url":"https:\/\/kim.lv\/en\/","name":"Kim? Laikmet\u012bg\u0101s m\u0101kslas centrs","description":"","potentialAction":[{"@type":"SearchAction","target":{"@type":"EntryPoint","urlTemplate":"https:\/\/kim.lv\/en\/?s={search_term_string}"},"query-input":"required name=search_term_string"}],"inLanguage":"lv-LV"},{"@type":"Person","@id":"https:\/\/kim.lv\/en\/#\/schema\/person\/56f07ec6715af61b0d0ed9835c282330","name":"Kim?","image":{"@type":"ImageObject","inLanguage":"lv-LV","@id":"https:\/\/kim.lv\/en\/#\/schema\/person\/image\/","url":"https:\/\/secure.gravatar.com\/avatar\/95e223367867817ed896bcfb04f433d88d871bfbb4f33c528e26ce5c2786508f?s=96&d=mm&r=g","contentUrl":"https:\/\/secure.gravatar.com\/avatar\/95e223367867817ed896bcfb04f433d88d871bfbb4f33c528e26ce5c2786508f?s=96&d=mm&r=g","caption":"Kim?"},"url":"https:\/\/kim.lv\/lv\/author\/kim\/"}]}},"_links":{"self":[{"href":"https:\/\/kim.lv\/lv\/wp-json\/wp\/v2\/posts\/4215","targetHints":{"allow":["GET"]}}],"collection":[{"href":"https:\/\/kim.lv\/lv\/wp-json\/wp\/v2\/posts"}],"about":[{"href":"https:\/\/kim.lv\/lv\/wp-json\/wp\/v2\/types\/post"}],"author":[{"embeddable":true,"href":"https:\/\/kim.lv\/lv\/wp-json\/wp\/v2\/users\/2"}],"replies":[{"embeddable":true,"href":"https:\/\/kim.lv\/lv\/wp-json\/wp\/v2\/comments?post=4215"}],"version-history":[{"count":1,"href":"https:\/\/kim.lv\/lv\/wp-json\/wp\/v2\/posts\/4215\/revisions"}],"predecessor-version":[{"id":4217,"href":"https:\/\/kim.lv\/lv\/wp-json\/wp\/v2\/posts\/4215\/revisions\/4217"}],"wp:attachment":[{"href":"https:\/\/kim.lv\/lv\/wp-json\/wp\/v2\/media?parent=4215"}],"wp:term":[{"taxonomy":"category","embeddable":true,"href":"https:\/\/kim.lv\/lv\/wp-json\/wp\/v2\/categories?post=4215"},{"taxonomy":"post_tag","embeddable":true,"href":"https:\/\/kim.lv\/lv\/wp-json\/wp\/v2\/tags?post=4215"}],"curies":[{"name":"wp","href":"https:\/\/api.w.org\/{rel}","templated":true}]}}