{"id":4261,"date":"2018-11-12T17:55:59","date_gmt":"2018-11-12T15:55:59","guid":{"rendered":"http:\/\/kim.lv\/?p=4261"},"modified":"2018-11-12T17:55:59","modified_gmt":"2018-11-12T15:55:59","slug":"vasaras-fotoskolas-celojosa-izstade","status":"publish","type":"post","link":"https:\/\/kim.lv\/lv\/vasaras-fotoskolas-celojosa-izstade\/","title":{"rendered":"Vasaras Fotoskolas ce\u013cojo\u0161\u0101 izst\u0101de"},"content":{"rendered":"Kim? vasaras fotoskolas dal\u012bbnieku darbu izst\u0101de, k\u0101 iepriek\u0161 sol\u012bts, turpina ce\u013cojumu pa da\u017e\u0101d\u0101m Latvijas viet\u0101m. Pirm\u0101 pieturvieta p\u0113c izst\u0101des Kim? m\u0101c\u012bbu izst\u0101\u017eu telp\u0101 ir Liep\u0101jas 1. \u0123imn\u0101zija, kur izst\u0101de apl\u016bkojama no 18. septembra l\u012bdz 1.oktobrim; t\u0101l\u0101k izst\u0101de dodas uz Rucavas vidusskolu, un v\u0113l\u0101k b\u016bs skat\u0101ma ar\u012b cit\u0101s Latvijas skol\u0101s un kult\u016bras centros.<\/p>\n<p>Ce\u013cojo\u0161\u0101 izst\u0101de tiek realiz\u0113ta sadarb\u012bb\u0101 ar valsts a\u0123ent\u016bras <a href=\"http:\/\/www.jaunatne.gov.lv\/lv\" target=\"_blank\" rel=\"noopener\">\u201eJaunatnes starptautisko programmu a\u0123ent\u016bra\u201d<\/a> un Kim? projekta \u201eNabadz\u012bbas gads\u201d ietvaros.<\/p>\n<p>Foto un video skolu ietvaros 40 vidusskolas vecuma jaunie\u0161i klaus\u012bj\u0101s lekcijas par fotogr\u0101fijas un kino v\u0113sturi un teoriju, viesoj\u0101s fotogr\u0101fu un filmu studij\u0101s un laikrakstu redakcij\u0101s, apmekl\u0113ja C\u0113su M\u0101kslas festiv\u0101lu, Fotogr\u0101fijas muzeju, Latvijas M\u0101kslas akad\u0113miju un kinopils\u0113tu <em>Cinevilla<\/em>, <em>Film Angels Studio<\/em>.<\/p>\n<p>Foto skolu vad\u012bja Raimo Lielbriedis.","protected":false},"excerpt":{"rendered":"<p>Kim? vasaras fotoskolas dal\u012bbnieku darbu izst\u0101de, k\u0101 iepriek\u0161 sol\u012bts, turpina ce\u013cojumu pa da\u017e\u0101d\u0101m Latvijas viet\u0101m. Pirm\u0101 pieturvieta p\u0113c izst\u0101des Kim? m\u0101c\u012bbu izst\u0101\u017eu telp\u0101 ir Liep\u0101jas 1. \u0123imn\u0101zija, kur izst\u0101de apl\u016bkojama no 18. septembra l\u012bdz 1.oktobrim; t\u0101l\u0101k izst\u0101de dodas uz Rucavas vidusskolu, un v\u0113l\u0101k b\u016bs skat\u0101ma ar\u012b cit\u0101s Latvijas skol\u0101s un kult\u016bras centros. Ce\u013cojo\u0161\u0101 izst\u0101de tiek [&hellip;]<\/p>\n","protected":false},"author":2,"featured_media":0,"comment_status":"open","ping_status":"open","sticky":false,"template":"","format":"standard","meta":{"inline_featured_image":false,"footnotes":""},"categories":[32,4,26],"tags":[],"class_list":["post-4261","post","type-post","status-publish","format-standard","hentry","category-32","category-kim-exhibitions","category-past-exhibitions"],"acf":[],"yoast_head":"<!-- This site is optimized with the Yoast SEO plugin v21.9 - https:\/\/yoast.com\/wordpress\/plugins\/seo\/ -->\n<title>Vasaras Fotoskolas ce\u013cojo\u0161\u0101 izst\u0101de  - Kim? Laikmet\u012bg\u0101s m\u0101kslas centrs<\/title>\n<meta name=\"robots\" content=\"index, follow, max-snippet:-1, max-image-preview:large, max-video-preview:-1\" \/>\n<link rel=\"canonical\" href=\"https:\/\/kim.lv\/en\/vasaras-fotoskolas-celojosa-izstade\/\" \/>\n<meta property=\"og:locale\" content=\"lv_LV\" \/>\n<meta property=\"og:type\" content=\"article\" \/>\n<meta property=\"og:title\" content=\"[:lv]Vasaras Fotoskolas ce\u013cojo\u0161\u0101 izst\u0101de [:] - Kim? Laikmet\u012bg\u0101s m\u0101kslas centrs\" \/>\n<meta property=\"og:description\" content=\"Kim? vasaras fotoskolas dal\u012bbnieku darbu izst\u0101de, k\u0101 iepriek\u0161 sol\u012bts, turpina ce\u013cojumu pa da\u017e\u0101d\u0101m Latvijas viet\u0101m. Pirm\u0101 pieturvieta p\u0113c izst\u0101des Kim? m\u0101c\u012bbu izst\u0101\u017eu telp\u0101 ir Liep\u0101jas 1. \u0123imn\u0101zija, kur izst\u0101de apl\u016bkojama no 18. septembra l\u012bdz 1.oktobrim; t\u0101l\u0101k izst\u0101de dodas uz Rucavas vidusskolu, un v\u0113l\u0101k b\u016bs skat\u0101ma ar\u012b cit\u0101s Latvijas skol\u0101s un kult\u016bras centros. Ce\u013cojo\u0161\u0101 izst\u0101de tiek [&hellip;]\" \/>\n<meta property=\"og:url\" content=\"https:\/\/kim.lv\/en\/vasaras-fotoskolas-celojosa-izstade\/\" \/>\n<meta property=\"og:site_name\" content=\"Kim? Laikmet\u012bg\u0101s m\u0101kslas centrs\" \/>\n<meta property=\"article:published_time\" content=\"2018-11-12T15:55:59+00:00\" \/>\n<meta name=\"author\" content=\"Kim?\" \/>\n<meta name=\"twitter:card\" content=\"summary_large_image\" \/>\n<meta name=\"twitter:label1\" content=\"Written by\" \/>\n\t<meta name=\"twitter:data1\" content=\"Kim?\" \/>\n\t<meta name=\"twitter:label2\" content=\"Est. reading time\" \/>\n\t<meta name=\"twitter:data2\" content=\"1 minute\" \/>\n<script type=\"application\/ld+json\" class=\"yoast-schema-graph\">{\"@context\":\"https:\/\/schema.org\",\"@graph\":[{\"@type\":\"WebPage\",\"@id\":\"https:\/\/kim.lv\/en\/vasaras-fotoskolas-celojosa-izstade\/\",\"url\":\"https:\/\/kim.lv\/en\/vasaras-fotoskolas-celojosa-izstade\/\",\"name\":\"[:lv]Vasaras Fotoskolas ce\u013cojo\u0161\u0101 izst\u0101de [:] - Kim? Laikmet\u012bg\u0101s m\u0101kslas centrs\",\"isPartOf\":{\"@id\":\"https:\/\/kim.lv\/en\/#website\"},\"datePublished\":\"2018-11-12T15:55:59+00:00\",\"dateModified\":\"2018-11-12T15:55:59+00:00\",\"author\":{\"@id\":\"https:\/\/kim.lv\/en\/#\/schema\/person\/56f07ec6715af61b0d0ed9835c282330\"},\"breadcrumb\":{\"@id\":\"https:\/\/kim.lv\/en\/vasaras-fotoskolas-celojosa-izstade\/#breadcrumb\"},\"inLanguage\":\"lv-LV\",\"potentialAction\":[{\"@type\":\"ReadAction\",\"target\":[\"https:\/\/kim.lv\/en\/vasaras-fotoskolas-celojosa-izstade\/\"]}]},{\"@type\":\"BreadcrumbList\",\"@id\":\"https:\/\/kim.lv\/en\/vasaras-fotoskolas-celojosa-izstade\/#breadcrumb\",\"itemListElement\":[{\"@type\":\"ListItem\",\"position\":1,\"name\":\"Home\",\"item\":\"https:\/\/kim.lv\/\"},{\"@type\":\"ListItem\",\"position\":2,\"name\":\"Vasaras Fotoskolas ce\u013cojo\u0161\u0101 izst\u0101de\"}]},{\"@type\":\"WebSite\",\"@id\":\"https:\/\/kim.lv\/en\/#website\",\"url\":\"https:\/\/kim.lv\/en\/\",\"name\":\"Kim? Laikmet\u012bg\u0101s m\u0101kslas centrs\",\"description\":\"\",\"potentialAction\":[{\"@type\":\"SearchAction\",\"target\":{\"@type\":\"EntryPoint\",\"urlTemplate\":\"https:\/\/kim.lv\/en\/?s={search_term_string}\"},\"query-input\":\"required name=search_term_string\"}],\"inLanguage\":\"lv-LV\"},{\"@type\":\"Person\",\"@id\":\"https:\/\/kim.lv\/en\/#\/schema\/person\/56f07ec6715af61b0d0ed9835c282330\",\"name\":\"Kim?\",\"image\":{\"@type\":\"ImageObject\",\"inLanguage\":\"lv-LV\",\"@id\":\"https:\/\/kim.lv\/en\/#\/schema\/person\/image\/\",\"url\":\"https:\/\/secure.gravatar.com\/avatar\/95e223367867817ed896bcfb04f433d88d871bfbb4f33c528e26ce5c2786508f?s=96&d=mm&r=g\",\"contentUrl\":\"https:\/\/secure.gravatar.com\/avatar\/95e223367867817ed896bcfb04f433d88d871bfbb4f33c528e26ce5c2786508f?s=96&d=mm&r=g\",\"caption\":\"Kim?\"},\"url\":\"https:\/\/kim.lv\/lv\/author\/kim\/\"}]}<\/script>\n<!-- \/ Yoast SEO plugin. -->","yoast_head_json":{"title":"[:lv]Vasaras Fotoskolas ce\u013cojo\u0161\u0101 izst\u0101de [:] - Kim? Laikmet\u012bg\u0101s m\u0101kslas centrs","robots":{"index":"index","follow":"follow","max-snippet":"max-snippet:-1","max-image-preview":"max-image-preview:large","max-video-preview":"max-video-preview:-1"},"canonical":"https:\/\/kim.lv\/en\/vasaras-fotoskolas-celojosa-izstade\/","og_locale":"lv_LV","og_type":"article","og_title":"[:lv]Vasaras Fotoskolas ce\u013cojo\u0161\u0101 izst\u0101de [:] - Kim? Laikmet\u012bg\u0101s m\u0101kslas centrs","og_description":"Kim? vasaras fotoskolas dal\u012bbnieku darbu izst\u0101de, k\u0101 iepriek\u0161 sol\u012bts, turpina ce\u013cojumu pa da\u017e\u0101d\u0101m Latvijas viet\u0101m. Pirm\u0101 pieturvieta p\u0113c izst\u0101des Kim? m\u0101c\u012bbu izst\u0101\u017eu telp\u0101 ir Liep\u0101jas 1. \u0123imn\u0101zija, kur izst\u0101de apl\u016bkojama no 18. septembra l\u012bdz 1.oktobrim; t\u0101l\u0101k izst\u0101de dodas uz Rucavas vidusskolu, un v\u0113l\u0101k b\u016bs skat\u0101ma ar\u012b cit\u0101s Latvijas skol\u0101s un kult\u016bras centros. Ce\u013cojo\u0161\u0101 izst\u0101de tiek [&hellip;]","og_url":"https:\/\/kim.lv\/en\/vasaras-fotoskolas-celojosa-izstade\/","og_site_name":"Kim? Laikmet\u012bg\u0101s m\u0101kslas centrs","article_published_time":"2018-11-12T15:55:59+00:00","author":"Kim?","twitter_card":"summary_large_image","twitter_misc":{"Written by":"Kim?","Est. reading time":"1 minute"},"schema":{"@context":"https:\/\/schema.org","@graph":[{"@type":"WebPage","@id":"https:\/\/kim.lv\/en\/vasaras-fotoskolas-celojosa-izstade\/","url":"https:\/\/kim.lv\/en\/vasaras-fotoskolas-celojosa-izstade\/","name":"[:lv]Vasaras Fotoskolas ce\u013cojo\u0161\u0101 izst\u0101de [:] - Kim? Laikmet\u012bg\u0101s m\u0101kslas centrs","isPartOf":{"@id":"https:\/\/kim.lv\/en\/#website"},"datePublished":"2018-11-12T15:55:59+00:00","dateModified":"2018-11-12T15:55:59+00:00","author":{"@id":"https:\/\/kim.lv\/en\/#\/schema\/person\/56f07ec6715af61b0d0ed9835c282330"},"breadcrumb":{"@id":"https:\/\/kim.lv\/en\/vasaras-fotoskolas-celojosa-izstade\/#breadcrumb"},"inLanguage":"lv-LV","potentialAction":[{"@type":"ReadAction","target":["https:\/\/kim.lv\/en\/vasaras-fotoskolas-celojosa-izstade\/"]}]},{"@type":"BreadcrumbList","@id":"https:\/\/kim.lv\/en\/vasaras-fotoskolas-celojosa-izstade\/#breadcrumb","itemListElement":[{"@type":"ListItem","position":1,"name":"Home","item":"https:\/\/kim.lv\/"},{"@type":"ListItem","position":2,"name":"Vasaras Fotoskolas ce\u013cojo\u0161\u0101 izst\u0101de"}]},{"@type":"WebSite","@id":"https:\/\/kim.lv\/en\/#website","url":"https:\/\/kim.lv\/en\/","name":"Kim? Laikmet\u012bg\u0101s m\u0101kslas centrs","description":"","potentialAction":[{"@type":"SearchAction","target":{"@type":"EntryPoint","urlTemplate":"https:\/\/kim.lv\/en\/?s={search_term_string}"},"query-input":"required name=search_term_string"}],"inLanguage":"lv-LV"},{"@type":"Person","@id":"https:\/\/kim.lv\/en\/#\/schema\/person\/56f07ec6715af61b0d0ed9835c282330","name":"Kim?","image":{"@type":"ImageObject","inLanguage":"lv-LV","@id":"https:\/\/kim.lv\/en\/#\/schema\/person\/image\/","url":"https:\/\/secure.gravatar.com\/avatar\/95e223367867817ed896bcfb04f433d88d871bfbb4f33c528e26ce5c2786508f?s=96&d=mm&r=g","contentUrl":"https:\/\/secure.gravatar.com\/avatar\/95e223367867817ed896bcfb04f433d88d871bfbb4f33c528e26ce5c2786508f?s=96&d=mm&r=g","caption":"Kim?"},"url":"https:\/\/kim.lv\/lv\/author\/kim\/"}]}},"_links":{"self":[{"href":"https:\/\/kim.lv\/lv\/wp-json\/wp\/v2\/posts\/4261","targetHints":{"allow":["GET"]}}],"collection":[{"href":"https:\/\/kim.lv\/lv\/wp-json\/wp\/v2\/posts"}],"about":[{"href":"https:\/\/kim.lv\/lv\/wp-json\/wp\/v2\/types\/post"}],"author":[{"embeddable":true,"href":"https:\/\/kim.lv\/lv\/wp-json\/wp\/v2\/users\/2"}],"replies":[{"embeddable":true,"href":"https:\/\/kim.lv\/lv\/wp-json\/wp\/v2\/comments?post=4261"}],"version-history":[{"count":1,"href":"https:\/\/kim.lv\/lv\/wp-json\/wp\/v2\/posts\/4261\/revisions"}],"predecessor-version":[{"id":4263,"href":"https:\/\/kim.lv\/lv\/wp-json\/wp\/v2\/posts\/4261\/revisions\/4263"}],"wp:attachment":[{"href":"https:\/\/kim.lv\/lv\/wp-json\/wp\/v2\/media?parent=4261"}],"wp:term":[{"taxonomy":"category","embeddable":true,"href":"https:\/\/kim.lv\/lv\/wp-json\/wp\/v2\/categories?post=4261"},{"taxonomy":"post_tag","embeddable":true,"href":"https:\/\/kim.lv\/lv\/wp-json\/wp\/v2\/tags?post=4261"}],"curies":[{"name":"wp","href":"https:\/\/api.w.org\/{rel}","templated":true}]}}