{"id":4303,"date":"2018-11-28T10:34:23","date_gmt":"2018-11-28T08:34:23","guid":{"rendered":"http:\/\/kim.lv\/?p=4303"},"modified":"2020-04-25T20:56:30","modified_gmt":"2020-04-25T17:56:30","slug":"laikmetigas-makslas-izstade-barbars-parize-cildinas-latvijas-valsts-jubileju","status":"publish","type":"post","link":"https:\/\/kim.lv\/lv\/laikmetigas-makslas-izstade-barbars-parize-cildinas-latvijas-valsts-jubileju\/","title":{"rendered":"Barbars Par\u012bz\u0113"},"content":{"rendered":"<span style=\"font-family: Raleway, Times New Roman, serif;\"><span style=\"font-family: Times New Roman, serif;\">Par\u012bz\u0113 <\/span><span style=\"font-family: Times New Roman, serif;\"><i>Fondation d\u2019entreprise Ricard<\/i><\/span><span style=\"font-family: Times New Roman, serif;\"> no 2018. gada 13.\u00a0novembra l\u012bdz 22.\u00a0decembrim norisin\u0101sies Latvijas valsts simtgades laikmet\u012bg\u0101s m\u0101kslas izst\u0101de \u201cBarbars Par\u012bz\u0113\u201d. Izst\u0101des vadmot\u012bvs ir Latvijas 20.gadsimta tr\u012bsdesmito gadu rakstnieka un literat\u016bras kriti\u0137a Andreja Kurcija rado\u0161ais veikums.<\/span><\/span><\/p>\n<p>&nbsp;<\/p>\n<p><span style=\"font-family: Raleway, Times New Roman, serif;\"><span style=\"font-family: Times New Roman, serif;\">Piedal\u0101s: Tatjana Daneberga (<\/span><span style=\"font-family: Times New Roman, serif;\"><i>Tatjana Danneberg<\/i><\/span><span style=\"font-family: Times New Roman, serif;\">), Vir\u017eils Fress (<\/span><span style=\"font-family: Times New Roman, serif;\"><i>Virgile Fraisse<\/i><\/span><span style=\"font-family: Times New Roman, serif;\">), Signe Frederiksena (<\/span><span style=\"font-family: Times New Roman, serif;\"><i>Signe Frederiksen<\/i><\/span><span style=\"font-family: Times New Roman, serif;\">), Gijoms Maro (<\/span><span style=\"font-family: Times New Roman, serif;\"><i>Guillaume Maraud<\/i><\/span><span style=\"font-family: Times New Roman, serif;\">), Anna-St\u012bna Treumunda (<\/span><span style=\"font-family: Times New Roman, serif;\"><i>Anna-Stina Treumund<\/i><\/span><span style=\"font-family: Times New Roman, serif;\">), Viktors Timofejevs, Evita Vasi\u013cjeva <\/span><\/span><\/p>\n<p>&nbsp;<\/p>\n<p><span style=\"font-family: Raleway, Times New Roman, serif;\"><span style=\"font-family: Times New Roman, serif;\">Izst\u0101de notiek<\/span><span style=\"font-family: Times New Roman, serif;\"><i> Fondation d\u2019entreprise Ricard <\/i><\/span><span style=\"font-family: Times New Roman, serif;\">no <\/span><span style=\"font-family: Times New Roman, serif;\">2018. gada 13.\u00a0novembra l\u012bdz 22.\u00a0decembrim. <\/span><\/span> <span style=\"font-family: Raleway, Times New Roman, serif;\"><span style=\"font-family: Times New Roman, serif;\"><i>Atkl\u0101\u0161ana pirmdien, 12.\u00a0novembr\u012b, plkst. 18.30\u201321.00 <\/i><\/span><\/span><\/p>\n<p>&nbsp;<\/p>\n<p><span style=\"font-family: Raleway, Times New Roman, serif;\"><span style=\"font-family: Times New Roman, serif;\">Kuratori: Joahims Hamu (<\/span><span style=\"font-family: Times New Roman, serif;\"><i>Joachim Hamou<\/i><\/span><span style=\"font-family: Times New Roman, serif;\">), Maija Rudovska un Barbara Sirjeksa (<\/span><span style=\"font-family: Times New Roman, serif;\"><i>Barbara<\/i><\/span> <span style=\"font-family: Times New Roman, serif;\"><i>Sirieix<\/i><\/span><span style=\"font-family: Times New Roman, serif;\">)<\/span><\/span> \u201c<span style=\"font-family: Raleway, Times New Roman, serif;\"><span style=\"font-family: Times New Roman, serif;\">Barbars Par\u012bz\u0113\u201d \u2013 t\u0101 sauc izst\u0101di un publik\u0101ciju, kam iedvesma g\u016bta latvie\u0161u kolekcion\u0101ra, rakstnieka un \u0101rsta Andreja Kurcija 1923. gad\u0101 sarakst\u012btaj\u0101 manifest\u0101 \u201cAkt\u012bv\u0101 m\u0101ksla\u201d. \u0160aj\u0101 esej\u0101 Kurcijs <\/span>ne vien nor\u0101da uz m\u0101kslas un m\u0101kslinieka noz\u012bmi sabiedr\u012bb\u0101, bet ar\u012b uzsver to, cik svar\u012bgi m\u0101kslai tikt aktiviz\u0113tai no iek\u0161ienes un b\u016bt neatkar\u012bgai.<\/span> <span style=\"font-family: Raleway, Times New Roman, serif;\"><span style=\"font-family: Times New Roman, serif;\">Izst\u0101de \u201cBarbars Par\u012bz\u0113\u201d savu nosaukumu aizguvusi no v\u0113l vienas Kurcija gr\u0101matas: dzejas kr\u0101juma, kas atspogu\u013co dz\u012bvi Par\u012bz\u0113 plauksto\u0161aj\u0101 20. gadsimta s\u0101kum\u0101. Kr\u0101jum\u0101 Kurcijs atkl\u0101j autsaidera skat\u012bjumu: gr\u0101matas liriskais varonis mald\u0101s fran\u010du valod\u0101 un kult\u016bras kodos, ta\u010du \u0161\u012b pazemojo\u0161\u0101 situ\u0101cija dr\u012bz main\u0101s, kad vi\u0146\u0161 piedz\u012bvo da\u017e\u0101du kult\u016bru savstarp\u0113jo bag\u0101tin\u0101\u0161anos, ko Par\u012bze pied\u0101v\u0101. Tie\u0161i to \u012bpa\u0161o attiec\u012bbu d\u0113\u013c, k\u0101das ar \u0161o pils\u0113tu bija Andrejam Kurcijam un vi\u0146a laikabiedriem, Par\u012bze izv\u0113l\u0113ta par projekta norises vietu.<\/span><\/span><\/p>\n<p>&nbsp;<\/p>\n<p><span style=\"font-family: Raleway, Times New Roman, serif;\"><span style=\"font-family: Times New Roman, serif;\">M\u016bsdien\u0101s m\u0101kslas prakti\u0137i Francij\u0101, Latvij\u0101 un cit\u0101s valst\u012bs cen\u0161as atkal nodibin\u0101t saikni ar politisko dimensiju, nezaud\u0113jot m\u0101ksliniecisko autonomiju. \u0160aj\u0101 kontekst\u0101 Kurcija \u201cAkt\u012bv\u0101 m\u0101ksla\u201d ieg\u016bst jaunu aktualit\u0101ti.<\/span><\/span><\/p>\n<p>&nbsp;<\/p>\n<p><span style=\"font-family: Raleway, Times New Roman, serif;\"><span style=\"font-family: Times New Roman, serif;\">Projekts tapis, sadarbojoties <\/span><span style=\"font-family: Times New Roman, serif;\">Kim?<\/span> <span style=\"font-family: Times New Roman, serif;\">Laikmet\u012bg\u0101s m\u0101kslas centram R\u012bg\u0101 (Latvij\u0101), izdevniec\u012bbai <\/span><span style=\"font-family: Times New Roman, serif;\"><i>Paraguay Press, <\/i><\/span><span style=\"font-family: Times New Roman, serif;\">laikmet\u012bg\u0101s m\u0101kslas fondam <\/span><span style=\"font-family: Times New Roman, serif;\"><i>Fondation d\u2019entreprise<\/i><\/span> <span style=\"font-family: Times New Roman, serif;\"><i>Ricard<\/i><\/span><span style=\"font-family: Times New Roman, serif;\"> Par\u012bz\u0113 (Francij\u0101) un Latvijas Republikas Kult\u016bras ministrijai. Projekts ir da\u013ca no Latvijas simtgades starptautisk\u0101s programmas notikumiem. Kurcija darbs \u201cAkt\u012bv\u0101 m\u0101ksla\u201d ir pamat\u0101 ne vien izst\u0101dei, kas 2018. gada novembr\u012b tiks atkl\u0101ta <\/span><span style=\"font-family: Times New Roman, serif;\"><i>Fondation d\u2019entreprise Ricard<\/i><\/span><span style=\"font-family: Times New Roman, serif;\">, bet ar\u012b publik\u0101cijai, kur\u0101 tiks apkopoti gan latvie\u0161u, gan fran\u010du m\u0101kslinieku, rakstnieku un citu rado\u0161u person\u012bbu teksti\/koment\u0101ri.<\/span><\/span>","protected":false},"excerpt":{"rendered":"<p>Par\u012bz\u0113 Fondation d\u2019entreprise Ricard no 2018. gada 13.\u00a0novembra l\u012bdz 22.\u00a0decembrim norisin\u0101sies Latvijas valsts simtgades laikmet\u012bg\u0101s m\u0101kslas izst\u0101de \u201cBarbars Par\u012bz\u0113\u201d. Izst\u0101des vadmot\u012bvs ir Latvijas 20.gadsimta tr\u012bsdesmito gadu rakstnieka un literat\u016bras kriti\u0137a Andreja Kurcija rado\u0161ais veikums. &nbsp; Piedal\u0101s: Tatjana Daneberga (Tatjana Danneberg), Vir\u017eils Fress (Virgile Fraisse), Signe Frederiksena (Signe Frederiksen), Gijoms Maro (Guillaume Maraud), Anna-St\u012bna Treumunda (Anna-Stina [&hellip;]<\/p>\n","protected":false},"author":2,"featured_media":0,"comment_status":"open","ping_status":"open","sticky":false,"template":"","format":"standard","meta":{"inline_featured_image":false,"footnotes":""},"categories":[28,4,1],"tags":[],"class_list":["post-4303","post","type-post","status-publish","format-standard","hentry","category-2018-exhibitions","category-kim-exhibitions","category-uncategorized"],"acf":[],"yoast_head":"<!-- This site is optimized with the Yoast SEO plugin v21.9 - https:\/\/yoast.com\/wordpress\/plugins\/seo\/ -->\n<title>Barbars Par\u012bz\u0113 - Kim? Laikmet\u012bg\u0101s m\u0101kslas centrs<\/title>\n<meta name=\"robots\" content=\"index, follow, max-snippet:-1, max-image-preview:large, max-video-preview:-1\" \/>\n<link rel=\"canonical\" href=\"https:\/\/kim.lv\/en\/laikmetigas-makslas-izstade-barbars-parize-cildinas-latvijas-valsts-jubileju\/\" \/>\n<meta property=\"og:locale\" content=\"lv_LV\" \/>\n<meta property=\"og:type\" content=\"article\" \/>\n<meta property=\"og:title\" content=\"[:en]A Barbarian in Paris[:lv]Barbars Par\u012bz\u0113[:] - Kim? Laikmet\u012bg\u0101s m\u0101kslas centrs\" \/>\n<meta property=\"og:description\" content=\"Par\u012bz\u0113 Fondation d\u2019entreprise Ricard no 2018. gada 13.\u00a0novembra l\u012bdz 22.\u00a0decembrim norisin\u0101sies Latvijas valsts simtgades laikmet\u012bg\u0101s m\u0101kslas izst\u0101de \u201cBarbars Par\u012bz\u0113\u201d. Izst\u0101des vadmot\u012bvs ir Latvijas 20.gadsimta tr\u012bsdesmito gadu rakstnieka un literat\u016bras kriti\u0137a Andreja Kurcija rado\u0161ais veikums. &nbsp; Piedal\u0101s: Tatjana Daneberga (Tatjana Danneberg), Vir\u017eils Fress (Virgile Fraisse), Signe Frederiksena (Signe Frederiksen), Gijoms Maro (Guillaume Maraud), Anna-St\u012bna Treumunda (Anna-Stina [&hellip;]\" \/>\n<meta property=\"og:url\" content=\"https:\/\/kim.lv\/en\/laikmetigas-makslas-izstade-barbars-parize-cildinas-latvijas-valsts-jubileju\/\" \/>\n<meta property=\"og:site_name\" content=\"Kim? Laikmet\u012bg\u0101s m\u0101kslas centrs\" \/>\n<meta property=\"article:published_time\" content=\"2018-11-28T08:34:23+00:00\" \/>\n<meta property=\"article:modified_time\" content=\"2020-04-25T17:56:30+00:00\" \/>\n<meta name=\"author\" content=\"Kim?\" \/>\n<meta name=\"twitter:card\" content=\"summary_large_image\" \/>\n<meta name=\"twitter:label1\" content=\"Written by\" \/>\n\t<meta name=\"twitter:data1\" content=\"Kim?\" \/>\n\t<meta name=\"twitter:label2\" content=\"Est. reading time\" \/>\n\t<meta name=\"twitter:data2\" content=\"3 minutes\" \/>\n<script type=\"application\/ld+json\" class=\"yoast-schema-graph\">{\"@context\":\"https:\/\/schema.org\",\"@graph\":[{\"@type\":\"WebPage\",\"@id\":\"https:\/\/kim.lv\/en\/laikmetigas-makslas-izstade-barbars-parize-cildinas-latvijas-valsts-jubileju\/\",\"url\":\"https:\/\/kim.lv\/en\/laikmetigas-makslas-izstade-barbars-parize-cildinas-latvijas-valsts-jubileju\/\",\"name\":\"[:en]A Barbarian in Paris[:lv]Barbars Par\u012bz\u0113[:] - Kim? Laikmet\u012bg\u0101s m\u0101kslas centrs\",\"isPartOf\":{\"@id\":\"https:\/\/kim.lv\/en\/#website\"},\"datePublished\":\"2018-11-28T08:34:23+00:00\",\"dateModified\":\"2020-04-25T17:56:30+00:00\",\"author\":{\"@id\":\"https:\/\/kim.lv\/en\/#\/schema\/person\/56f07ec6715af61b0d0ed9835c282330\"},\"breadcrumb\":{\"@id\":\"https:\/\/kim.lv\/en\/laikmetigas-makslas-izstade-barbars-parize-cildinas-latvijas-valsts-jubileju\/#breadcrumb\"},\"inLanguage\":\"lv-LV\",\"potentialAction\":[{\"@type\":\"ReadAction\",\"target\":[\"https:\/\/kim.lv\/en\/laikmetigas-makslas-izstade-barbars-parize-cildinas-latvijas-valsts-jubileju\/\"]}]},{\"@type\":\"BreadcrumbList\",\"@id\":\"https:\/\/kim.lv\/en\/laikmetigas-makslas-izstade-barbars-parize-cildinas-latvijas-valsts-jubileju\/#breadcrumb\",\"itemListElement\":[{\"@type\":\"ListItem\",\"position\":1,\"name\":\"Home\",\"item\":\"https:\/\/kim.lv\/\"},{\"@type\":\"ListItem\",\"position\":2,\"name\":\"A Barbarian in Paris\"}]},{\"@type\":\"WebSite\",\"@id\":\"https:\/\/kim.lv\/en\/#website\",\"url\":\"https:\/\/kim.lv\/en\/\",\"name\":\"Kim? Laikmet\u012bg\u0101s m\u0101kslas centrs\",\"description\":\"\",\"potentialAction\":[{\"@type\":\"SearchAction\",\"target\":{\"@type\":\"EntryPoint\",\"urlTemplate\":\"https:\/\/kim.lv\/en\/?s={search_term_string}\"},\"query-input\":\"required name=search_term_string\"}],\"inLanguage\":\"lv-LV\"},{\"@type\":\"Person\",\"@id\":\"https:\/\/kim.lv\/en\/#\/schema\/person\/56f07ec6715af61b0d0ed9835c282330\",\"name\":\"Kim?\",\"image\":{\"@type\":\"ImageObject\",\"inLanguage\":\"lv-LV\",\"@id\":\"https:\/\/kim.lv\/en\/#\/schema\/person\/image\/\",\"url\":\"https:\/\/secure.gravatar.com\/avatar\/95e223367867817ed896bcfb04f433d88d871bfbb4f33c528e26ce5c2786508f?s=96&d=mm&r=g\",\"contentUrl\":\"https:\/\/secure.gravatar.com\/avatar\/95e223367867817ed896bcfb04f433d88d871bfbb4f33c528e26ce5c2786508f?s=96&d=mm&r=g\",\"caption\":\"Kim?\"},\"url\":\"https:\/\/kim.lv\/lv\/author\/kim\/\"}]}<\/script>\n<!-- \/ Yoast SEO plugin. -->","yoast_head_json":{"title":"[:en]A Barbarian in Paris[:lv]Barbars Par\u012bz\u0113[:] - Kim? Laikmet\u012bg\u0101s m\u0101kslas centrs","robots":{"index":"index","follow":"follow","max-snippet":"max-snippet:-1","max-image-preview":"max-image-preview:large","max-video-preview":"max-video-preview:-1"},"canonical":"https:\/\/kim.lv\/en\/laikmetigas-makslas-izstade-barbars-parize-cildinas-latvijas-valsts-jubileju\/","og_locale":"lv_LV","og_type":"article","og_title":"[:en]A Barbarian in Paris[:lv]Barbars Par\u012bz\u0113[:] - Kim? Laikmet\u012bg\u0101s m\u0101kslas centrs","og_description":"Par\u012bz\u0113 Fondation d\u2019entreprise Ricard no 2018. gada 13.\u00a0novembra l\u012bdz 22.\u00a0decembrim norisin\u0101sies Latvijas valsts simtgades laikmet\u012bg\u0101s m\u0101kslas izst\u0101de \u201cBarbars Par\u012bz\u0113\u201d. Izst\u0101des vadmot\u012bvs ir Latvijas 20.gadsimta tr\u012bsdesmito gadu rakstnieka un literat\u016bras kriti\u0137a Andreja Kurcija rado\u0161ais veikums. &nbsp; Piedal\u0101s: Tatjana Daneberga (Tatjana Danneberg), Vir\u017eils Fress (Virgile Fraisse), Signe Frederiksena (Signe Frederiksen), Gijoms Maro (Guillaume Maraud), Anna-St\u012bna Treumunda (Anna-Stina [&hellip;]","og_url":"https:\/\/kim.lv\/en\/laikmetigas-makslas-izstade-barbars-parize-cildinas-latvijas-valsts-jubileju\/","og_site_name":"Kim? Laikmet\u012bg\u0101s m\u0101kslas centrs","article_published_time":"2018-11-28T08:34:23+00:00","article_modified_time":"2020-04-25T17:56:30+00:00","author":"Kim?","twitter_card":"summary_large_image","twitter_misc":{"Written by":"Kim?","Est. reading time":"3 minutes"},"schema":{"@context":"https:\/\/schema.org","@graph":[{"@type":"WebPage","@id":"https:\/\/kim.lv\/en\/laikmetigas-makslas-izstade-barbars-parize-cildinas-latvijas-valsts-jubileju\/","url":"https:\/\/kim.lv\/en\/laikmetigas-makslas-izstade-barbars-parize-cildinas-latvijas-valsts-jubileju\/","name":"[:en]A Barbarian in Paris[:lv]Barbars Par\u012bz\u0113[:] - Kim? Laikmet\u012bg\u0101s m\u0101kslas centrs","isPartOf":{"@id":"https:\/\/kim.lv\/en\/#website"},"datePublished":"2018-11-28T08:34:23+00:00","dateModified":"2020-04-25T17:56:30+00:00","author":{"@id":"https:\/\/kim.lv\/en\/#\/schema\/person\/56f07ec6715af61b0d0ed9835c282330"},"breadcrumb":{"@id":"https:\/\/kim.lv\/en\/laikmetigas-makslas-izstade-barbars-parize-cildinas-latvijas-valsts-jubileju\/#breadcrumb"},"inLanguage":"lv-LV","potentialAction":[{"@type":"ReadAction","target":["https:\/\/kim.lv\/en\/laikmetigas-makslas-izstade-barbars-parize-cildinas-latvijas-valsts-jubileju\/"]}]},{"@type":"BreadcrumbList","@id":"https:\/\/kim.lv\/en\/laikmetigas-makslas-izstade-barbars-parize-cildinas-latvijas-valsts-jubileju\/#breadcrumb","itemListElement":[{"@type":"ListItem","position":1,"name":"Home","item":"https:\/\/kim.lv\/"},{"@type":"ListItem","position":2,"name":"A Barbarian in Paris"}]},{"@type":"WebSite","@id":"https:\/\/kim.lv\/en\/#website","url":"https:\/\/kim.lv\/en\/","name":"Kim? Laikmet\u012bg\u0101s m\u0101kslas centrs","description":"","potentialAction":[{"@type":"SearchAction","target":{"@type":"EntryPoint","urlTemplate":"https:\/\/kim.lv\/en\/?s={search_term_string}"},"query-input":"required name=search_term_string"}],"inLanguage":"lv-LV"},{"@type":"Person","@id":"https:\/\/kim.lv\/en\/#\/schema\/person\/56f07ec6715af61b0d0ed9835c282330","name":"Kim?","image":{"@type":"ImageObject","inLanguage":"lv-LV","@id":"https:\/\/kim.lv\/en\/#\/schema\/person\/image\/","url":"https:\/\/secure.gravatar.com\/avatar\/95e223367867817ed896bcfb04f433d88d871bfbb4f33c528e26ce5c2786508f?s=96&d=mm&r=g","contentUrl":"https:\/\/secure.gravatar.com\/avatar\/95e223367867817ed896bcfb04f433d88d871bfbb4f33c528e26ce5c2786508f?s=96&d=mm&r=g","caption":"Kim?"},"url":"https:\/\/kim.lv\/lv\/author\/kim\/"}]}},"_links":{"self":[{"href":"https:\/\/kim.lv\/lv\/wp-json\/wp\/v2\/posts\/4303","targetHints":{"allow":["GET"]}}],"collection":[{"href":"https:\/\/kim.lv\/lv\/wp-json\/wp\/v2\/posts"}],"about":[{"href":"https:\/\/kim.lv\/lv\/wp-json\/wp\/v2\/types\/post"}],"author":[{"embeddable":true,"href":"https:\/\/kim.lv\/lv\/wp-json\/wp\/v2\/users\/2"}],"replies":[{"embeddable":true,"href":"https:\/\/kim.lv\/lv\/wp-json\/wp\/v2\/comments?post=4303"}],"version-history":[{"count":11,"href":"https:\/\/kim.lv\/lv\/wp-json\/wp\/v2\/posts\/4303\/revisions"}],"predecessor-version":[{"id":4366,"href":"https:\/\/kim.lv\/lv\/wp-json\/wp\/v2\/posts\/4303\/revisions\/4366"}],"wp:attachment":[{"href":"https:\/\/kim.lv\/lv\/wp-json\/wp\/v2\/media?parent=4303"}],"wp:term":[{"taxonomy":"category","embeddable":true,"href":"https:\/\/kim.lv\/lv\/wp-json\/wp\/v2\/categories?post=4303"},{"taxonomy":"post_tag","embeddable":true,"href":"https:\/\/kim.lv\/lv\/wp-json\/wp\/v2\/tags?post=4303"}],"curies":[{"name":"wp","href":"https:\/\/api.w.org\/{rel}","templated":true}]}}