{"id":4468,"date":"2019-01-29T16:49:50","date_gmt":"2019-01-29T14:49:50","guid":{"rendered":"http:\/\/kim.lv\/?p=4468"},"modified":"2020-04-14T11:24:41","modified_gmt":"2020-04-14T08:24:41","slug":"kim-open-call-2019-exhibition-eizens-bergs-unidiscovered-avant-garde-literature","status":"publish","type":"post","link":"https:\/\/kim.lv\/lv\/kim-open-call-2019-exhibition-eizens-bergs-unidiscovered-avant-garde-literature\/","title":{"rendered":"Kim? Open Call 2019 izst\u0101de \u201cEi\u017eena Berga dzeja un darbi&#8221;"},"content":{"rendered":"&nbsp;<\/p>\n<p><b>Ei\u017eens Bergs \u2013 avangarda priek\u0161g\u0101j\u0113js, neiesp\u0113jamais r\u012bdzinieks<\/b><\/p>\n<p>&nbsp;<\/p>\n<p>2017.\u00a0gada 1.\u00a0mart\u0101 interneta \u017eurn\u0101la <i>Punctum<\/i> redakcija, kas bija public\u0113jusi Mihaila Kuzmina atdzejojumus, sa\u0146\u0113ma e-pasta v\u0113stuli no Krievijas. Rakst\u012bja Kuzmina biogr\u0101fijas un dai\u013crades p\u0113tniece Marina Kame\u0146ecka saist\u012bb\u0101 ar k\u0101du Kuzmina v\u0113stuli, adres\u0113tu Ei\u017eenam Bergam R\u012bg\u0101 1920.\u00a0gad\u0101. Vi\u0146a interes\u0113j\u0101s par to, kas ir nosl\u0113pumainais latvietis, kuru, iesp\u0113jams, sav\u0101s dienasgr\u0101mat\u0101s k\u0101 \u201e\u0161v\u012bt\u012bgo \u0101kstu\u201d, \u201e\u0101ri\u0161\u0137\u012bgo daudzrakst\u012bt\u0101ju\u201d un \u201epaka\u013cdarin\u0101t\u0101ju\u201d piemin\u0113jis ar\u012b Kuzmina m\u012b\u013cotais, lietuvie\u0161u izcelsmes dzejnieks Jurijs Jurkuns. V\u0113stule zi\u0146k\u0101res dz\u012bto \u201ep\u0113tniec\u012bbas grupu\u201d aizveda uz k\u0101du \u012bres namu R\u012bg\u0101, kur\u0101 ar Berga dzimtu nesaist\u012bta \u012brniece bija paglab\u0101jusi, vi\u0146as v\u0101rdiem run\u0101jot, \u201eant\u012bko mantojumu\u201d. M\u016bsu ac\u012bm pav\u0113r\u0101s neticams materi\u0101ls\u00a0\u2013 liec\u012bbas par p\u0101rsteidzo\u0161i daudzpus\u012bgu dzejnieku no R\u012bgas, kur\u0161 gan saist\u012bjies ar akmeistu liter\u0101ro grup\u0113jumu 20. gadsimta s\u0101kuma Krievij\u0101, gan akt\u012bvi interes\u0113jies par rietumu avangarda kust\u012bb\u0101m, \u012bpa\u0161i dadaismu.<\/p>\n<p>&nbsp;<\/p>\n<p>Zin\u0101ms, ka Ei\u017eens dzimis zemnieku \u0123imen\u0113 Prei\u013cos, vi\u0146a m\u0101te p\u0101ragri mirusi no dilo\u0146a, un r\u016bpes par puis\u0113nu uz\u0146\u0113m\u0101s tirgot\u0101ja Hanna Brugmane R\u012bg\u0101. Atrastajos da\u017e\u0101du laikposmu dzejo\u013cos nojau\u0161ams, ka agr\u0101 jaun\u012bb\u0101 Ei\u017eens aizr\u0101vies ar kreis\u0101m idej\u0101m. P\u0113c skolas absolv\u0113\u0161anas devies uz Krieviju, kur iepazinies ar di\u017eo krievu klasi\u0137i Mihailu Kuzminu, v\u0113l\u0101k no 1917. l\u012bdz 1921.\u00a0gadam uztur\u0113jies Berl\u012bn\u0113, kur p\u0101r\u0146\u0113mis dadaistu idejas. Nav zin\u0101ms, vai Ei\u017eens stud\u0113jis k\u0101d\u0101 augstskol\u0101, bet vi\u0146\u0161 aizr\u0101vies ar\u012b ar vizu\u0101lo m\u0101kslu un m\u0101c\u0113jis vair\u0101kas valodas\u00a0\u2013 k\u0101 liecina vi\u0146a atdzejotais Ov\u012bdija teksts, ar\u012b lat\u012b\u0146u. P\u0113d\u0113j\u0101 pieejam\u0101 v\u0113stule, ko Ei\u017eens tantei Hannai s\u016bt\u012bjis no V\u0101cijas, dat\u0113ta ar 1921.\u00a0gada 13.\u00a0janv\u0101ri. Taj\u0101 vi\u0146\u0161 pau\u017e gatav\u012bbu ce\u013cot uz Eiropas dienvidiem. Ei\u017eena t\u0101l\u0101k\u0101s gaitas un n\u0101ves apst\u0101k\u013ci nav noskaidroti.<\/p>\n<p>&nbsp;<\/p>\n<p>Sakari, kas saist\u012bju\u0161i Ei\u017eenu Bergu ar Krievijas un Eiropas literat\u016bras un m\u0101kslas (nenoliedzama ir suprem\u0101tisma est\u0113tikas ietekme vi\u0146a vizu\u0101lajos dzejo\u013cos) aprind\u0101m, paver jaunu ainu Latvijas literat\u016bras v\u0113stures kontekst\u0101\u00a0\u2013 gadsimta s\u0101kum\u0101 m\u016bsu literat\u016br\u0101 ir bijis avangards, ko nov\u0113rt\u0113ju\u0161i ar\u012b slaveni cittautu dzejnieki un m\u0101kslinieki. Ei\u017eena Berga st\u0101st\u0101 neizzin\u0101t\u0101 gan joproj\u0101m ir vair\u0101k nek\u0101 dro\u0161ticam\u0101, vi\u0146a p\u0113das Latvijas literat\u016bras v\u0113stur\u0113 v\u0113l nav iem\u012btas, t\u0101p\u0113c pagaid\u0101m interesentu r\u012bc\u012bb\u0101 nododam nepiln\u012bgi apzin\u0101tu atkl\u0101jumu, ta\u010du ap\u0146emamies n\u0101kotn\u0113 atrisin\u0101t ar\u012b citas Ei\u017eena Berga biogr\u0101fijas m\u012bklas. \u0100ri\u0161\u0137\u012bgs paka\u013cdarin\u0101t\u0101js vai Latvijas literat\u016bras jaunieguvums\u00a0\u2013 par to aicin\u0101m spriest izst\u0101des skat\u012bt\u0101jus.<\/p>\n<p>&nbsp;<\/p>\n<p><b>P\u0113tniec\u012bbas grupa<\/b><\/p>\n<p>V. Eksta, A. Ostups, E. Pel\u0161s, K. V\u0113rdi\u0146\u0161, A. Madris, R. \u0136ir\u0137is, L. Brok\u0101ne<\/p>\n<p>&nbsp;<\/p>\n<p dir=\"ltr\"><strong>Vika Eksta<\/strong> (1987) ir vizu\u0101l\u0101 m\u0101ksliniece un pedago\u0123e, kuru interes\u0113 ilgtermi\u0146a foto projekti, performance un vizu\u0101lu arh\u012bvu p\u0113tniec\u012bba. Kop\u0161 2014. gada piedal\u0101s izst\u0101d\u0113s Latvij\u0101 un starptautiskos projektos. Apguvusi fotogr\u0101fiju pie Andreja Granta un EFTI fotoskol\u0101 Madrid\u0113. Ekstai ir bakalaura gr\u0101ds filmu teorij\u0101 un ma\u0123istra gr\u0101ds vizu\u0101laj\u0101 komunik\u0101cij\u0101. 2016. gad\u0101 vi\u0146a sa\u0146\u0113ma ADC Young Guns balvu un R\u012bgas Fotogr\u0101fijas Bienn\u0101les balvu jaunajiem Baltijas fotogr\u0101fiem.<\/p>\n<p dir=\"ltr\"><strong>Laura Brok\u0101ne<\/strong> (1985) ir Literat\u016bras un filozofijas interneta \u017eurn\u0101la &#8220;Punctum&#8221; redaktore, public\u0113jusi recenzijas un intervijas vair\u0101kos kult\u016bras medijos, str\u0101d\u0101 Rakstniec\u012bbas un m\u016bzikas muzej\u0101, Latvijas M\u0101kslas akad\u0113mij\u0101 apg\u016bst kuratoru studijas.<\/p>","protected":false},"excerpt":{"rendered":"<p>&nbsp; Ei\u017eens Bergs \u2013 avangarda priek\u0161g\u0101j\u0113js, neiesp\u0113jamais r\u012bdzinieks &nbsp; 2017.\u00a0gada 1.\u00a0mart\u0101 interneta \u017eurn\u0101la Punctum redakcija, kas bija public\u0113jusi Mihaila Kuzmina atdzejojumus, sa\u0146\u0113ma e-pasta v\u0113stuli no Krievijas. Rakst\u012bja Kuzmina biogr\u0101fijas un dai\u013crades p\u0113tniece Marina Kame\u0146ecka saist\u012bb\u0101 ar k\u0101du Kuzmina v\u0113stuli, adres\u0113tu Ei\u017eenam Bergam R\u012bg\u0101 1920.\u00a0gad\u0101. Vi\u0146a interes\u0113j\u0101s par to, kas ir nosl\u0113pumainais latvietis, kuru, iesp\u0113jams, sav\u0101s [&hellip;]<\/p>\n","protected":false},"author":2,"featured_media":0,"comment_status":"open","ping_status":"open","sticky":false,"template":"","format":"standard","meta":{"inline_featured_image":false,"footnotes":""},"categories":[4,1],"tags":[],"class_list":["post-4468","post","type-post","status-publish","format-standard","hentry","category-kim-exhibitions","category-uncategorized"],"acf":[],"yoast_head":"<!-- This site is optimized with the Yoast SEO plugin v21.9 - https:\/\/yoast.com\/wordpress\/plugins\/seo\/ -->\n<title>Kim? Open Call 2019 izst\u0101de \u201cEi\u017eena Berga dzeja un darbi&quot; - Kim? Laikmet\u012bg\u0101s m\u0101kslas centrs<\/title>\n<meta name=\"robots\" content=\"index, follow, max-snippet:-1, max-image-preview:large, max-video-preview:-1\" \/>\n<link rel=\"canonical\" href=\"https:\/\/kim.lv\/en\/kim-open-call-2019-exhibition-eizens-bergs-unidiscovered-avant-garde-literature\/\" \/>\n<meta property=\"og:locale\" content=\"lv_LV\" \/>\n<meta property=\"og:type\" content=\"article\" \/>\n<meta property=\"og:title\" content=\"[:en]Kim? Open Call 2019 Exhibition &quot;Poetry and works of Eugen Berg&quot;[:lv]Kim? Open Call 2019 izst\u0101de \u201cEi\u017eena Berga dzeja un darbi&quot;[:] - Kim? Laikmet\u012bg\u0101s m\u0101kslas centrs\" \/>\n<meta property=\"og:description\" content=\"&nbsp; Ei\u017eens Bergs \u2013 avangarda priek\u0161g\u0101j\u0113js, neiesp\u0113jamais r\u012bdzinieks &nbsp; 2017.\u00a0gada 1.\u00a0mart\u0101 interneta \u017eurn\u0101la Punctum redakcija, kas bija public\u0113jusi Mihaila Kuzmina atdzejojumus, sa\u0146\u0113ma e-pasta v\u0113stuli no Krievijas. Rakst\u012bja Kuzmina biogr\u0101fijas un dai\u013crades p\u0113tniece Marina Kame\u0146ecka saist\u012bb\u0101 ar k\u0101du Kuzmina v\u0113stuli, adres\u0113tu Ei\u017eenam Bergam R\u012bg\u0101 1920.\u00a0gad\u0101. Vi\u0146a interes\u0113j\u0101s par to, kas ir nosl\u0113pumainais latvietis, kuru, iesp\u0113jams, sav\u0101s [&hellip;]\" \/>\n<meta property=\"og:url\" content=\"https:\/\/kim.lv\/en\/kim-open-call-2019-exhibition-eizens-bergs-unidiscovered-avant-garde-literature\/\" \/>\n<meta property=\"og:site_name\" content=\"Kim? Laikmet\u012bg\u0101s m\u0101kslas centrs\" \/>\n<meta property=\"article:published_time\" content=\"2019-01-29T14:49:50+00:00\" \/>\n<meta property=\"article:modified_time\" content=\"2020-04-14T08:24:41+00:00\" \/>\n<meta name=\"author\" content=\"Kim?\" \/>\n<meta name=\"twitter:card\" content=\"summary_large_image\" \/>\n<meta name=\"twitter:label1\" content=\"Written by\" \/>\n\t<meta name=\"twitter:data1\" content=\"Kim?\" \/>\n\t<meta name=\"twitter:label2\" content=\"Est. reading time\" \/>\n\t<meta name=\"twitter:data2\" content=\"6 minutes\" \/>\n<script type=\"application\/ld+json\" class=\"yoast-schema-graph\">{\"@context\":\"https:\/\/schema.org\",\"@graph\":[{\"@type\":\"WebPage\",\"@id\":\"https:\/\/kim.lv\/en\/kim-open-call-2019-exhibition-eizens-bergs-unidiscovered-avant-garde-literature\/\",\"url\":\"https:\/\/kim.lv\/en\/kim-open-call-2019-exhibition-eizens-bergs-unidiscovered-avant-garde-literature\/\",\"name\":\"[:en]Kim? Open Call 2019 Exhibition \\\"Poetry and works of Eugen Berg\\\"[:lv]Kim? Open Call 2019 izst\u0101de \u201cEi\u017eena Berga dzeja un darbi\\\"[:] - Kim? Laikmet\u012bg\u0101s m\u0101kslas centrs\",\"isPartOf\":{\"@id\":\"https:\/\/kim.lv\/en\/#website\"},\"datePublished\":\"2019-01-29T14:49:50+00:00\",\"dateModified\":\"2020-04-14T08:24:41+00:00\",\"author\":{\"@id\":\"https:\/\/kim.lv\/en\/#\/schema\/person\/56f07ec6715af61b0d0ed9835c282330\"},\"breadcrumb\":{\"@id\":\"https:\/\/kim.lv\/en\/kim-open-call-2019-exhibition-eizens-bergs-unidiscovered-avant-garde-literature\/#breadcrumb\"},\"inLanguage\":\"lv-LV\",\"potentialAction\":[{\"@type\":\"ReadAction\",\"target\":[\"https:\/\/kim.lv\/en\/kim-open-call-2019-exhibition-eizens-bergs-unidiscovered-avant-garde-literature\/\"]}]},{\"@type\":\"BreadcrumbList\",\"@id\":\"https:\/\/kim.lv\/en\/kim-open-call-2019-exhibition-eizens-bergs-unidiscovered-avant-garde-literature\/#breadcrumb\",\"itemListElement\":[{\"@type\":\"ListItem\",\"position\":1,\"name\":\"Home\",\"item\":\"https:\/\/kim.lv\/\"},{\"@type\":\"ListItem\",\"position\":2,\"name\":\"Kim? Open Call 2019 Exhibition &#8220;Poetry and works of Eugen Berg&#8221;\"}]},{\"@type\":\"WebSite\",\"@id\":\"https:\/\/kim.lv\/en\/#website\",\"url\":\"https:\/\/kim.lv\/en\/\",\"name\":\"Kim? Laikmet\u012bg\u0101s m\u0101kslas centrs\",\"description\":\"\",\"potentialAction\":[{\"@type\":\"SearchAction\",\"target\":{\"@type\":\"EntryPoint\",\"urlTemplate\":\"https:\/\/kim.lv\/en\/?s={search_term_string}\"},\"query-input\":\"required name=search_term_string\"}],\"inLanguage\":\"lv-LV\"},{\"@type\":\"Person\",\"@id\":\"https:\/\/kim.lv\/en\/#\/schema\/person\/56f07ec6715af61b0d0ed9835c282330\",\"name\":\"Kim?\",\"image\":{\"@type\":\"ImageObject\",\"inLanguage\":\"lv-LV\",\"@id\":\"https:\/\/kim.lv\/en\/#\/schema\/person\/image\/\",\"url\":\"https:\/\/secure.gravatar.com\/avatar\/95e223367867817ed896bcfb04f433d88d871bfbb4f33c528e26ce5c2786508f?s=96&d=mm&r=g\",\"contentUrl\":\"https:\/\/secure.gravatar.com\/avatar\/95e223367867817ed896bcfb04f433d88d871bfbb4f33c528e26ce5c2786508f?s=96&d=mm&r=g\",\"caption\":\"Kim?\"},\"url\":\"https:\/\/kim.lv\/lv\/author\/kim\/\"}]}<\/script>\n<!-- \/ Yoast SEO plugin. -->","yoast_head_json":{"title":"[:en]Kim? Open Call 2019 Exhibition \"Poetry and works of Eugen Berg\"[:lv]Kim? Open Call 2019 izst\u0101de \u201cEi\u017eena Berga dzeja un darbi\"[:] - Kim? Laikmet\u012bg\u0101s m\u0101kslas centrs","robots":{"index":"index","follow":"follow","max-snippet":"max-snippet:-1","max-image-preview":"max-image-preview:large","max-video-preview":"max-video-preview:-1"},"canonical":"https:\/\/kim.lv\/en\/kim-open-call-2019-exhibition-eizens-bergs-unidiscovered-avant-garde-literature\/","og_locale":"lv_LV","og_type":"article","og_title":"[:en]Kim? Open Call 2019 Exhibition \"Poetry and works of Eugen Berg\"[:lv]Kim? Open Call 2019 izst\u0101de \u201cEi\u017eena Berga dzeja un darbi\"[:] - Kim? Laikmet\u012bg\u0101s m\u0101kslas centrs","og_description":"&nbsp; Ei\u017eens Bergs \u2013 avangarda priek\u0161g\u0101j\u0113js, neiesp\u0113jamais r\u012bdzinieks &nbsp; 2017.\u00a0gada 1.\u00a0mart\u0101 interneta \u017eurn\u0101la Punctum redakcija, kas bija public\u0113jusi Mihaila Kuzmina atdzejojumus, sa\u0146\u0113ma e-pasta v\u0113stuli no Krievijas. Rakst\u012bja Kuzmina biogr\u0101fijas un dai\u013crades p\u0113tniece Marina Kame\u0146ecka saist\u012bb\u0101 ar k\u0101du Kuzmina v\u0113stuli, adres\u0113tu Ei\u017eenam Bergam R\u012bg\u0101 1920.\u00a0gad\u0101. Vi\u0146a interes\u0113j\u0101s par to, kas ir nosl\u0113pumainais latvietis, kuru, iesp\u0113jams, sav\u0101s [&hellip;]","og_url":"https:\/\/kim.lv\/en\/kim-open-call-2019-exhibition-eizens-bergs-unidiscovered-avant-garde-literature\/","og_site_name":"Kim? Laikmet\u012bg\u0101s m\u0101kslas centrs","article_published_time":"2019-01-29T14:49:50+00:00","article_modified_time":"2020-04-14T08:24:41+00:00","author":"Kim?","twitter_card":"summary_large_image","twitter_misc":{"Written by":"Kim?","Est. reading time":"6 minutes"},"schema":{"@context":"https:\/\/schema.org","@graph":[{"@type":"WebPage","@id":"https:\/\/kim.lv\/en\/kim-open-call-2019-exhibition-eizens-bergs-unidiscovered-avant-garde-literature\/","url":"https:\/\/kim.lv\/en\/kim-open-call-2019-exhibition-eizens-bergs-unidiscovered-avant-garde-literature\/","name":"[:en]Kim? Open Call 2019 Exhibition \"Poetry and works of Eugen Berg\"[:lv]Kim? Open Call 2019 izst\u0101de \u201cEi\u017eena Berga dzeja un darbi\"[:] - Kim? Laikmet\u012bg\u0101s m\u0101kslas centrs","isPartOf":{"@id":"https:\/\/kim.lv\/en\/#website"},"datePublished":"2019-01-29T14:49:50+00:00","dateModified":"2020-04-14T08:24:41+00:00","author":{"@id":"https:\/\/kim.lv\/en\/#\/schema\/person\/56f07ec6715af61b0d0ed9835c282330"},"breadcrumb":{"@id":"https:\/\/kim.lv\/en\/kim-open-call-2019-exhibition-eizens-bergs-unidiscovered-avant-garde-literature\/#breadcrumb"},"inLanguage":"lv-LV","potentialAction":[{"@type":"ReadAction","target":["https:\/\/kim.lv\/en\/kim-open-call-2019-exhibition-eizens-bergs-unidiscovered-avant-garde-literature\/"]}]},{"@type":"BreadcrumbList","@id":"https:\/\/kim.lv\/en\/kim-open-call-2019-exhibition-eizens-bergs-unidiscovered-avant-garde-literature\/#breadcrumb","itemListElement":[{"@type":"ListItem","position":1,"name":"Home","item":"https:\/\/kim.lv\/"},{"@type":"ListItem","position":2,"name":"Kim? Open Call 2019 Exhibition &#8220;Poetry and works of Eugen Berg&#8221;"}]},{"@type":"WebSite","@id":"https:\/\/kim.lv\/en\/#website","url":"https:\/\/kim.lv\/en\/","name":"Kim? Laikmet\u012bg\u0101s m\u0101kslas centrs","description":"","potentialAction":[{"@type":"SearchAction","target":{"@type":"EntryPoint","urlTemplate":"https:\/\/kim.lv\/en\/?s={search_term_string}"},"query-input":"required name=search_term_string"}],"inLanguage":"lv-LV"},{"@type":"Person","@id":"https:\/\/kim.lv\/en\/#\/schema\/person\/56f07ec6715af61b0d0ed9835c282330","name":"Kim?","image":{"@type":"ImageObject","inLanguage":"lv-LV","@id":"https:\/\/kim.lv\/en\/#\/schema\/person\/image\/","url":"https:\/\/secure.gravatar.com\/avatar\/95e223367867817ed896bcfb04f433d88d871bfbb4f33c528e26ce5c2786508f?s=96&d=mm&r=g","contentUrl":"https:\/\/secure.gravatar.com\/avatar\/95e223367867817ed896bcfb04f433d88d871bfbb4f33c528e26ce5c2786508f?s=96&d=mm&r=g","caption":"Kim?"},"url":"https:\/\/kim.lv\/lv\/author\/kim\/"}]}},"_links":{"self":[{"href":"https:\/\/kim.lv\/lv\/wp-json\/wp\/v2\/posts\/4468","targetHints":{"allow":["GET"]}}],"collection":[{"href":"https:\/\/kim.lv\/lv\/wp-json\/wp\/v2\/posts"}],"about":[{"href":"https:\/\/kim.lv\/lv\/wp-json\/wp\/v2\/types\/post"}],"author":[{"embeddable":true,"href":"https:\/\/kim.lv\/lv\/wp-json\/wp\/v2\/users\/2"}],"replies":[{"embeddable":true,"href":"https:\/\/kim.lv\/lv\/wp-json\/wp\/v2\/comments?post=4468"}],"version-history":[{"count":20,"href":"https:\/\/kim.lv\/lv\/wp-json\/wp\/v2\/posts\/4468\/revisions"}],"predecessor-version":[{"id":5571,"href":"https:\/\/kim.lv\/lv\/wp-json\/wp\/v2\/posts\/4468\/revisions\/5571"}],"wp:attachment":[{"href":"https:\/\/kim.lv\/lv\/wp-json\/wp\/v2\/media?parent=4468"}],"wp:term":[{"taxonomy":"category","embeddable":true,"href":"https:\/\/kim.lv\/lv\/wp-json\/wp\/v2\/categories?post=4468"},{"taxonomy":"post_tag","embeddable":true,"href":"https:\/\/kim.lv\/lv\/wp-json\/wp\/v2\/tags?post=4468"}],"curies":[{"name":"wp","href":"https:\/\/api.w.org\/{rel}","templated":true}]}}