{"id":4518,"date":"2019-01-31T17:08:11","date_gmt":"2019-01-31T15:08:11","guid":{"rendered":"http:\/\/kim.lv\/?p=4518"},"modified":"2019-01-31T17:19:31","modified_gmt":"2019-01-31T15:19:31","slug":"harald-szeemann-documenta-5","status":"publish","type":"post","link":"https:\/\/kim.lv\/lv\/harald-szeemann-documenta-5\/","title":{"rendered":"&#8221;Haralds Z\u0113mans: Dokumenta 5&#8243;"},"content":{"rendered":"No 2011. gada 18. febru\u0101ra l\u012bdz 27. martam Kim?<em>\u00a0<\/em>Laikmet\u012bg\u0101s m\u0101kslas centrs pied\u0101v\u0101ja apl\u016bkot izst\u0101di no Starptautisk\u0101s neatkar\u012bgo kuratoru apvien\u012bbas ICI izst\u0101\u017eu s\u0113rijas \u201cIzst\u0101de kast\u0113\u201d &#8211; \u201cHaralds Z\u0113mans: Dokumenta 5\u201d. Izst\u0101des materi\u0101lus apkopojis kurators Deivids Pleckers (ASV).<\/p>\n<p>&nbsp;<\/p>\n<p>15. mart\u0101 18.00 izst\u0101des ietvaros\u00a0Kim? norisin\u0101j\u0101s\u00a0kult\u016bras teor\u0113ti\u0137a Kaspara Vanaga las\u012bjums &#8220;Izst\u0101des algoritms&#8221; par Haralda Z\u0113mana darb\u012bbu un izst\u0101di \u201cDokumenta 5\u201d. Lekcijas ietvaros m\u0101kslas zin\u0101tnieks un kurators Vilnis V\u0113j\u0161 st\u0101st\u012bja par paral\u0113laj\u0101m noris\u0113m Latvijas m\u0101ksl\u0101 1970. gados un m\u0101kslas zin\u0101tniece un kuratore Ieva Kulakova apl\u016bkoja kuratora darbu \u0161odien.<\/p>\n<p>&nbsp;<\/p>\n<p>Par ICI izst\u0101\u017eu s\u0113riju \u201cIzst\u0101de kast\u0113\u201d\u00a0(<em>Exhibition in a Box<\/em>): Iedvesmojoties no Marsela Di\u0161\u0101na (<em>Duchamp<\/em>, 1887 \u2013 1968)\u00a0<em>Bo\u00eete-en-valise<\/em><sup>1<\/sup>\u00a0un D\u017eord\u017ea Ma\u010di\u016bna (<em>Maciunas<\/em>, 1931 \u2013 1978)\u00a0<em>Fluxkits<\/em><sup>2<\/sup>, Starptautisk\u0101s neatkar\u012bgo kuratoru apvien\u012bbas ICI jaun\u0101k\u0101 izst\u0101\u017eu s\u0113rija v\u0113sta, ka interesanti projekti var ietilpt mazos form\u0101tos. Darbojoties saska\u0146\u0101 ar\u00a0<em>do-it-yourself<\/em>\u00a0(dari-pats) principu, katra \u201cIzst\u0101de kast\u0113\u201d nodro\u0161ina izejmateri\u0101lus, no kuriem var izveidot saturiski bag\u0101t\u012bgas izst\u0101des par zem\u0101m izmaks\u0101m, piel\u0101gojot t\u0101s konkr\u0113tu telpu vajadz\u012bb\u0101m. Kastu saturu, ko veido maza izm\u0113ra m\u0101kslas, video un ska\u0146as darbi, instrukcijas, pas\u0101kumu rekl\u0101mas materi\u0101li (pastkartes, plak\u0101ti, programmas, bukleti u.tml.), ir v\u0101ku\u0161i un apkopoju\u0161i m\u0101kslinieki, kuratori un m\u0101kslas v\u0113sturnieki.<br \/>\n\u0160ie projekti ir piem\u0113roti izst\u0101d\u012b\u0161anai da\u017e\u0101da lieluma un l\u012bme\u0146a instit\u016bcij\u0101s, s\u0101kot ar bibliot\u0113k\u0101m un m\u0101kslinieku vad\u012bt\u0101m galerij\u0101m l\u012bdz m\u0101kslas centriem, universit\u0101\u0161u galerij\u0101m, muzejiem un izgl\u012bt\u012bbas centriem. L\u012bdz ar katru kasti tiek pieg\u0101d\u0101ti lieto\u0161anai gatavi materi\u0101li, kuru uzst\u0101d\u012b\u0161anai ir nepiecie\u0161ams vai nu minim\u0101ls apr\u012bkojums, vai ar\u012b t\u0101ds visp\u0101r nav vajadz\u012bgs. Projekti ir izstr\u0101d\u0101ti t\u0101, lai noteikt\u0101 viet\u0101 tie rosin\u0101tu diskusiju un tematisku pas\u0101kumu veido\u0161anos. Tajos ir iesp\u0113jams veikt izmai\u0146as, piem\u0113ram, kastu saturam var pievienot darbus no attiec\u012bg\u0101s izst\u0101des vietas kolekcijas un arh\u012bva, vai ar\u012b tas (kastes saturs) var b\u016bt k\u0101 ierosme izst\u0101dei, kur\u0101 tiktu par\u0101d\u012bts viet\u0113jo m\u0101kslinieku veikums pla\u0161\u0101k\u0101 ar m\u0101kslu saist\u012btu pas\u0101kumu kontekst\u0101.<br \/>\nIr iesp\u0113jamas tr\u012bs \u201cIzst\u0101des kast\u0113\u201d kategorijas: noz\u012bm\u012bg\u0101kie v\u0113stures precedenti, kuri kalpo par pamatu da\u017e\u0101diem m\u016bsdienu m\u0101kslas procesiem un izst\u0101\u017eu veido\u0161anas praksei; m\u0101kslinieku veidotas kastes; projektu s\u0113rijas, kuru centr\u0101 ir vai nu konkr\u0113ts laikmet\u012bg\u0101s m\u0101kslas periods, vai ar\u012b noteikta diapazona laikmet\u012bg\u0101s m\u0101kslas m\u0101kslinieku darbi.<\/p>\n<p>&nbsp;<\/p>\n<p>\u201cHaralds Z\u0113mans: Dokumenta 5\u201d\u00a0(<em>Harald Szeemann: Documenta 5<\/em>) ir pirm\u0101 v\u0113stures precedentam velt\u012bt\u0101 \u201cIzst\u0101de kast\u0113\u201d. Taj\u0101 tiek p\u0113t\u012bta skandaloz\u0101 \u201cDokumentas\u201d izst\u0101de, kura, p\u0101rk\u0101pdama laikmet\u012bg\u0101s m\u0101kslas robe\u017eas, k\u013cuva par papla\u0161in\u0101tu platformu visda\u017e\u0101d\u0101kaj\u0101m aktivit\u0101t\u0113m &#8211; le\u0123end\u0101ra burleska, kas tikusi gan slav\u0113ta, gan pelta.<br \/>\n\u201cDokumenta\u201d ir noz\u012bm\u012bgs, starptautisks laikmet\u012bg\u0101s m\u0101kslas forums, kas ik p\u0113c pieciem gadiem norisin\u0101s Kasel\u0113, V\u0101cij\u0101. \u201cIzst\u0101des kast\u0113\u201d ietvaros apl\u016bkot\u0101 \u201cDokumenta\u201d notika 1972. gad\u0101, un t\u0101 galvenok\u0101rt saist\u0101s ar le\u0123end\u0101r\u0101 \u0161veicie\u0161u kuratora un m\u0101kslas v\u0113sturnieka Haralda Z\u0113mana (1933 &#8211; 2005) v\u0101rdu. \u201cDokumenta 5\u201d bija kas piln\u012bgi jauns un l\u012bdz tam nebijis. T\u0101 tika veidota k\u0101 notikums 100 dienu garum\u0101, kur\u0101 cita starp\u0101 norisin\u0101j\u0101s performances un hepeningi, m\u0101kslas darb\u012bbas br\u012bv\u0101 dab\u0101, ar m\u0101kslu nesaist\u012bti pas\u0101kumi, k\u0101 ar\u012b vair\u0101kas reizes atk\u0101rtotas v\u0101cu konceptu\u0101l\u0101 m\u0101kslinieka Jozefa Boisa (<em>Beuys<\/em>, 1921 &#8211; 1986) lekcijas un izr\u0101d\u012bta zviedru izcelsmes amerik\u0101\u0146u t\u0113lnieka Kl\u0101sa Oldenburga (<em>Oldenburg<\/em>, 1929) instal\u0101cija \u201cPe\u013cu muzejs\u201d (<em>Mouse Museum<\/em>). \u201cDokumenta 5\u201d piev\u0113rsa pla\u0161\u0101kas sabiedr\u012bbas uzman\u012bbu\u00a0<em>The Artist\u2019s Reserved Rights Transfer<\/em>\u00a0(autorties\u012bbu p\u0101rst\u0101vniec\u012bba) un\u00a0<em>Sale Agreement<\/em>\u00a0(p\u0101rdo\u0161ana) l\u012bgumam, kas r\u016bp\u0113j\u0101s par m\u0101kslinieku finansi\u0101laj\u0101m un intelektu\u0101laj\u0101m ties\u012bb\u0101m attiec\u012bb\u0101 uz pa\u0161a rad\u012bto.<br \/>\n\u0160aj\u0101 kastes izst\u0101d\u0113 ir iek\u013cauts 1972. gada \u201cDokumentas\u201d izst\u0101des katalogs, rekl\u0101mas un informat\u012bvie materi\u0101li, m\u0101kslinieku publik\u0101cijas un izdevumi, kas ir saist\u012bti ar \u0161o izst\u0101di, k\u0101 ar\u012b recenzijas un kritiku saturo\u0161i teksti. Kast\u0113 apkopotie materi\u0101li ir bag\u0101t\u012bgs inform\u0101cijas avots m\u0101kslas studentiem, m\u0101ksliniekiem un ar\u012b pla\u0161\u0101kai publikai, kas \u013cauj lab\u0101k iepaz\u012bt gan 1972. gada starptautisko laikmet\u012bg\u0101s m\u0101kslas ainu kopum\u0101, gan nov\u0113rt\u0113t \u0161\u012b v\u0113sturisk\u0101 notikuma atst\u0101to ietekmi uz turpm\u0101kajiem m\u0101kslas procesiem.<\/p>\n<p>&nbsp;<\/p>\n<p>Deivids Pleckers\u00a0(<em>Platzker<\/em>) ir novatoriskas galerijas, gr\u0101matn\u012bcas un da\u017e\u0101da veida laikmet\u012bg\u0101s m\u0101kslas darbu kr\u0101tuves\u00a0<em>Specific Object<\/em>\u00a0(\u0145ujorka) direktors. Pleckers ir bijis m\u0101kslinieku publik\u0101ciju izplat\u012b\u0161anai velt\u012bt\u0101s bezpe\u013c\u0146as instit\u016bcijas\u00a0<em>Printed Matter<\/em>\u00a0izpilddirektors, k\u0101 ar\u012b vair\u0101ku noz\u012bm\u012bgu ekspoz\u012bciju, to starp\u0101 D\u017eona Baldesari (<em>Baldessari<\/em>, 1931), Marsela Di\u0161\u0101na, Eda Ru\u0161as (<em>Ruscha<\/em>, 1937) un Kl\u0101sa Oldenburga izst\u0101\u017eu, kurators.<\/p>\n<p>&nbsp;<\/p>\n<p>Starptautisk\u0101 neatkar\u012bgo kuratoru apvien\u012bba ICI\u00a0(<em>Independent Curators International<\/em>) ir dinamiska bezpe\u013c\u0146as organiz\u0101cija, kas veido izst\u0101des, notikumus, publik\u0101cijas un apm\u0101c\u012bbas iesp\u0113jas pla\u0161ai auditorijai vis\u0101 pasaul\u0113. K\u0101 neatkar\u012bgas domas veicin\u0101\u0161anas katalizators ICI sasaista jaunus un jau pieredz\u0113ju\u0161us kuratorus, m\u0101ksliniekus un instit\u016bcijas, sekm\u0113jot pla\u0161a veida starptautiskas sadarb\u012bbas ra\u0161anos. Str\u0101d\u0101jot ar da\u017e\u0101d\u0101m discipl\u012bn\u0101m un v\u0113sturiskiem precedentiem, organiz\u0101cija ir k\u0101 centrs, kas nodro\u0161ina pieeju cilv\u0113kiem, idej\u0101m un praks\u0113m, kas ir \u201catsl\u0113gas\u201d pa\u0161reiz\u0113jiem procesiem laikmet\u012bg\u0101s m\u0101kslas jom\u0101, t\u0101d\u0113j\u0101di iedvesmojot jaunu skat\u012bjumu un laikmet\u012bg\u0101s m\u0101kslas kontekstualiz\u0113\u0161anas iesp\u0113ju ra\u0161anos.<\/p>\n<p>&nbsp;<\/p>\n<p>Atbalsta: Valsts Kult\u016brkapit\u0101la fonds, Kult\u016bras ministrija, \u0160veices Konfeder\u0101cijas v\u0113stniec\u012bba, airBaltic, Kolonna, Oskars Pauli\u0146\u0161, Epson, FineArtPrint.lv, VKN, RIXC, Valmiermui\u017eas alus, Studija, Dizaina Studija, \u00bc Satori<\/p>\n<p>&nbsp;<\/p>\n<p><sub>1\u00a0<em>Bo\u00eete-en-valise<\/em>, d\u0113v\u0113ts ar\u012b par \u201cce\u013cojo\u0161o muzeju\u201d, ir darbs, pie kura Marsels Di\u0161\u0101ns str\u0101d\u0101ja laika posm\u0101 no 1935. l\u012bdz 1941. gadam. M\u0101kslinieka m\u0113r\u0137is bija izveidot savu darbu reprodukcijas, un ievietot t\u0101s, kopskait\u0101 69, cik vien iesp\u0113jams maz\u0101 vietn\u0113 \u2013 kofer\u012b.<\/sub><\/p>\n<p><sub><br \/>\n2\u00a0<em>Fluxus<\/em>\u00a0kust\u012bbas ietvaros 1960. gados D\u017eord\u017es Ma\u010di\u016bns pa pastu izplat\u012bja pla\u0161u da\u017e\u0101du m\u0101kslinieku veidotu objektu kl\u0101stu.\u00a0<em>Fluxkit<\/em>\u00a0jeb\u00a0<em>Fluxus\u00a0<\/em>piederumu komplekts, kas, g\u016bstot ierosmi no Di\u0161\u0101na\u00a0<em>Bo\u00eete-en-valise<\/em>, bija ievietots kofer\u012b, pied\u0101v\u0101ja \u0161o m\u0101kslinieku rad\u012bto objektu izlasi un aptv\u0113ra\u00a0<em>Fluxus<\/em>\u00a0izdevumu veidus: \u017eurn\u0101lus, filmas, interakt\u012bv\u0101s kastes un sp\u0113les, pas\u0101kumiem veidotos grafiskos materi\u0101lus u. tml. Ma\u010diuns veidoja ar\u012b\u00a0<em>Fluxus<\/em>\u00a0kastes.<\/sub><\/p>\n<p>&nbsp;<\/p>\n<p>&nbsp;<\/p>\n<p><a href=\"https:\/\/plus.google.com\/photos\/117382408901281208424\/albums\/5576104896138834721\">Foto galerija: atkl\u0101\u0161ana<\/a>","protected":false},"excerpt":{"rendered":"<p>No 2011. gada 18. febru\u0101ra l\u012bdz 27. martam Kim?\u00a0Laikmet\u012bg\u0101s m\u0101kslas centrs pied\u0101v\u0101ja apl\u016bkot izst\u0101di no Starptautisk\u0101s neatkar\u012bgo kuratoru apvien\u012bbas ICI izst\u0101\u017eu s\u0113rijas \u201cIzst\u0101de kast\u0113\u201d &#8211; \u201cHaralds Z\u0113mans: Dokumenta 5\u201d. Izst\u0101des materi\u0101lus apkopojis kurators Deivids Pleckers (ASV). &nbsp; 15. mart\u0101 18.00 izst\u0101des ietvaros\u00a0Kim? norisin\u0101j\u0101s\u00a0kult\u016bras teor\u0113ti\u0137a Kaspara Vanaga las\u012bjums &#8220;Izst\u0101des algoritms&#8221; par Haralda Z\u0113mana darb\u012bbu un izst\u0101di [&hellip;]<\/p>\n","protected":false},"author":2,"featured_media":0,"comment_status":"open","ping_status":"open","sticky":false,"template":"","format":"standard","meta":{"inline_featured_image":false,"footnotes":""},"categories":[30,4,26],"tags":[],"class_list":["post-4518","post","type-post","status-publish","format-standard","hentry","category-30","category-kim-exhibitions","category-past-exhibitions"],"acf":[],"yoast_head":"<!-- This site is optimized with the Yoast SEO plugin v21.9 - https:\/\/yoast.com\/wordpress\/plugins\/seo\/ -->\n<title>&quot;Haralds Z\u0113mans: Dokumenta 5&quot; - Kim? Laikmet\u012bg\u0101s m\u0101kslas centrs<\/title>\n<meta name=\"robots\" content=\"index, follow, max-snippet:-1, max-image-preview:large, max-video-preview:-1\" \/>\n<link rel=\"canonical\" href=\"https:\/\/kim.lv\/en\/harald-szeemann-documenta-5\/\" \/>\n<meta property=\"og:locale\" content=\"lv_LV\" \/>\n<meta property=\"og:type\" content=\"article\" \/>\n<meta property=\"og:title\" content=\"[:en]&quot;Harald Szeemann: Documenta 5&quot;[:lv]&quot;Haralds Z\u0113mans: Dokumenta 5&quot;[:] - Kim? Laikmet\u012bg\u0101s m\u0101kslas centrs\" \/>\n<meta property=\"og:description\" content=\"No 2011. gada 18. febru\u0101ra l\u012bdz 27. martam Kim?\u00a0Laikmet\u012bg\u0101s m\u0101kslas centrs pied\u0101v\u0101ja apl\u016bkot izst\u0101di no Starptautisk\u0101s neatkar\u012bgo kuratoru apvien\u012bbas ICI izst\u0101\u017eu s\u0113rijas \u201cIzst\u0101de kast\u0113\u201d &#8211; \u201cHaralds Z\u0113mans: Dokumenta 5\u201d. Izst\u0101des materi\u0101lus apkopojis kurators Deivids Pleckers (ASV). &nbsp; 15. mart\u0101 18.00 izst\u0101des ietvaros\u00a0Kim? norisin\u0101j\u0101s\u00a0kult\u016bras teor\u0113ti\u0137a Kaspara Vanaga las\u012bjums &#8220;Izst\u0101des algoritms&#8221; par Haralda Z\u0113mana darb\u012bbu un izst\u0101di [&hellip;]\" \/>\n<meta property=\"og:url\" content=\"https:\/\/kim.lv\/en\/harald-szeemann-documenta-5\/\" \/>\n<meta property=\"og:site_name\" content=\"Kim? Laikmet\u012bg\u0101s m\u0101kslas centrs\" \/>\n<meta property=\"article:published_time\" content=\"2019-01-31T15:08:11+00:00\" \/>\n<meta property=\"article:modified_time\" content=\"2019-01-31T15:19:31+00:00\" \/>\n<meta name=\"author\" content=\"Kim?\" \/>\n<meta name=\"twitter:card\" content=\"summary_large_image\" \/>\n<meta name=\"twitter:label1\" content=\"Written by\" \/>\n\t<meta name=\"twitter:data1\" content=\"Kim?\" \/>\n\t<meta name=\"twitter:label2\" content=\"Est. reading time\" \/>\n\t<meta name=\"twitter:data2\" content=\"10 minutes\" \/>\n<script type=\"application\/ld+json\" class=\"yoast-schema-graph\">{\"@context\":\"https:\/\/schema.org\",\"@graph\":[{\"@type\":\"WebPage\",\"@id\":\"https:\/\/kim.lv\/en\/harald-szeemann-documenta-5\/\",\"url\":\"https:\/\/kim.lv\/en\/harald-szeemann-documenta-5\/\",\"name\":\"[:en]\\\"Harald Szeemann: Documenta 5\\\"[:lv]\\\"Haralds Z\u0113mans: Dokumenta 5\\\"[:] - Kim? Laikmet\u012bg\u0101s m\u0101kslas centrs\",\"isPartOf\":{\"@id\":\"https:\/\/kim.lv\/en\/#website\"},\"datePublished\":\"2019-01-31T15:08:11+00:00\",\"dateModified\":\"2019-01-31T15:19:31+00:00\",\"author\":{\"@id\":\"https:\/\/kim.lv\/en\/#\/schema\/person\/56f07ec6715af61b0d0ed9835c282330\"},\"breadcrumb\":{\"@id\":\"https:\/\/kim.lv\/en\/harald-szeemann-documenta-5\/#breadcrumb\"},\"inLanguage\":\"lv-LV\",\"potentialAction\":[{\"@type\":\"ReadAction\",\"target\":[\"https:\/\/kim.lv\/en\/harald-szeemann-documenta-5\/\"]}]},{\"@type\":\"BreadcrumbList\",\"@id\":\"https:\/\/kim.lv\/en\/harald-szeemann-documenta-5\/#breadcrumb\",\"itemListElement\":[{\"@type\":\"ListItem\",\"position\":1,\"name\":\"Home\",\"item\":\"https:\/\/kim.lv\/\"},{\"@type\":\"ListItem\",\"position\":2,\"name\":\"&#8221;Harald Szeemann: Documenta 5&#8243;\"}]},{\"@type\":\"WebSite\",\"@id\":\"https:\/\/kim.lv\/en\/#website\",\"url\":\"https:\/\/kim.lv\/en\/\",\"name\":\"Kim? Laikmet\u012bg\u0101s m\u0101kslas centrs\",\"description\":\"\",\"potentialAction\":[{\"@type\":\"SearchAction\",\"target\":{\"@type\":\"EntryPoint\",\"urlTemplate\":\"https:\/\/kim.lv\/en\/?s={search_term_string}\"},\"query-input\":\"required name=search_term_string\"}],\"inLanguage\":\"lv-LV\"},{\"@type\":\"Person\",\"@id\":\"https:\/\/kim.lv\/en\/#\/schema\/person\/56f07ec6715af61b0d0ed9835c282330\",\"name\":\"Kim?\",\"image\":{\"@type\":\"ImageObject\",\"inLanguage\":\"lv-LV\",\"@id\":\"https:\/\/kim.lv\/en\/#\/schema\/person\/image\/\",\"url\":\"https:\/\/secure.gravatar.com\/avatar\/95e223367867817ed896bcfb04f433d88d871bfbb4f33c528e26ce5c2786508f?s=96&d=mm&r=g\",\"contentUrl\":\"https:\/\/secure.gravatar.com\/avatar\/95e223367867817ed896bcfb04f433d88d871bfbb4f33c528e26ce5c2786508f?s=96&d=mm&r=g\",\"caption\":\"Kim?\"},\"url\":\"https:\/\/kim.lv\/lv\/author\/kim\/\"}]}<\/script>\n<!-- \/ Yoast SEO plugin. -->","yoast_head_json":{"title":"[:en]\"Harald Szeemann: Documenta 5\"[:lv]\"Haralds Z\u0113mans: Dokumenta 5\"[:] - Kim? Laikmet\u012bg\u0101s m\u0101kslas centrs","robots":{"index":"index","follow":"follow","max-snippet":"max-snippet:-1","max-image-preview":"max-image-preview:large","max-video-preview":"max-video-preview:-1"},"canonical":"https:\/\/kim.lv\/en\/harald-szeemann-documenta-5\/","og_locale":"lv_LV","og_type":"article","og_title":"[:en]\"Harald Szeemann: Documenta 5\"[:lv]\"Haralds Z\u0113mans: Dokumenta 5\"[:] - Kim? Laikmet\u012bg\u0101s m\u0101kslas centrs","og_description":"No 2011. gada 18. febru\u0101ra l\u012bdz 27. martam Kim?\u00a0Laikmet\u012bg\u0101s m\u0101kslas centrs pied\u0101v\u0101ja apl\u016bkot izst\u0101di no Starptautisk\u0101s neatkar\u012bgo kuratoru apvien\u012bbas ICI izst\u0101\u017eu s\u0113rijas \u201cIzst\u0101de kast\u0113\u201d &#8211; \u201cHaralds Z\u0113mans: Dokumenta 5\u201d. Izst\u0101des materi\u0101lus apkopojis kurators Deivids Pleckers (ASV). &nbsp; 15. mart\u0101 18.00 izst\u0101des ietvaros\u00a0Kim? norisin\u0101j\u0101s\u00a0kult\u016bras teor\u0113ti\u0137a Kaspara Vanaga las\u012bjums &#8220;Izst\u0101des algoritms&#8221; par Haralda Z\u0113mana darb\u012bbu un izst\u0101di [&hellip;]","og_url":"https:\/\/kim.lv\/en\/harald-szeemann-documenta-5\/","og_site_name":"Kim? Laikmet\u012bg\u0101s m\u0101kslas centrs","article_published_time":"2019-01-31T15:08:11+00:00","article_modified_time":"2019-01-31T15:19:31+00:00","author":"Kim?","twitter_card":"summary_large_image","twitter_misc":{"Written by":"Kim?","Est. reading time":"10 minutes"},"schema":{"@context":"https:\/\/schema.org","@graph":[{"@type":"WebPage","@id":"https:\/\/kim.lv\/en\/harald-szeemann-documenta-5\/","url":"https:\/\/kim.lv\/en\/harald-szeemann-documenta-5\/","name":"[:en]\"Harald Szeemann: Documenta 5\"[:lv]\"Haralds Z\u0113mans: Dokumenta 5\"[:] - Kim? Laikmet\u012bg\u0101s m\u0101kslas centrs","isPartOf":{"@id":"https:\/\/kim.lv\/en\/#website"},"datePublished":"2019-01-31T15:08:11+00:00","dateModified":"2019-01-31T15:19:31+00:00","author":{"@id":"https:\/\/kim.lv\/en\/#\/schema\/person\/56f07ec6715af61b0d0ed9835c282330"},"breadcrumb":{"@id":"https:\/\/kim.lv\/en\/harald-szeemann-documenta-5\/#breadcrumb"},"inLanguage":"lv-LV","potentialAction":[{"@type":"ReadAction","target":["https:\/\/kim.lv\/en\/harald-szeemann-documenta-5\/"]}]},{"@type":"BreadcrumbList","@id":"https:\/\/kim.lv\/en\/harald-szeemann-documenta-5\/#breadcrumb","itemListElement":[{"@type":"ListItem","position":1,"name":"Home","item":"https:\/\/kim.lv\/"},{"@type":"ListItem","position":2,"name":"&#8221;Harald Szeemann: Documenta 5&#8243;"}]},{"@type":"WebSite","@id":"https:\/\/kim.lv\/en\/#website","url":"https:\/\/kim.lv\/en\/","name":"Kim? Laikmet\u012bg\u0101s m\u0101kslas centrs","description":"","potentialAction":[{"@type":"SearchAction","target":{"@type":"EntryPoint","urlTemplate":"https:\/\/kim.lv\/en\/?s={search_term_string}"},"query-input":"required name=search_term_string"}],"inLanguage":"lv-LV"},{"@type":"Person","@id":"https:\/\/kim.lv\/en\/#\/schema\/person\/56f07ec6715af61b0d0ed9835c282330","name":"Kim?","image":{"@type":"ImageObject","inLanguage":"lv-LV","@id":"https:\/\/kim.lv\/en\/#\/schema\/person\/image\/","url":"https:\/\/secure.gravatar.com\/avatar\/95e223367867817ed896bcfb04f433d88d871bfbb4f33c528e26ce5c2786508f?s=96&d=mm&r=g","contentUrl":"https:\/\/secure.gravatar.com\/avatar\/95e223367867817ed896bcfb04f433d88d871bfbb4f33c528e26ce5c2786508f?s=96&d=mm&r=g","caption":"Kim?"},"url":"https:\/\/kim.lv\/lv\/author\/kim\/"}]}},"_links":{"self":[{"href":"https:\/\/kim.lv\/lv\/wp-json\/wp\/v2\/posts\/4518","targetHints":{"allow":["GET"]}}],"collection":[{"href":"https:\/\/kim.lv\/lv\/wp-json\/wp\/v2\/posts"}],"about":[{"href":"https:\/\/kim.lv\/lv\/wp-json\/wp\/v2\/types\/post"}],"author":[{"embeddable":true,"href":"https:\/\/kim.lv\/lv\/wp-json\/wp\/v2\/users\/2"}],"replies":[{"embeddable":true,"href":"https:\/\/kim.lv\/lv\/wp-json\/wp\/v2\/comments?post=4518"}],"version-history":[{"count":4,"href":"https:\/\/kim.lv\/lv\/wp-json\/wp\/v2\/posts\/4518\/revisions"}],"predecessor-version":[{"id":4523,"href":"https:\/\/kim.lv\/lv\/wp-json\/wp\/v2\/posts\/4518\/revisions\/4523"}],"wp:attachment":[{"href":"https:\/\/kim.lv\/lv\/wp-json\/wp\/v2\/media?parent=4518"}],"wp:term":[{"taxonomy":"category","embeddable":true,"href":"https:\/\/kim.lv\/lv\/wp-json\/wp\/v2\/categories?post=4518"},{"taxonomy":"post_tag","embeddable":true,"href":"https:\/\/kim.lv\/lv\/wp-json\/wp\/v2\/tags?post=4518"}],"curies":[{"name":"wp","href":"https:\/\/api.w.org\/{rel}","templated":true}]}}