{"id":4620,"date":"2019-02-06T12:22:06","date_gmt":"2019-02-06T10:22:06","guid":{"rendered":"http:\/\/kim.lv\/?p=4620"},"modified":"2019-02-06T12:22:06","modified_gmt":"2019-02-06T10:22:06","slug":"behind-curtain-architect-marta-stana","status":"publish","type":"post","link":"https:\/\/kim.lv\/lv\/behind-curtain-architect-marta-stana\/","title":{"rendered":"Aiz priek\u0161kara. Arhitekte Marta Sta\u0146a"},"content":{"rendered":"<div align=\"justify\">No 5. novembra l\u012bdz 19. decembrim Kim?\u00a0\/ FK galerij\u0101 Sp\u012b\u0137eros, Maskavas iel\u0101 12\/1 norisin\u0101j\u0101s izst\u0101de \u201cAiz priek\u0161kara. Arhitekte Marta Sta\u0146a\u201d; izst\u0101di p\u0113c Dailes te\u0101tra pas\u016bt\u012bjuma r\u012bko Arhitekt\u016bras veicin\u0101\u0161anas fonds.<\/div>\n<div align=\"justify\"><\/div>\n<div align=\"justify\"><\/div>\n<div align=\"justify\">Izst\u0101de ir feministiska retrospekcija par arhitekt\u016bru un arhitekt\u016bras kritiku Padomju Latvij\u0101 20. gadsimta 50. \u2013 60.gados.<\/div>\n<div align=\"justify\"><\/div>\n<div align=\"justify\"><\/div>\n<div align=\"justify\">\u201eAiz priek\u0161kara. Arhitekte Marta Sta\u0146a\u201d sniegs ieskatu maz p\u0113t\u012bt\u0101s latvie\u0161u arhitektes Martas Sta\u0146as (1913 \u2013 1972) veikum\u0101, \u012bpa\u0161i akcent\u0113jot eksperiment\u0101lus projektus un konkursu darbus. Dailes te\u0101tra \u0113ka ir noz\u012bm\u012bg\u0101kais Sta\u0146as darbs, kura pabeig\u0161anu 1976. gad\u0101 pati arhitekte nepiedz\u012bvoja. Lai ar\u012b projekt\u0113\u0161anas un b\u016bvniec\u012bbas proces\u0101 te\u0101tris main\u012bj\u0101s, ir saglab\u0101jusies galven\u0101 ideja par funkcion\u0101li nodal\u012btajiem apjomiem un pla\u0161o, stikloto vestibilu skat\u012bt\u0101jiem \u0113kas otraj\u0101 st\u0101v\u0101. T\u0101 ir emocion\u0101li iedarb\u012bga \u0113ka R\u012bgas centr\u0101, ko jubilejas notikumi atdz\u012bvin\u0101s t\u0101, k\u0101 arhitekte bija iecer\u0113jusi, z\u012bm\u0113jot sv\u0113tku t\u0113rpos \u0123\u0113rbtus cilv\u0113kus stiklotaj\u0101 foaj\u0113 \u2013 gai\u0161u, mirdzo\u0161u notikumu pils\u0113tas vakara dz\u012bv\u0113. Izst\u0101de piev\u0113rs\u012bsies ar\u012b feminisma jaut\u0101jumiem un arhitekt\u016bras kritikai Padomju Latvij\u0101 20. gadsimta 50. \u2013 60. gados.<\/div>\n<div align=\"justify\"><\/div>\n<div align=\"justify\"><\/div>\n<div align=\"justify\">Dailes te\u0101tra \u0113ka (1959 \u2013 1976) ir viens no noz\u012bm\u012bg\u0101kajiem p\u0113ckara modernisma arhitekt\u016bras darbiem Baltijas re\u0123ion\u0101, t\u0101 ir ar\u012b vien\u012bg\u0101 liel\u0101 kult\u016bras jaunb\u016bve, kas celta p\u0113c Otr\u0101 pasaules kara R\u012bg\u0101. L\u012bdz tam arhitektes Martas Sta\u0146as zin\u0101m\u0101kais darbs bija zvejnieku kolhoza klubs, skola un dz\u012bvojam\u0101s \u0113kas Zvejniekciem\u0101 \u2013 fascin\u0113jo\u0161s modern\u0101s arhitekt\u016bras komplekss un joproj\u0101m \u012bsteni ilgtsp\u0113j\u012bgas dom\u0101\u0161anas paraugs provinc\u0113.<\/div>\n<div align=\"justify\"><\/div>\n<div align=\"justify\"><\/div>\n<div align=\"justify\">Kuratore Ieva Z\u012bb\u0101rte, Arhitekt\u016bras veicin\u0101\u0161anas fonds<br \/>\nEkspoz\u012bcijas arhitekts M\u0101rti\u0146\u0161 P\u012bl\u0113ns, 1PLUS1 studija<br \/>\nGrafikas dizainers Edgars Zvirgzdi\u0146\u0161, lab289.com<\/div>\n<div align=\"justify\"><\/div>\n<div align=\"justify\"><\/div>\n<div align=\"justify\"><a href=\"https:\/\/plus.google.com\/photos\/117382408901281208424\/albums\/5537486260035799121\">Foto galerija: atkl\u0101\u0161ana<\/a><\/div>","protected":false},"excerpt":{"rendered":"<p>No 5. novembra l\u012bdz 19. decembrim Kim?\u00a0\/ FK galerij\u0101 Sp\u012b\u0137eros, Maskavas iel\u0101 12\/1 norisin\u0101j\u0101s izst\u0101de \u201cAiz priek\u0161kara. Arhitekte Marta Sta\u0146a\u201d; izst\u0101di p\u0113c Dailes te\u0101tra pas\u016bt\u012bjuma r\u012bko Arhitekt\u016bras veicin\u0101\u0161anas fonds. Izst\u0101de ir feministiska retrospekcija par arhitekt\u016bru un arhitekt\u016bras kritiku Padomju Latvij\u0101 20. gadsimta 50. \u2013 60.gados. \u201eAiz priek\u0161kara. Arhitekte Marta Sta\u0146a\u201d sniegs ieskatu maz p\u0113t\u012bt\u0101s latvie\u0161u [&hellip;]<\/p>\n","protected":false},"author":2,"featured_media":0,"comment_status":"open","ping_status":"open","sticky":false,"template":"","format":"standard","meta":{"inline_featured_image":false,"footnotes":""},"categories":[32,4,26],"tags":[],"class_list":["post-4620","post","type-post","status-publish","format-standard","hentry","category-32","category-kim-exhibitions","category-past-exhibitions"],"acf":[],"yoast_head":"<!-- This site is optimized with the Yoast SEO plugin v21.9 - https:\/\/yoast.com\/wordpress\/plugins\/seo\/ -->\n<title>Aiz priek\u0161kara. Arhitekte Marta Sta\u0146a - Kim? Laikmet\u012bg\u0101s m\u0101kslas centrs<\/title>\n<meta name=\"robots\" content=\"index, follow, max-snippet:-1, max-image-preview:large, max-video-preview:-1\" \/>\n<link rel=\"canonical\" href=\"https:\/\/kim.lv\/en\/behind-curtain-architect-marta-stana\/\" \/>\n<meta property=\"og:locale\" content=\"lv_LV\" \/>\n<meta property=\"og:type\" content=\"article\" \/>\n<meta property=\"og:title\" content=\"[:en]Behind the Curtain. Architect Marta Sta\u0146a[:lv]Aiz priek\u0161kara. Arhitekte Marta Sta\u0146a[:] - Kim? Laikmet\u012bg\u0101s m\u0101kslas centrs\" \/>\n<meta property=\"og:description\" content=\"No 5. novembra l\u012bdz 19. decembrim Kim?\u00a0\/ FK galerij\u0101 Sp\u012b\u0137eros, Maskavas iel\u0101 12\/1 norisin\u0101j\u0101s izst\u0101de \u201cAiz priek\u0161kara. Arhitekte Marta Sta\u0146a\u201d; izst\u0101di p\u0113c Dailes te\u0101tra pas\u016bt\u012bjuma r\u012bko Arhitekt\u016bras veicin\u0101\u0161anas fonds. Izst\u0101de ir feministiska retrospekcija par arhitekt\u016bru un arhitekt\u016bras kritiku Padomju Latvij\u0101 20. gadsimta 50. \u2013 60.gados. \u201eAiz priek\u0161kara. Arhitekte Marta Sta\u0146a\u201d sniegs ieskatu maz p\u0113t\u012bt\u0101s latvie\u0161u [&hellip;]\" \/>\n<meta property=\"og:url\" content=\"https:\/\/kim.lv\/en\/behind-curtain-architect-marta-stana\/\" \/>\n<meta property=\"og:site_name\" content=\"Kim? Laikmet\u012bg\u0101s m\u0101kslas centrs\" \/>\n<meta property=\"article:published_time\" content=\"2019-02-06T10:22:06+00:00\" \/>\n<meta name=\"author\" content=\"Kim?\" \/>\n<meta name=\"twitter:card\" content=\"summary_large_image\" \/>\n<meta name=\"twitter:label1\" content=\"Written by\" \/>\n\t<meta name=\"twitter:data1\" content=\"Kim?\" \/>\n\t<meta name=\"twitter:label2\" content=\"Est. reading time\" \/>\n\t<meta name=\"twitter:data2\" content=\"4 minutes\" \/>\n<script type=\"application\/ld+json\" class=\"yoast-schema-graph\">{\"@context\":\"https:\/\/schema.org\",\"@graph\":[{\"@type\":\"WebPage\",\"@id\":\"https:\/\/kim.lv\/en\/behind-curtain-architect-marta-stana\/\",\"url\":\"https:\/\/kim.lv\/en\/behind-curtain-architect-marta-stana\/\",\"name\":\"[:en]Behind the Curtain. Architect Marta Sta\u0146a[:lv]Aiz priek\u0161kara. Arhitekte Marta Sta\u0146a[:] - Kim? Laikmet\u012bg\u0101s m\u0101kslas centrs\",\"isPartOf\":{\"@id\":\"https:\/\/kim.lv\/en\/#website\"},\"datePublished\":\"2019-02-06T10:22:06+00:00\",\"dateModified\":\"2019-02-06T10:22:06+00:00\",\"author\":{\"@id\":\"https:\/\/kim.lv\/en\/#\/schema\/person\/56f07ec6715af61b0d0ed9835c282330\"},\"breadcrumb\":{\"@id\":\"https:\/\/kim.lv\/en\/behind-curtain-architect-marta-stana\/#breadcrumb\"},\"inLanguage\":\"lv-LV\",\"potentialAction\":[{\"@type\":\"ReadAction\",\"target\":[\"https:\/\/kim.lv\/en\/behind-curtain-architect-marta-stana\/\"]}]},{\"@type\":\"BreadcrumbList\",\"@id\":\"https:\/\/kim.lv\/en\/behind-curtain-architect-marta-stana\/#breadcrumb\",\"itemListElement\":[{\"@type\":\"ListItem\",\"position\":1,\"name\":\"Home\",\"item\":\"https:\/\/kim.lv\/\"},{\"@type\":\"ListItem\",\"position\":2,\"name\":\"Behind the Curtain. Architect Marta Sta\u0146a\"}]},{\"@type\":\"WebSite\",\"@id\":\"https:\/\/kim.lv\/en\/#website\",\"url\":\"https:\/\/kim.lv\/en\/\",\"name\":\"Kim? Laikmet\u012bg\u0101s m\u0101kslas centrs\",\"description\":\"\",\"potentialAction\":[{\"@type\":\"SearchAction\",\"target\":{\"@type\":\"EntryPoint\",\"urlTemplate\":\"https:\/\/kim.lv\/en\/?s={search_term_string}\"},\"query-input\":\"required name=search_term_string\"}],\"inLanguage\":\"lv-LV\"},{\"@type\":\"Person\",\"@id\":\"https:\/\/kim.lv\/en\/#\/schema\/person\/56f07ec6715af61b0d0ed9835c282330\",\"name\":\"Kim?\",\"image\":{\"@type\":\"ImageObject\",\"inLanguage\":\"lv-LV\",\"@id\":\"https:\/\/kim.lv\/en\/#\/schema\/person\/image\/\",\"url\":\"https:\/\/secure.gravatar.com\/avatar\/95e223367867817ed896bcfb04f433d88d871bfbb4f33c528e26ce5c2786508f?s=96&d=mm&r=g\",\"contentUrl\":\"https:\/\/secure.gravatar.com\/avatar\/95e223367867817ed896bcfb04f433d88d871bfbb4f33c528e26ce5c2786508f?s=96&d=mm&r=g\",\"caption\":\"Kim?\"},\"url\":\"https:\/\/kim.lv\/lv\/author\/kim\/\"}]}<\/script>\n<!-- \/ Yoast SEO plugin. -->","yoast_head_json":{"title":"[:en]Behind the Curtain. Architect Marta Sta\u0146a[:lv]Aiz priek\u0161kara. Arhitekte Marta Sta\u0146a[:] - Kim? Laikmet\u012bg\u0101s m\u0101kslas centrs","robots":{"index":"index","follow":"follow","max-snippet":"max-snippet:-1","max-image-preview":"max-image-preview:large","max-video-preview":"max-video-preview:-1"},"canonical":"https:\/\/kim.lv\/en\/behind-curtain-architect-marta-stana\/","og_locale":"lv_LV","og_type":"article","og_title":"[:en]Behind the Curtain. Architect Marta Sta\u0146a[:lv]Aiz priek\u0161kara. Arhitekte Marta Sta\u0146a[:] - Kim? Laikmet\u012bg\u0101s m\u0101kslas centrs","og_description":"No 5. novembra l\u012bdz 19. decembrim Kim?\u00a0\/ FK galerij\u0101 Sp\u012b\u0137eros, Maskavas iel\u0101 12\/1 norisin\u0101j\u0101s izst\u0101de \u201cAiz priek\u0161kara. Arhitekte Marta Sta\u0146a\u201d; izst\u0101di p\u0113c Dailes te\u0101tra pas\u016bt\u012bjuma r\u012bko Arhitekt\u016bras veicin\u0101\u0161anas fonds. Izst\u0101de ir feministiska retrospekcija par arhitekt\u016bru un arhitekt\u016bras kritiku Padomju Latvij\u0101 20. gadsimta 50. \u2013 60.gados. \u201eAiz priek\u0161kara. Arhitekte Marta Sta\u0146a\u201d sniegs ieskatu maz p\u0113t\u012bt\u0101s latvie\u0161u [&hellip;]","og_url":"https:\/\/kim.lv\/en\/behind-curtain-architect-marta-stana\/","og_site_name":"Kim? Laikmet\u012bg\u0101s m\u0101kslas centrs","article_published_time":"2019-02-06T10:22:06+00:00","author":"Kim?","twitter_card":"summary_large_image","twitter_misc":{"Written by":"Kim?","Est. reading time":"4 minutes"},"schema":{"@context":"https:\/\/schema.org","@graph":[{"@type":"WebPage","@id":"https:\/\/kim.lv\/en\/behind-curtain-architect-marta-stana\/","url":"https:\/\/kim.lv\/en\/behind-curtain-architect-marta-stana\/","name":"[:en]Behind the Curtain. Architect Marta Sta\u0146a[:lv]Aiz priek\u0161kara. Arhitekte Marta Sta\u0146a[:] - Kim? Laikmet\u012bg\u0101s m\u0101kslas centrs","isPartOf":{"@id":"https:\/\/kim.lv\/en\/#website"},"datePublished":"2019-02-06T10:22:06+00:00","dateModified":"2019-02-06T10:22:06+00:00","author":{"@id":"https:\/\/kim.lv\/en\/#\/schema\/person\/56f07ec6715af61b0d0ed9835c282330"},"breadcrumb":{"@id":"https:\/\/kim.lv\/en\/behind-curtain-architect-marta-stana\/#breadcrumb"},"inLanguage":"lv-LV","potentialAction":[{"@type":"ReadAction","target":["https:\/\/kim.lv\/en\/behind-curtain-architect-marta-stana\/"]}]},{"@type":"BreadcrumbList","@id":"https:\/\/kim.lv\/en\/behind-curtain-architect-marta-stana\/#breadcrumb","itemListElement":[{"@type":"ListItem","position":1,"name":"Home","item":"https:\/\/kim.lv\/"},{"@type":"ListItem","position":2,"name":"Behind the Curtain. Architect Marta Sta\u0146a"}]},{"@type":"WebSite","@id":"https:\/\/kim.lv\/en\/#website","url":"https:\/\/kim.lv\/en\/","name":"Kim? Laikmet\u012bg\u0101s m\u0101kslas centrs","description":"","potentialAction":[{"@type":"SearchAction","target":{"@type":"EntryPoint","urlTemplate":"https:\/\/kim.lv\/en\/?s={search_term_string}"},"query-input":"required name=search_term_string"}],"inLanguage":"lv-LV"},{"@type":"Person","@id":"https:\/\/kim.lv\/en\/#\/schema\/person\/56f07ec6715af61b0d0ed9835c282330","name":"Kim?","image":{"@type":"ImageObject","inLanguage":"lv-LV","@id":"https:\/\/kim.lv\/en\/#\/schema\/person\/image\/","url":"https:\/\/secure.gravatar.com\/avatar\/95e223367867817ed896bcfb04f433d88d871bfbb4f33c528e26ce5c2786508f?s=96&d=mm&r=g","contentUrl":"https:\/\/secure.gravatar.com\/avatar\/95e223367867817ed896bcfb04f433d88d871bfbb4f33c528e26ce5c2786508f?s=96&d=mm&r=g","caption":"Kim?"},"url":"https:\/\/kim.lv\/lv\/author\/kim\/"}]}},"_links":{"self":[{"href":"https:\/\/kim.lv\/lv\/wp-json\/wp\/v2\/posts\/4620","targetHints":{"allow":["GET"]}}],"collection":[{"href":"https:\/\/kim.lv\/lv\/wp-json\/wp\/v2\/posts"}],"about":[{"href":"https:\/\/kim.lv\/lv\/wp-json\/wp\/v2\/types\/post"}],"author":[{"embeddable":true,"href":"https:\/\/kim.lv\/lv\/wp-json\/wp\/v2\/users\/2"}],"replies":[{"embeddable":true,"href":"https:\/\/kim.lv\/lv\/wp-json\/wp\/v2\/comments?post=4620"}],"version-history":[{"count":1,"href":"https:\/\/kim.lv\/lv\/wp-json\/wp\/v2\/posts\/4620\/revisions"}],"predecessor-version":[{"id":4622,"href":"https:\/\/kim.lv\/lv\/wp-json\/wp\/v2\/posts\/4620\/revisions\/4622"}],"wp:attachment":[{"href":"https:\/\/kim.lv\/lv\/wp-json\/wp\/v2\/media?parent=4620"}],"wp:term":[{"taxonomy":"category","embeddable":true,"href":"https:\/\/kim.lv\/lv\/wp-json\/wp\/v2\/categories?post=4620"},{"taxonomy":"post_tag","embeddable":true,"href":"https:\/\/kim.lv\/lv\/wp-json\/wp\/v2\/tags?post=4620"}],"curies":[{"name":"wp","href":"https:\/\/api.w.org\/{rel}","templated":true}]}}