{"id":4943,"date":"2019-05-27T11:29:28","date_gmt":"2019-05-27T08:29:28","guid":{"rendered":"http:\/\/kim.lv\/?p=4943"},"modified":"2026-04-16T17:02:00","modified_gmt":"2026-04-16T14:02:00","slug":"kim-bernu-rits-katrinas-neiburgas-izstade-mati","status":"publish","type":"post","link":"https:\/\/kim.lv\/lv\/kim-bernu-rits-katrinas-neiburgas-izstade-mati\/","title":{"rendered":"Kim? b\u0113rnu r\u012bts Katr\u012bnas Neiburgas izst\u0101d\u0113 &#8220;Mati&#8221;"},"content":{"rendered":"<span lang=\"DE\">Blondi mati, melni mati, plikpauri. Poniji, \u0161injoni, vij\u012bgas cirtas, bizes un astes. Un protams m\u0101ksla.<\/span><span lang=\"DE\"><br \/>\n<\/span><\/p>\n<p><span lang=\"DE\"><br \/>\nKim? Laikmet\u012bg\u0101s m\u0101kslas centrs aicina uz b\u0113rnu r\u012btu. B\u0113rnu r\u012bt\u0101 mazajiem apmekl\u0113t\u0101jiem b\u016bs iesp\u0113ja iziet t\u016bri pa Katr\u012bnas Neiburgas izst\u0101di &#8220;MATI\u201c, un rado\u0161i izpausties pasti\u017ea m\u0101kslinieces vad\u012bb\u0101 veidojot matu pap\u012bru rado\u0161\u0101 darbn\u012bc\u0101. Darbn\u012bca paredz\u0113ta b\u0113rniem no 5 l\u012bdz 10 gadu vecumam.<br \/>\n<\/span><\/p>\n<p><span lang=\"DE\"><br \/>\nVietu skaits darbn\u012bc\u0101 ir ierobe\u017eots. Iepriek\u0161\u0113ja pieteik\u0161an\u0101s oblig\u0101ta, rakstot uz e-pastu <a href=\"mailto:laima@kim.lv\" target=\"_blank\" rel=\"noopener\">laima@kim.lv<\/a> vai zvanot pa t\u0101lruni 25701714.<br \/>\n<\/span>Dal\u012bbas maksa: EUR 3","protected":false},"excerpt":{"rendered":"<p>Blondi mati, melni mati, plikpauri. Poniji, \u0161injoni, vij\u012bgas cirtas, bizes un astes. Un protams m\u0101ksla. Kim? Laikmet\u012bg\u0101s m\u0101kslas centrs aicina uz b\u0113rnu r\u012btu. B\u0113rnu r\u012bt\u0101 mazajiem apmekl\u0113t\u0101jiem b\u016bs iesp\u0113ja iziet t\u016bri pa Katr\u012bnas Neiburgas izst\u0101di &#8220;MATI\u201c, un rado\u0161i izpausties pasti\u017ea m\u0101kslinieces vad\u012bb\u0101 veidojot matu pap\u012bru rado\u0161\u0101 darbn\u012bc\u0101. Darbn\u012bca paredz\u0113ta b\u0113rniem no 5 l\u012bdz 10 gadu [&hellip;]<\/p>\n","protected":false},"author":2,"featured_media":0,"comment_status":"open","ping_status":"open","sticky":false,"template":"","format":"standard","meta":{"inline_featured_image":false,"footnotes":""},"categories":[48,5],"tags":[],"class_list":["post-4943","post","type-post","status-publish","format-standard","hentry","category-2019-events","category-kim-events"],"acf":[],"yoast_head":"<!-- This site is optimized with the Yoast SEO plugin v21.9 - https:\/\/yoast.com\/wordpress\/plugins\/seo\/ -->\n<title>Kim? b\u0113rnu r\u012bts Katr\u012bnas Neiburgas izst\u0101d\u0113 &quot;Mati&quot; - Kim? Laikmet\u012bg\u0101s m\u0101kslas centrs<\/title>\n<meta name=\"robots\" content=\"index, follow, max-snippet:-1, max-image-preview:large, max-video-preview:-1\" \/>\n<link rel=\"canonical\" href=\"https:\/\/kim.lv\/kim-bernu-rits-katrinas-neiburgas-izstade-mati\/\" \/>\n<meta property=\"og:locale\" content=\"lv_LV\" \/>\n<meta property=\"og:type\" content=\"article\" \/>\n<meta property=\"og:title\" content=\"[:en]Kim? children&#039;s morning in Katr\u012bna Neiburga&#039;s exhibiton &quot;HAIR&quot;[:lv]Kim? b\u0113rnu r\u012bts Katr\u012bnas Neiburgas izst\u0101d\u0113 &quot;Mati&quot;[:] - Kim? Laikmet\u012bg\u0101s m\u0101kslas centrs\" \/>\n<meta property=\"og:description\" content=\"Blondi mati, melni mati, plikpauri. Poniji, \u0161injoni, vij\u012bgas cirtas, bizes un astes. Un protams m\u0101ksla. Kim? Laikmet\u012bg\u0101s m\u0101kslas centrs aicina uz b\u0113rnu r\u012btu. B\u0113rnu r\u012bt\u0101 mazajiem apmekl\u0113t\u0101jiem b\u016bs iesp\u0113ja iziet t\u016bri pa Katr\u012bnas Neiburgas izst\u0101di &#8220;MATI\u201c, un rado\u0161i izpausties pasti\u017ea m\u0101kslinieces vad\u012bb\u0101 veidojot matu pap\u012bru rado\u0161\u0101 darbn\u012bc\u0101. Darbn\u012bca paredz\u0113ta b\u0113rniem no 5 l\u012bdz 10 gadu [&hellip;]\" \/>\n<meta property=\"og:url\" content=\"https:\/\/kim.lv\/kim-bernu-rits-katrinas-neiburgas-izstade-mati\/\" \/>\n<meta property=\"og:site_name\" content=\"Kim? Laikmet\u012bg\u0101s m\u0101kslas centrs\" \/>\n<meta property=\"article:published_time\" content=\"2019-05-27T08:29:28+00:00\" \/>\n<meta property=\"article:modified_time\" content=\"2026-04-16T14:02:00+00:00\" \/>\n<meta name=\"author\" content=\"Kim?\" \/>\n<meta name=\"twitter:card\" content=\"summary_large_image\" \/>\n<meta name=\"twitter:label1\" content=\"Written by\" \/>\n\t<meta name=\"twitter:data1\" content=\"Kim?\" \/>\n\t<meta name=\"twitter:label2\" content=\"Est. reading time\" \/>\n\t<meta name=\"twitter:data2\" content=\"1 minute\" \/>\n<script type=\"application\/ld+json\" class=\"yoast-schema-graph\">{\"@context\":\"https:\/\/schema.org\",\"@graph\":[{\"@type\":\"WebPage\",\"@id\":\"https:\/\/kim.lv\/kim-bernu-rits-katrinas-neiburgas-izstade-mati\/\",\"url\":\"https:\/\/kim.lv\/kim-bernu-rits-katrinas-neiburgas-izstade-mati\/\",\"name\":\"[:en]Kim? children's morning in Katr\u012bna Neiburga's exhibiton \\\"HAIR\\\"[:lv]Kim? b\u0113rnu r\u012bts Katr\u012bnas Neiburgas izst\u0101d\u0113 \\\"Mati\\\"[:] - Kim? Laikmet\u012bg\u0101s m\u0101kslas centrs\",\"isPartOf\":{\"@id\":\"https:\/\/kim.lv\/en\/#website\"},\"datePublished\":\"2019-05-27T08:29:28+00:00\",\"dateModified\":\"2026-04-16T14:02:00+00:00\",\"author\":{\"@id\":\"https:\/\/kim.lv\/en\/#\/schema\/person\/56f07ec6715af61b0d0ed9835c282330\"},\"breadcrumb\":{\"@id\":\"https:\/\/kim.lv\/kim-bernu-rits-katrinas-neiburgas-izstade-mati\/#breadcrumb\"},\"inLanguage\":\"lv-LV\",\"potentialAction\":[{\"@type\":\"ReadAction\",\"target\":[\"https:\/\/kim.lv\/kim-bernu-rits-katrinas-neiburgas-izstade-mati\/\"]}]},{\"@type\":\"BreadcrumbList\",\"@id\":\"https:\/\/kim.lv\/kim-bernu-rits-katrinas-neiburgas-izstade-mati\/#breadcrumb\",\"itemListElement\":[{\"@type\":\"ListItem\",\"position\":1,\"name\":\"Home\",\"item\":\"https:\/\/kim.lv\/\"},{\"@type\":\"ListItem\",\"position\":2,\"name\":\"Kim? children&#8217;s morning in Katr\u012bna Neiburga&#8217;s exhibiton &#8220;HAIR&#8221;\"}]},{\"@type\":\"WebSite\",\"@id\":\"https:\/\/kim.lv\/en\/#website\",\"url\":\"https:\/\/kim.lv\/en\/\",\"name\":\"Kim? Laikmet\u012bg\u0101s m\u0101kslas centrs\",\"description\":\"\",\"potentialAction\":[{\"@type\":\"SearchAction\",\"target\":{\"@type\":\"EntryPoint\",\"urlTemplate\":\"https:\/\/kim.lv\/en\/?s={search_term_string}\"},\"query-input\":\"required name=search_term_string\"}],\"inLanguage\":\"lv-LV\"},{\"@type\":\"Person\",\"@id\":\"https:\/\/kim.lv\/en\/#\/schema\/person\/56f07ec6715af61b0d0ed9835c282330\",\"name\":\"Kim?\",\"image\":{\"@type\":\"ImageObject\",\"inLanguage\":\"lv-LV\",\"@id\":\"https:\/\/kim.lv\/en\/#\/schema\/person\/image\/\",\"url\":\"https:\/\/secure.gravatar.com\/avatar\/95e223367867817ed896bcfb04f433d88d871bfbb4f33c528e26ce5c2786508f?s=96&d=mm&r=g\",\"contentUrl\":\"https:\/\/secure.gravatar.com\/avatar\/95e223367867817ed896bcfb04f433d88d871bfbb4f33c528e26ce5c2786508f?s=96&d=mm&r=g\",\"caption\":\"Kim?\"},\"url\":\"https:\/\/kim.lv\/lv\/author\/kim\/\"}]}<\/script>\n<!-- \/ Yoast SEO plugin. -->","yoast_head_json":{"title":"[:en]Kim? children's morning in Katr\u012bna Neiburga's exhibiton \"HAIR\"[:lv]Kim? b\u0113rnu r\u012bts Katr\u012bnas Neiburgas izst\u0101d\u0113 \"Mati\"[:] - Kim? Laikmet\u012bg\u0101s m\u0101kslas centrs","robots":{"index":"index","follow":"follow","max-snippet":"max-snippet:-1","max-image-preview":"max-image-preview:large","max-video-preview":"max-video-preview:-1"},"canonical":"https:\/\/kim.lv\/kim-bernu-rits-katrinas-neiburgas-izstade-mati\/","og_locale":"lv_LV","og_type":"article","og_title":"[:en]Kim? children's morning in Katr\u012bna Neiburga's exhibiton \"HAIR\"[:lv]Kim? b\u0113rnu r\u012bts Katr\u012bnas Neiburgas izst\u0101d\u0113 \"Mati\"[:] - Kim? Laikmet\u012bg\u0101s m\u0101kslas centrs","og_description":"Blondi mati, melni mati, plikpauri. Poniji, \u0161injoni, vij\u012bgas cirtas, bizes un astes. Un protams m\u0101ksla. Kim? Laikmet\u012bg\u0101s m\u0101kslas centrs aicina uz b\u0113rnu r\u012btu. B\u0113rnu r\u012bt\u0101 mazajiem apmekl\u0113t\u0101jiem b\u016bs iesp\u0113ja iziet t\u016bri pa Katr\u012bnas Neiburgas izst\u0101di &#8220;MATI\u201c, un rado\u0161i izpausties pasti\u017ea m\u0101kslinieces vad\u012bb\u0101 veidojot matu pap\u012bru rado\u0161\u0101 darbn\u012bc\u0101. Darbn\u012bca paredz\u0113ta b\u0113rniem no 5 l\u012bdz 10 gadu [&hellip;]","og_url":"https:\/\/kim.lv\/kim-bernu-rits-katrinas-neiburgas-izstade-mati\/","og_site_name":"Kim? Laikmet\u012bg\u0101s m\u0101kslas centrs","article_published_time":"2019-05-27T08:29:28+00:00","article_modified_time":"2026-04-16T14:02:00+00:00","author":"Kim?","twitter_card":"summary_large_image","twitter_misc":{"Written by":"Kim?","Est. reading time":"1 minute"},"schema":{"@context":"https:\/\/schema.org","@graph":[{"@type":"WebPage","@id":"https:\/\/kim.lv\/kim-bernu-rits-katrinas-neiburgas-izstade-mati\/","url":"https:\/\/kim.lv\/kim-bernu-rits-katrinas-neiburgas-izstade-mati\/","name":"[:en]Kim? children's morning in Katr\u012bna Neiburga's exhibiton \"HAIR\"[:lv]Kim? b\u0113rnu r\u012bts Katr\u012bnas Neiburgas izst\u0101d\u0113 \"Mati\"[:] - Kim? Laikmet\u012bg\u0101s m\u0101kslas centrs","isPartOf":{"@id":"https:\/\/kim.lv\/en\/#website"},"datePublished":"2019-05-27T08:29:28+00:00","dateModified":"2026-04-16T14:02:00+00:00","author":{"@id":"https:\/\/kim.lv\/en\/#\/schema\/person\/56f07ec6715af61b0d0ed9835c282330"},"breadcrumb":{"@id":"https:\/\/kim.lv\/kim-bernu-rits-katrinas-neiburgas-izstade-mati\/#breadcrumb"},"inLanguage":"lv-LV","potentialAction":[{"@type":"ReadAction","target":["https:\/\/kim.lv\/kim-bernu-rits-katrinas-neiburgas-izstade-mati\/"]}]},{"@type":"BreadcrumbList","@id":"https:\/\/kim.lv\/kim-bernu-rits-katrinas-neiburgas-izstade-mati\/#breadcrumb","itemListElement":[{"@type":"ListItem","position":1,"name":"Home","item":"https:\/\/kim.lv\/"},{"@type":"ListItem","position":2,"name":"Kim? children&#8217;s morning in Katr\u012bna Neiburga&#8217;s exhibiton &#8220;HAIR&#8221;"}]},{"@type":"WebSite","@id":"https:\/\/kim.lv\/en\/#website","url":"https:\/\/kim.lv\/en\/","name":"Kim? Laikmet\u012bg\u0101s m\u0101kslas centrs","description":"","potentialAction":[{"@type":"SearchAction","target":{"@type":"EntryPoint","urlTemplate":"https:\/\/kim.lv\/en\/?s={search_term_string}"},"query-input":"required name=search_term_string"}],"inLanguage":"lv-LV"},{"@type":"Person","@id":"https:\/\/kim.lv\/en\/#\/schema\/person\/56f07ec6715af61b0d0ed9835c282330","name":"Kim?","image":{"@type":"ImageObject","inLanguage":"lv-LV","@id":"https:\/\/kim.lv\/en\/#\/schema\/person\/image\/","url":"https:\/\/secure.gravatar.com\/avatar\/95e223367867817ed896bcfb04f433d88d871bfbb4f33c528e26ce5c2786508f?s=96&d=mm&r=g","contentUrl":"https:\/\/secure.gravatar.com\/avatar\/95e223367867817ed896bcfb04f433d88d871bfbb4f33c528e26ce5c2786508f?s=96&d=mm&r=g","caption":"Kim?"},"url":"https:\/\/kim.lv\/lv\/author\/kim\/"}]}},"_links":{"self":[{"href":"https:\/\/kim.lv\/lv\/wp-json\/wp\/v2\/posts\/4943","targetHints":{"allow":["GET"]}}],"collection":[{"href":"https:\/\/kim.lv\/lv\/wp-json\/wp\/v2\/posts"}],"about":[{"href":"https:\/\/kim.lv\/lv\/wp-json\/wp\/v2\/types\/post"}],"author":[{"embeddable":true,"href":"https:\/\/kim.lv\/lv\/wp-json\/wp\/v2\/users\/2"}],"replies":[{"embeddable":true,"href":"https:\/\/kim.lv\/lv\/wp-json\/wp\/v2\/comments?post=4943"}],"version-history":[{"count":4,"href":"https:\/\/kim.lv\/lv\/wp-json\/wp\/v2\/posts\/4943\/revisions"}],"predecessor-version":[{"id":9386,"href":"https:\/\/kim.lv\/lv\/wp-json\/wp\/v2\/posts\/4943\/revisions\/9386"}],"wp:attachment":[{"href":"https:\/\/kim.lv\/lv\/wp-json\/wp\/v2\/media?parent=4943"}],"wp:term":[{"taxonomy":"category","embeddable":true,"href":"https:\/\/kim.lv\/lv\/wp-json\/wp\/v2\/categories?post=4943"},{"taxonomy":"post_tag","embeddable":true,"href":"https:\/\/kim.lv\/lv\/wp-json\/wp\/v2\/tags?post=4943"}],"curies":[{"name":"wp","href":"https:\/\/api.w.org\/{rel}","templated":true}]}}