{"id":5186,"date":"2019-08-26T15:42:20","date_gmt":"2019-08-26T12:42:20","guid":{"rendered":"http:\/\/kim.lv\/?p=5186"},"modified":"2019-08-26T15:42:20","modified_gmt":"2019-08-26T12:42:20","slug":"kim-open-call-2020","status":"publish","type":"post","link":"https:\/\/kim.lv\/lv\/kim-open-call-2020\/","title":{"rendered":"Kim? Open Call 2020"},"content":{"rendered":"<span style=\"font-weight: 400;\">Desmit publisk\u0101s darb\u012bbas gadu laik\u0101 Kim? Laikmet\u012bg\u0101s m\u0101kslas centrs ir saglab\u0101jis nemain\u012bgu ieinteres\u0113t\u012bbu jaunu m\u0101kslas par\u0101d\u012bbu nov\u0113rojumos un to da\u017e\u0101do izpausmju atbalst\u012b\u0161an\u0101, sarunu un koprades form\u0101 integr\u0113jot t\u0101s instit\u016bcijas programm\u0101. Gatavojoties n\u0101kam\u0101 gada izst\u0101\u017eu programmai, tiek izsludin\u0101ts tre\u0161ais <\/span><i><span style=\"font-weight: 400;\">Kim? Open Call<\/span><\/i><span style=\"font-weight: 400;\"> &#8211; iesp\u0113ja vienam m\u0101ksliniekam, m\u0101kslinieku kolekt\u012bvam vai kuratoram no Latvijas \u012bstenot izst\u0101di Kim? Laikmet\u012bg\u0101s m\u0101kslas centr\u0101 ar norisi no 2020. gada apr\u012bl\u012b. Aicin\u0101m mums s\u016bt\u012bt izst\u0101\u017eu pieteikumus un kuratori\u0101las idejas br\u012bv\u0101 form\u0101 l\u012bdz 2019. gada 3. septembrim.<\/span><\/p>\n<p>&nbsp;<\/p>\n<p><i><span style=\"font-weight: 400;\">Kim? Open Call 2020<\/span><\/i><span style=\"font-weight: 400;\"> m\u0113r\u0137is ir veicin\u0101t Latvijas laikmet\u012bg\u0101s m\u0101kslas un ar to saist\u012bto procesu att\u012bst\u012bbu un ne maz\u0101k svar\u012bgi \u2013 paman\u0101m\u012bbu, nodro\u0161inot p\u0113c iesp\u0113jas lab\u0101kus priek\u0161nosac\u012bjumus un atbalstu veiksm\u012bgai notikuma \u012bsteno\u0161anai m\u0101ksliniekam\/iem un\/vai kuratoriem no Latvijas. Ar <\/span><i><span style=\"font-weight: 400;\">Kim? Open Call<\/span><\/i><span style=\"font-weight: 400;\"> organiz\u0101cija atver sevi regul\u0101r\u0101m jauno autoru \u2013 m\u0101kslinieku, kuratoru, kolekt\u012bvu u.c. izpausm\u0113m, dodot iesp\u0113ju izteikties ar k\u016br\u0113tas izst\u0101des pal\u012bdz\u012bbu.\u00a0<\/span><\/p>\n<p>&nbsp;<\/p>\n<p><b>Pieteikum\u0101 gaid\u012bsim:<\/b><\/p>\n<p><span style=\"font-weight: 400;\">\u2013 kuratori\u0101l\u0101s idejas apraksts (koncepcijas izkl\u0101sts, dal\u012bbnieki, programma);<\/span><\/p>\n<p><span style=\"font-weight: 400;\">\u2013 inform\u0101cija par m\u0101kslinieku\/iem (m\u0101kslas darbiem, \u012bsu biogr\u0101fijas izkl\u0101stu)<\/span><\/p>\n<p><span style=\"font-weight: 400;\">\u2013 rado\u0161\u0101s prakses portfolio (t.sk. CV).<\/span><\/p>\n<p>&nbsp;<\/p>\n<p><b>Open Kim? Call nodro\u0161ina:<\/b><\/p>\n<p><span style=\"font-weight: 400;\">\u2013 Kim? komandas iesaisti un atbalstu projekta norises laik\u0101;<\/span><\/p>\n<p><span style=\"font-weight: 400;\">\u2013 labiek\u0101rtotu izst\u0101des telpu (60 kv.m.);<\/span><\/p>\n<p><span style=\"font-weight: 400;\">\u2013 zino\u0161a tehnisk\u0101 person\u0101la atbalstu un darbasp\u0113ku notikuma realiz\u0113\u0161an\u0101;<\/span><\/p>\n<p><span style=\"font-weight: 400;\">\u2013 efekt\u012bvu preses un komunik\u0101cijas strat\u0113\u0123iju;<\/span><\/p>\n<p>&nbsp;<\/p>\n<p><span style=\"font-weight: 400;\">Projekta \u012bstenot\u0101js uz\u0146emas piesaist\u012bt papildus nepiecie\u0161amo l\u012bdzfinans\u0113jumu. <\/span><b>Uzvar\u0113t\u0101js tiks pazi\u0146ots 9. septembr\u012b.\u00a0<\/b><\/p>\n<p>&nbsp;<\/p>\n<p><i><span style=\"font-weight: 400;\">Kim? Open Call<\/span><\/i><span style=\"font-weight: 400;\"> iniciat\u012bva rad\u0101s 2016. gad\u0101 ar m\u0113r\u0137i veicin\u0101t daudzsolo\u0161u un talant\u012bgu m\u0101kslinieku un\/vai kuratoru savlaic\u012bgu atkl\u0101\u0161anu, nodro\u0161inot p\u0113c iesp\u0113jas lab\u0101kus priek\u0161nosac\u012bjumus un ietvaru vi\u0146u rado\u0161\u0101s ieceres veiksm\u012bgai \u012bsteno\u0161anai. Iepriek\u0161\u0113jie <\/span><i><span style=\"font-weight: 400;\">Kim? Open Call<\/span><\/i><span style=\"font-weight: 400;\"> laure\u0101ti ir kuratore Laura Brok\u0101ne, Toms Harjo, J\u0101nis Dzirnieks.\u00a0<\/span><\/p>\n<p>&nbsp;<\/p>\n<p><b><i>Kim? Open Call 2020<\/i><\/b><b> pieteikumus izskat\u012bs \u017e\u016brija:<\/b><span style=\"font-weight: 400;\"> Kaspars Gro\u0161evs (Kim? programmas direktos), Santa Mi\u010dule-Hir\u0161a (m\u0101kslas kriti\u0137e), Egija Inzule (kuratore), Evita Vasi\u013cjeva (m\u0101ksliniece) un Zane Onckule (kuratore).<\/span><\/p>\n<p>&nbsp;<\/p>\n<p><b>Pieteikumus gaid\u012bsim uz:<\/b><span style=\"font-weight: 400;\"> kim@kim.lv nor\u0101dot t\u0113mu \u201cKim? Open Call 2020\u201c<\/span><\/p>\n<p>&nbsp;","protected":false},"excerpt":{"rendered":"<p>Desmit publisk\u0101s darb\u012bbas gadu laik\u0101 Kim? Laikmet\u012bg\u0101s m\u0101kslas centrs ir saglab\u0101jis nemain\u012bgu ieinteres\u0113t\u012bbu jaunu m\u0101kslas par\u0101d\u012bbu nov\u0113rojumos un to da\u017e\u0101do izpausmju atbalst\u012b\u0161an\u0101, sarunu un koprades form\u0101 integr\u0113jot t\u0101s instit\u016bcijas programm\u0101. Gatavojoties n\u0101kam\u0101 gada izst\u0101\u017eu programmai, tiek izsludin\u0101ts tre\u0161ais Kim? Open Call &#8211; iesp\u0113ja vienam m\u0101ksliniekam, m\u0101kslinieku kolekt\u012bvam vai kuratoram no Latvijas \u012bstenot izst\u0101di Kim? Laikmet\u012bg\u0101s [&hellip;]<\/p>\n","protected":false},"author":2,"featured_media":0,"comment_status":"open","ping_status":"open","sticky":false,"template":"","format":"standard","meta":{"inline_featured_image":false,"footnotes":""},"categories":[4],"tags":[],"class_list":["post-5186","post","type-post","status-publish","format-standard","hentry","category-kim-exhibitions"],"acf":[],"yoast_head":"<!-- This site is optimized with the Yoast SEO plugin v21.9 - https:\/\/yoast.com\/wordpress\/plugins\/seo\/ -->\n<title>Kim? Open Call 2020 - Kim? Laikmet\u012bg\u0101s m\u0101kslas centrs<\/title>\n<meta name=\"robots\" content=\"index, follow, max-snippet:-1, max-image-preview:large, max-video-preview:-1\" \/>\n<link rel=\"canonical\" href=\"https:\/\/kim.lv\/lv\/kim-open-call-2020\/\" \/>\n<meta property=\"og:locale\" content=\"lv_LV\" \/>\n<meta property=\"og:type\" content=\"article\" \/>\n<meta property=\"og:title\" content=\"Kim? Open Call 2020 - Kim? Laikmet\u012bg\u0101s m\u0101kslas centrs\" \/>\n<meta property=\"og:description\" content=\"Desmit publisk\u0101s darb\u012bbas gadu laik\u0101 Kim? Laikmet\u012bg\u0101s m\u0101kslas centrs ir saglab\u0101jis nemain\u012bgu ieinteres\u0113t\u012bbu jaunu m\u0101kslas par\u0101d\u012bbu nov\u0113rojumos un to da\u017e\u0101do izpausmju atbalst\u012b\u0161an\u0101, sarunu un koprades form\u0101 integr\u0113jot t\u0101s instit\u016bcijas programm\u0101. Gatavojoties n\u0101kam\u0101 gada izst\u0101\u017eu programmai, tiek izsludin\u0101ts tre\u0161ais Kim? Open Call &#8211; iesp\u0113ja vienam m\u0101ksliniekam, m\u0101kslinieku kolekt\u012bvam vai kuratoram no Latvijas \u012bstenot izst\u0101di Kim? Laikmet\u012bg\u0101s [&hellip;]\" \/>\n<meta property=\"og:url\" content=\"https:\/\/kim.lv\/lv\/kim-open-call-2020\/\" \/>\n<meta property=\"og:site_name\" content=\"Kim? Laikmet\u012bg\u0101s m\u0101kslas centrs\" \/>\n<meta property=\"article:published_time\" content=\"2019-08-26T12:42:20+00:00\" \/>\n<meta name=\"author\" content=\"Kim?\" \/>\n<meta name=\"twitter:card\" content=\"summary_large_image\" \/>\n<meta name=\"twitter:label1\" content=\"Written by\" \/>\n\t<meta name=\"twitter:data1\" content=\"Kim?\" \/>\n\t<meta name=\"twitter:label2\" content=\"Est. reading time\" \/>\n\t<meta name=\"twitter:data2\" content=\"2 minutes\" \/>\n<script type=\"application\/ld+json\" class=\"yoast-schema-graph\">{\"@context\":\"https:\/\/schema.org\",\"@graph\":[{\"@type\":\"WebPage\",\"@id\":\"https:\/\/kim.lv\/lv\/kim-open-call-2020\/\",\"url\":\"https:\/\/kim.lv\/lv\/kim-open-call-2020\/\",\"name\":\"Kim? Open Call 2020 - Kim? Laikmet\u012bg\u0101s m\u0101kslas centrs\",\"isPartOf\":{\"@id\":\"https:\/\/kim.lv\/en\/#website\"},\"datePublished\":\"2019-08-26T12:42:20+00:00\",\"dateModified\":\"2019-08-26T12:42:20+00:00\",\"author\":{\"@id\":\"https:\/\/kim.lv\/en\/#\/schema\/person\/56f07ec6715af61b0d0ed9835c282330\"},\"breadcrumb\":{\"@id\":\"https:\/\/kim.lv\/lv\/kim-open-call-2020\/#breadcrumb\"},\"inLanguage\":\"lv-LV\",\"potentialAction\":[{\"@type\":\"ReadAction\",\"target\":[\"https:\/\/kim.lv\/lv\/kim-open-call-2020\/\"]}]},{\"@type\":\"BreadcrumbList\",\"@id\":\"https:\/\/kim.lv\/lv\/kim-open-call-2020\/#breadcrumb\",\"itemListElement\":[{\"@type\":\"ListItem\",\"position\":1,\"name\":\"Home\",\"item\":\"https:\/\/kim.lv\/\"},{\"@type\":\"ListItem\",\"position\":2,\"name\":\"Kim? Open Call 2020\"}]},{\"@type\":\"WebSite\",\"@id\":\"https:\/\/kim.lv\/en\/#website\",\"url\":\"https:\/\/kim.lv\/en\/\",\"name\":\"Kim? Laikmet\u012bg\u0101s m\u0101kslas centrs\",\"description\":\"\",\"potentialAction\":[{\"@type\":\"SearchAction\",\"target\":{\"@type\":\"EntryPoint\",\"urlTemplate\":\"https:\/\/kim.lv\/en\/?s={search_term_string}\"},\"query-input\":\"required name=search_term_string\"}],\"inLanguage\":\"lv-LV\"},{\"@type\":\"Person\",\"@id\":\"https:\/\/kim.lv\/en\/#\/schema\/person\/56f07ec6715af61b0d0ed9835c282330\",\"name\":\"Kim?\",\"image\":{\"@type\":\"ImageObject\",\"inLanguage\":\"lv-LV\",\"@id\":\"https:\/\/kim.lv\/en\/#\/schema\/person\/image\/\",\"url\":\"https:\/\/secure.gravatar.com\/avatar\/95e223367867817ed896bcfb04f433d88d871bfbb4f33c528e26ce5c2786508f?s=96&d=mm&r=g\",\"contentUrl\":\"https:\/\/secure.gravatar.com\/avatar\/95e223367867817ed896bcfb04f433d88d871bfbb4f33c528e26ce5c2786508f?s=96&d=mm&r=g\",\"caption\":\"Kim?\"},\"url\":\"https:\/\/kim.lv\/lv\/author\/kim\/\"}]}<\/script>\n<!-- \/ Yoast SEO plugin. -->","yoast_head_json":{"title":"Kim? Open Call 2020 - Kim? Laikmet\u012bg\u0101s m\u0101kslas centrs","robots":{"index":"index","follow":"follow","max-snippet":"max-snippet:-1","max-image-preview":"max-image-preview:large","max-video-preview":"max-video-preview:-1"},"canonical":"https:\/\/kim.lv\/lv\/kim-open-call-2020\/","og_locale":"lv_LV","og_type":"article","og_title":"Kim? Open Call 2020 - Kim? Laikmet\u012bg\u0101s m\u0101kslas centrs","og_description":"Desmit publisk\u0101s darb\u012bbas gadu laik\u0101 Kim? Laikmet\u012bg\u0101s m\u0101kslas centrs ir saglab\u0101jis nemain\u012bgu ieinteres\u0113t\u012bbu jaunu m\u0101kslas par\u0101d\u012bbu nov\u0113rojumos un to da\u017e\u0101do izpausmju atbalst\u012b\u0161an\u0101, sarunu un koprades form\u0101 integr\u0113jot t\u0101s instit\u016bcijas programm\u0101. Gatavojoties n\u0101kam\u0101 gada izst\u0101\u017eu programmai, tiek izsludin\u0101ts tre\u0161ais Kim? Open Call &#8211; iesp\u0113ja vienam m\u0101ksliniekam, m\u0101kslinieku kolekt\u012bvam vai kuratoram no Latvijas \u012bstenot izst\u0101di Kim? Laikmet\u012bg\u0101s [&hellip;]","og_url":"https:\/\/kim.lv\/lv\/kim-open-call-2020\/","og_site_name":"Kim? Laikmet\u012bg\u0101s m\u0101kslas centrs","article_published_time":"2019-08-26T12:42:20+00:00","author":"Kim?","twitter_card":"summary_large_image","twitter_misc":{"Written by":"Kim?","Est. reading time":"2 minutes"},"schema":{"@context":"https:\/\/schema.org","@graph":[{"@type":"WebPage","@id":"https:\/\/kim.lv\/lv\/kim-open-call-2020\/","url":"https:\/\/kim.lv\/lv\/kim-open-call-2020\/","name":"Kim? Open Call 2020 - Kim? Laikmet\u012bg\u0101s m\u0101kslas centrs","isPartOf":{"@id":"https:\/\/kim.lv\/en\/#website"},"datePublished":"2019-08-26T12:42:20+00:00","dateModified":"2019-08-26T12:42:20+00:00","author":{"@id":"https:\/\/kim.lv\/en\/#\/schema\/person\/56f07ec6715af61b0d0ed9835c282330"},"breadcrumb":{"@id":"https:\/\/kim.lv\/lv\/kim-open-call-2020\/#breadcrumb"},"inLanguage":"lv-LV","potentialAction":[{"@type":"ReadAction","target":["https:\/\/kim.lv\/lv\/kim-open-call-2020\/"]}]},{"@type":"BreadcrumbList","@id":"https:\/\/kim.lv\/lv\/kim-open-call-2020\/#breadcrumb","itemListElement":[{"@type":"ListItem","position":1,"name":"Home","item":"https:\/\/kim.lv\/"},{"@type":"ListItem","position":2,"name":"Kim? Open Call 2020"}]},{"@type":"WebSite","@id":"https:\/\/kim.lv\/en\/#website","url":"https:\/\/kim.lv\/en\/","name":"Kim? Laikmet\u012bg\u0101s m\u0101kslas centrs","description":"","potentialAction":[{"@type":"SearchAction","target":{"@type":"EntryPoint","urlTemplate":"https:\/\/kim.lv\/en\/?s={search_term_string}"},"query-input":"required name=search_term_string"}],"inLanguage":"lv-LV"},{"@type":"Person","@id":"https:\/\/kim.lv\/en\/#\/schema\/person\/56f07ec6715af61b0d0ed9835c282330","name":"Kim?","image":{"@type":"ImageObject","inLanguage":"lv-LV","@id":"https:\/\/kim.lv\/en\/#\/schema\/person\/image\/","url":"https:\/\/secure.gravatar.com\/avatar\/95e223367867817ed896bcfb04f433d88d871bfbb4f33c528e26ce5c2786508f?s=96&d=mm&r=g","contentUrl":"https:\/\/secure.gravatar.com\/avatar\/95e223367867817ed896bcfb04f433d88d871bfbb4f33c528e26ce5c2786508f?s=96&d=mm&r=g","caption":"Kim?"},"url":"https:\/\/kim.lv\/lv\/author\/kim\/"}]}},"_links":{"self":[{"href":"https:\/\/kim.lv\/lv\/wp-json\/wp\/v2\/posts\/5186","targetHints":{"allow":["GET"]}}],"collection":[{"href":"https:\/\/kim.lv\/lv\/wp-json\/wp\/v2\/posts"}],"about":[{"href":"https:\/\/kim.lv\/lv\/wp-json\/wp\/v2\/types\/post"}],"author":[{"embeddable":true,"href":"https:\/\/kim.lv\/lv\/wp-json\/wp\/v2\/users\/2"}],"replies":[{"embeddable":true,"href":"https:\/\/kim.lv\/lv\/wp-json\/wp\/v2\/comments?post=5186"}],"version-history":[{"count":1,"href":"https:\/\/kim.lv\/lv\/wp-json\/wp\/v2\/posts\/5186\/revisions"}],"predecessor-version":[{"id":5188,"href":"https:\/\/kim.lv\/lv\/wp-json\/wp\/v2\/posts\/5186\/revisions\/5188"}],"wp:attachment":[{"href":"https:\/\/kim.lv\/lv\/wp-json\/wp\/v2\/media?parent=5186"}],"wp:term":[{"taxonomy":"category","embeddable":true,"href":"https:\/\/kim.lv\/lv\/wp-json\/wp\/v2\/categories?post=5186"},{"taxonomy":"post_tag","embeddable":true,"href":"https:\/\/kim.lv\/lv\/wp-json\/wp\/v2\/tags?post=5186"}],"curies":[{"name":"wp","href":"https:\/\/api.w.org\/{rel}","templated":true}]}}