{"id":5531,"date":"2020-04-14T09:33:04","date_gmt":"2020-04-14T06:33:04","guid":{"rendered":"http:\/\/kim.lv\/?p=5531"},"modified":"2026-04-16T16:59:09","modified_gmt":"2026-04-16T13:59:09","slug":"will-stay-palace-peace-reconciliation-remain","status":"publish","type":"post","link":"https:\/\/kim.lv\/lv\/will-stay-palace-peace-reconciliation-remain\/","title":{"rendered":"Es palik\u0161u sav\u0101 (miera un samierin\u0101\u0161an\u0101s) pil\u012b, Tu paliec sav\u0113j\u0101"},"content":{"rendered":"B\u0113d\u012bgi slaven\u0101 K\u0101r\u013ca Ulma\u0146a fr\u0101ze, kas tika transl\u0113ta radio 1940. gada 18. j\u016bnij\u0101, protams, ir: \u201cEs palik\u0161u sav\u0101 viet\u0101, j\u016bs palieciet sav\u0101s\u201d. V\u0113sturisk\u0101 kontekst\u0101 problem\u0101tiska un v\u0113l joproj\u0101m polemiska, t\u0101 \u0161odien vair\u0101k k\u0101 iepriek\u0161 ir pateic\u012bga iedz\u012bvin\u0101\u0161anai no jauna. M\u0113s skandin\u0101m un ri\u0146\u0137ojam ap \u0161iem v\u0101rdiem no sav\u0101m piespiedu vienatnes lok\u0101cij\u0101m R\u012bgas ietvaros. Viens\u0113tas, rado\u0161as vienpat\u012bbas un rosino\u0161a tuk\u0161uma kvalit\u0101t\u0113m pies\u0101tin\u0101ta, t\u0101 ir pils\u0113ta, kuru p\u0101rkl\u0101j dzi\u013ca un vietumis necaurredzama nostal\u0123ijas migla. K\u0101 v\u0113sturiska emocija \u0161is laikmeta simptoms tiek izdz\u012bvots, mums tagad ilgojoties p\u0113c t\u0101das pag\u0101tnes, t\u0101d\u0101m m\u0101j\u0101m (no m\u0101j\u0101m!), kas, vai nu vairs nepast\u0101v vai visp\u0101r nekad nav eksist\u0113jusi\/\u0161as.<\/p>\n<p>&nbsp;<\/p>\n<p>Kam\u0113r m\u0101kslas industrija, \u0161\u0137iet, ir vai nu <i>uzlikta<\/i> (sevi uzlikusi) uz pauzes, vai p\u0101rg\u0101jusi tie\u0161saist\u0113, m\u0113s turpin\u0101m vingrin\u0101t tren\u0113tos neskaidr\u012bbas, stabilit\u0101tes tr\u016bkuma un nedro\u0161\u012bbas musku\u013cus. Vienlaic\u012bgi ar programmas, dal\u012bbnieku un bud\u017eetu p\u0101rdom\u0101\u0161anu un p\u0101rcil\u0101\u0161anu, jaut\u0101jums par to, kur m\u0113s grib\u0113tu b\u016bt p\u0113c \u0161\u012bs kr\u012bzes pieredzes, piesaka sevi arvien uzst\u0101j\u012bg\u0101k un ska\u013c\u0101k. Kur atgriezties un vai visp\u0101r n\u0101kt atpaka\u013c? T\u0101 k\u0101 \u0161obr\u012bd vairs neesam t\u0101di, k\u0101di bij\u0101m, k\u0101di tad esam vai varam b\u016bt?<\/p>\n<p>&nbsp;<\/p>\n<p>C\u012bnoties ar (iedom\u0101tiem, \u0161\u0137ietamiem un pavisam \u012bstiem) d\u0113moniem, m\u0113s t\u012br\u0101m savu vidi \u2013 k\u0101 fizisko (Sporta iel\u0101 2), t\u0101 ar\u012b virtu\u0101lo (www.kim.lv). T\u0101pat cil\u0101jam arh\u012bvu, lai pavisam dr\u012bz pazi\u0146otu par aizraujo\u0161u sadarb\u012bb\u0101 b\u0101z\u0113tu projektu, un str\u0101d\u0101jam cit\u0101m n\u0101kotnes iecer\u0113m. Jau desmit gadus m\u016bsu v\u0113rt\u012bbas sak\u0146ojas sp\u0113j\u0101 rosin\u0101t sadarb\u012bbu starp un ar m\u0101ksliniekiem, kuratoriem, rakstniekiem un citiem izp\u0113tes proces\u0101 iesaist\u012btajiem, k\u0101 ar\u012b m\u016bsu regul\u0101riem atbalst\u012bt\u0101jiem. Liels paldies jums visiem par to!<\/p>\n<p>&nbsp;<\/p>\n<p>\u0160obr\u012bd vair\u0101k k\u0101 agr\u0101k (visnota\u013c b\u0113d\u012bgi taust\u0101m\u0101 v\u012brusa d\u0113\u013c) saprotam, cik \u013coti esam saist\u012bti vienot\u0101 pl\u016bsto\u0161i peldo\u0161\u0101 apmai\u0146\u0101. Varb\u016bt pie vainas las\u0101mviela, v\u0113rot\u0101s lekcijas un nerimsto\u0161\u0101s <i>zoom <\/i>tik\u0161an\u0101s, bet arvien vair\u0101k s\u0101kam sliekties kl\u0101t visp\u0101r\u0113jai domai, ka galvenais, uz ko \u0161\u012b bakt\u0113rija mums nor\u0101da, ir tas, ka m\u0113s neesam vieni. Laik\u0101, kuru raksturo l\u0113ni lieno\u0161a n\u0101kotnes anul\u0113\u0161ana, tas vienlaic\u012bgi nor\u0101da uz vair\u0101k filozofisku noj\u0113gu par to, ka cita veida pasaule ir iesp\u0113jama.<\/p>\n<p>&nbsp;<\/p>\n<p>Bet pagaid\u0101m un kam\u0113r tas v\u0113l nav noticis, dro\u0161i (ie)sl\u012bgstiet atpaka\u013c sav\u0101s s\u0113dviet\u0101s, jo m\u0113s <b>aicin\u0101m pievienoties un noklaus\u012bties m\u016bsu drauga Viktora Timofejeva 2016. gad\u0101 veidoto <i>noise<\/i> konceptalbumu <i>Palace of Piece Reconcilliation <\/i>(\u201cMiera un samierin\u0101\u0161an\u0101s (samierin\u0101\u0161anas?) pils\u201d).<\/b> \u010cetrus gadus gul\u0113jis k\u0101d\u0101 Bruklinas <i>loft\u0101<\/i> \u0145ujork\u0101 un nav bijis pieejams juridiskas c\u012b\u0146as d\u0113\u013c ar nam\u012bpa\u0161nieku, tas \u0161odien piedz\u012bvo savu jauno br\u012bv\u012bbu. Timofejevs atgriezies \u0161aj\u0101 audiovizu\u0101laj\u0101 pasaul\u0113 un izveidojis \u012bpa\u0161u <i>web<\/i> prezent\u0101ciju, ko pavada <i>Simon Kounovsky<\/i> veidots m\u016bzikas video. Lab\u0101kai akustiskai kvalit\u0101tei to iesak\u0101m klaus\u012bties un skat\u012bties no datora <b><a href=\"https:\/\/www.ofluxo.net\/viktor-timofeev-presents-palace-of-peace-and-reconciliation\/\" target=\"_blank\" rel=\"noopener\">\u0161eit.<\/a><\/b><\/p>\n<p>&nbsp;<\/p>\n<p>Par jaunu gaid\u0101mo br\u012bv\u012bbu!<\/p>\n<p>&nbsp;<\/p>\n<p>Cie\u0146\u0101<\/p>\n<p>Kim?<\/p>\n<p>&nbsp;<\/p>\n<p>&nbsp;<\/p>\n<p>&nbsp;<\/p>\n<p>Izmantojot izdev\u012bbu, v\u0113lamies atg\u0101din\u0101t, ka, iev\u0113rojot Latvijas Republikas Ministru kabineta r\u012bkojumu p\u0101r \u0101rk\u0101rtas situ\u0101cijas izsludin\u0101\u0161anu valst\u012b ar m\u0113r\u0137i ierobe\u017eot Covid-19 izplat\u012bbu, Kim? Laikmet\u012bg\u0101s m\u0101kslas centrs joproj\u0101m nav pieejams publiskai apskatei. Jaut\u0101jumu un cita veida intereses gad\u012bjum\u0101, priec\u0101simies sa\u0146emt j\u016bsu zi\u0146as uz kim@kim.lv.","protected":false},"excerpt":{"rendered":"<p>B\u0113d\u012bgi slaven\u0101 K\u0101r\u013ca Ulma\u0146a fr\u0101ze, kas tika transl\u0113ta radio 1940. gada 18. j\u016bnij\u0101, protams, ir: \u201cEs palik\u0161u sav\u0101 viet\u0101, j\u016bs palieciet sav\u0101s\u201d. V\u0113sturisk\u0101 kontekst\u0101 problem\u0101tiska un v\u0113l joproj\u0101m polemiska, t\u0101 \u0161odien vair\u0101k k\u0101 iepriek\u0161 ir pateic\u012bga iedz\u012bvin\u0101\u0161anai no jauna. M\u0113s skandin\u0101m un ri\u0146\u0137ojam ap \u0161iem v\u0101rdiem no sav\u0101m piespiedu vienatnes lok\u0101cij\u0101m R\u012bgas ietvaros. Viens\u0113tas, rado\u0161as [&hellip;]<\/p>\n","protected":false},"author":2,"featured_media":0,"comment_status":"open","ping_status":"open","sticky":false,"template":"","format":"standard","meta":{"inline_featured_image":false,"footnotes":""},"categories":[49,5,4],"tags":[],"class_list":["post-5531","post","type-post","status-publish","format-standard","hentry","category-2020-events","category-kim-events","category-kim-exhibitions"],"acf":[],"yoast_head":"<!-- This site is optimized with the Yoast SEO plugin v21.9 - https:\/\/yoast.com\/wordpress\/plugins\/seo\/ -->\n<title>Es palik\u0161u sav\u0101 (miera un samierin\u0101\u0161an\u0101s) pil\u012b, Tu paliec sav\u0113j\u0101  - Kim? Laikmet\u012bg\u0101s m\u0101kslas centrs<\/title>\n<meta name=\"robots\" content=\"index, follow, max-snippet:-1, max-image-preview:large, max-video-preview:-1\" \/>\n<link rel=\"canonical\" href=\"https:\/\/kim.lv\/will-stay-palace-peace-reconciliation-remain\/\" \/>\n<meta property=\"og:locale\" content=\"lv_LV\" \/>\n<meta property=\"og:type\" content=\"article\" \/>\n<meta property=\"og:title\" content=\"[:en]I will stay in my Palace (of Peace and Reconciliation), You remain in yours [:lv]Es palik\u0161u sav\u0101 (miera un samierin\u0101\u0161an\u0101s) pil\u012b, Tu paliec sav\u0113j\u0101 [:] - Kim? Laikmet\u012bg\u0101s m\u0101kslas centrs\" \/>\n<meta property=\"og:description\" content=\"B\u0113d\u012bgi slaven\u0101 K\u0101r\u013ca Ulma\u0146a fr\u0101ze, kas tika transl\u0113ta radio 1940. gada 18. j\u016bnij\u0101, protams, ir: \u201cEs palik\u0161u sav\u0101 viet\u0101, j\u016bs palieciet sav\u0101s\u201d. V\u0113sturisk\u0101 kontekst\u0101 problem\u0101tiska un v\u0113l joproj\u0101m polemiska, t\u0101 \u0161odien vair\u0101k k\u0101 iepriek\u0161 ir pateic\u012bga iedz\u012bvin\u0101\u0161anai no jauna. M\u0113s skandin\u0101m un ri\u0146\u0137ojam ap \u0161iem v\u0101rdiem no sav\u0101m piespiedu vienatnes lok\u0101cij\u0101m R\u012bgas ietvaros. Viens\u0113tas, rado\u0161as [&hellip;]\" \/>\n<meta property=\"og:url\" content=\"https:\/\/kim.lv\/will-stay-palace-peace-reconciliation-remain\/\" \/>\n<meta property=\"og:site_name\" content=\"Kim? Laikmet\u012bg\u0101s m\u0101kslas centrs\" \/>\n<meta property=\"article:published_time\" content=\"2020-04-14T06:33:04+00:00\" \/>\n<meta property=\"article:modified_time\" content=\"2026-04-16T13:59:09+00:00\" \/>\n<meta name=\"author\" content=\"Kim?\" \/>\n<meta name=\"twitter:card\" content=\"summary_large_image\" \/>\n<meta name=\"twitter:label1\" content=\"Written by\" \/>\n\t<meta name=\"twitter:data1\" content=\"Kim?\" \/>\n\t<meta name=\"twitter:label2\" content=\"Est. reading time\" \/>\n\t<meta name=\"twitter:data2\" content=\"5 minutes\" \/>\n<script type=\"application\/ld+json\" class=\"yoast-schema-graph\">{\"@context\":\"https:\/\/schema.org\",\"@graph\":[{\"@type\":\"WebPage\",\"@id\":\"https:\/\/kim.lv\/will-stay-palace-peace-reconciliation-remain\/\",\"url\":\"https:\/\/kim.lv\/will-stay-palace-peace-reconciliation-remain\/\",\"name\":\"[:en]I will stay in my Palace (of Peace and Reconciliation), You remain in yours [:lv]Es palik\u0161u sav\u0101 (miera un samierin\u0101\u0161an\u0101s) pil\u012b, Tu paliec sav\u0113j\u0101 [:] - Kim? Laikmet\u012bg\u0101s m\u0101kslas centrs\",\"isPartOf\":{\"@id\":\"https:\/\/kim.lv\/en\/#website\"},\"datePublished\":\"2020-04-14T06:33:04+00:00\",\"dateModified\":\"2026-04-16T13:59:09+00:00\",\"author\":{\"@id\":\"https:\/\/kim.lv\/en\/#\/schema\/person\/56f07ec6715af61b0d0ed9835c282330\"},\"breadcrumb\":{\"@id\":\"https:\/\/kim.lv\/will-stay-palace-peace-reconciliation-remain\/#breadcrumb\"},\"inLanguage\":\"lv-LV\",\"potentialAction\":[{\"@type\":\"ReadAction\",\"target\":[\"https:\/\/kim.lv\/will-stay-palace-peace-reconciliation-remain\/\"]}]},{\"@type\":\"BreadcrumbList\",\"@id\":\"https:\/\/kim.lv\/will-stay-palace-peace-reconciliation-remain\/#breadcrumb\",\"itemListElement\":[{\"@type\":\"ListItem\",\"position\":1,\"name\":\"Home\",\"item\":\"https:\/\/kim.lv\/\"},{\"@type\":\"ListItem\",\"position\":2,\"name\":\"I will stay in my Palace (of Peace and Reconciliation), You remain in yours\"}]},{\"@type\":\"WebSite\",\"@id\":\"https:\/\/kim.lv\/en\/#website\",\"url\":\"https:\/\/kim.lv\/en\/\",\"name\":\"Kim? Laikmet\u012bg\u0101s m\u0101kslas centrs\",\"description\":\"\",\"potentialAction\":[{\"@type\":\"SearchAction\",\"target\":{\"@type\":\"EntryPoint\",\"urlTemplate\":\"https:\/\/kim.lv\/en\/?s={search_term_string}\"},\"query-input\":\"required name=search_term_string\"}],\"inLanguage\":\"lv-LV\"},{\"@type\":\"Person\",\"@id\":\"https:\/\/kim.lv\/en\/#\/schema\/person\/56f07ec6715af61b0d0ed9835c282330\",\"name\":\"Kim?\",\"image\":{\"@type\":\"ImageObject\",\"inLanguage\":\"lv-LV\",\"@id\":\"https:\/\/kim.lv\/en\/#\/schema\/person\/image\/\",\"url\":\"https:\/\/secure.gravatar.com\/avatar\/95e223367867817ed896bcfb04f433d88d871bfbb4f33c528e26ce5c2786508f?s=96&d=mm&r=g\",\"contentUrl\":\"https:\/\/secure.gravatar.com\/avatar\/95e223367867817ed896bcfb04f433d88d871bfbb4f33c528e26ce5c2786508f?s=96&d=mm&r=g\",\"caption\":\"Kim?\"},\"url\":\"https:\/\/kim.lv\/lv\/author\/kim\/\"}]}<\/script>\n<!-- \/ Yoast SEO plugin. -->","yoast_head_json":{"title":"[:en]I will stay in my Palace (of Peace and Reconciliation), You remain in yours [:lv]Es palik\u0161u sav\u0101 (miera un samierin\u0101\u0161an\u0101s) pil\u012b, Tu paliec sav\u0113j\u0101 [:] - Kim? Laikmet\u012bg\u0101s m\u0101kslas centrs","robots":{"index":"index","follow":"follow","max-snippet":"max-snippet:-1","max-image-preview":"max-image-preview:large","max-video-preview":"max-video-preview:-1"},"canonical":"https:\/\/kim.lv\/will-stay-palace-peace-reconciliation-remain\/","og_locale":"lv_LV","og_type":"article","og_title":"[:en]I will stay in my Palace (of Peace and Reconciliation), You remain in yours [:lv]Es palik\u0161u sav\u0101 (miera un samierin\u0101\u0161an\u0101s) pil\u012b, Tu paliec sav\u0113j\u0101 [:] - Kim? Laikmet\u012bg\u0101s m\u0101kslas centrs","og_description":"B\u0113d\u012bgi slaven\u0101 K\u0101r\u013ca Ulma\u0146a fr\u0101ze, kas tika transl\u0113ta radio 1940. gada 18. j\u016bnij\u0101, protams, ir: \u201cEs palik\u0161u sav\u0101 viet\u0101, j\u016bs palieciet sav\u0101s\u201d. V\u0113sturisk\u0101 kontekst\u0101 problem\u0101tiska un v\u0113l joproj\u0101m polemiska, t\u0101 \u0161odien vair\u0101k k\u0101 iepriek\u0161 ir pateic\u012bga iedz\u012bvin\u0101\u0161anai no jauna. M\u0113s skandin\u0101m un ri\u0146\u0137ojam ap \u0161iem v\u0101rdiem no sav\u0101m piespiedu vienatnes lok\u0101cij\u0101m R\u012bgas ietvaros. Viens\u0113tas, rado\u0161as [&hellip;]","og_url":"https:\/\/kim.lv\/will-stay-palace-peace-reconciliation-remain\/","og_site_name":"Kim? Laikmet\u012bg\u0101s m\u0101kslas centrs","article_published_time":"2020-04-14T06:33:04+00:00","article_modified_time":"2026-04-16T13:59:09+00:00","author":"Kim?","twitter_card":"summary_large_image","twitter_misc":{"Written by":"Kim?","Est. reading time":"5 minutes"},"schema":{"@context":"https:\/\/schema.org","@graph":[{"@type":"WebPage","@id":"https:\/\/kim.lv\/will-stay-palace-peace-reconciliation-remain\/","url":"https:\/\/kim.lv\/will-stay-palace-peace-reconciliation-remain\/","name":"[:en]I will stay in my Palace (of Peace and Reconciliation), You remain in yours [:lv]Es palik\u0161u sav\u0101 (miera un samierin\u0101\u0161an\u0101s) pil\u012b, Tu paliec sav\u0113j\u0101 [:] - Kim? Laikmet\u012bg\u0101s m\u0101kslas centrs","isPartOf":{"@id":"https:\/\/kim.lv\/en\/#website"},"datePublished":"2020-04-14T06:33:04+00:00","dateModified":"2026-04-16T13:59:09+00:00","author":{"@id":"https:\/\/kim.lv\/en\/#\/schema\/person\/56f07ec6715af61b0d0ed9835c282330"},"breadcrumb":{"@id":"https:\/\/kim.lv\/will-stay-palace-peace-reconciliation-remain\/#breadcrumb"},"inLanguage":"lv-LV","potentialAction":[{"@type":"ReadAction","target":["https:\/\/kim.lv\/will-stay-palace-peace-reconciliation-remain\/"]}]},{"@type":"BreadcrumbList","@id":"https:\/\/kim.lv\/will-stay-palace-peace-reconciliation-remain\/#breadcrumb","itemListElement":[{"@type":"ListItem","position":1,"name":"Home","item":"https:\/\/kim.lv\/"},{"@type":"ListItem","position":2,"name":"I will stay in my Palace (of Peace and Reconciliation), You remain in yours"}]},{"@type":"WebSite","@id":"https:\/\/kim.lv\/en\/#website","url":"https:\/\/kim.lv\/en\/","name":"Kim? Laikmet\u012bg\u0101s m\u0101kslas centrs","description":"","potentialAction":[{"@type":"SearchAction","target":{"@type":"EntryPoint","urlTemplate":"https:\/\/kim.lv\/en\/?s={search_term_string}"},"query-input":"required name=search_term_string"}],"inLanguage":"lv-LV"},{"@type":"Person","@id":"https:\/\/kim.lv\/en\/#\/schema\/person\/56f07ec6715af61b0d0ed9835c282330","name":"Kim?","image":{"@type":"ImageObject","inLanguage":"lv-LV","@id":"https:\/\/kim.lv\/en\/#\/schema\/person\/image\/","url":"https:\/\/secure.gravatar.com\/avatar\/95e223367867817ed896bcfb04f433d88d871bfbb4f33c528e26ce5c2786508f?s=96&d=mm&r=g","contentUrl":"https:\/\/secure.gravatar.com\/avatar\/95e223367867817ed896bcfb04f433d88d871bfbb4f33c528e26ce5c2786508f?s=96&d=mm&r=g","caption":"Kim?"},"url":"https:\/\/kim.lv\/lv\/author\/kim\/"}]}},"_links":{"self":[{"href":"https:\/\/kim.lv\/lv\/wp-json\/wp\/v2\/posts\/5531","targetHints":{"allow":["GET"]}}],"collection":[{"href":"https:\/\/kim.lv\/lv\/wp-json\/wp\/v2\/posts"}],"about":[{"href":"https:\/\/kim.lv\/lv\/wp-json\/wp\/v2\/types\/post"}],"author":[{"embeddable":true,"href":"https:\/\/kim.lv\/lv\/wp-json\/wp\/v2\/users\/2"}],"replies":[{"embeddable":true,"href":"https:\/\/kim.lv\/lv\/wp-json\/wp\/v2\/comments?post=5531"}],"version-history":[{"count":4,"href":"https:\/\/kim.lv\/lv\/wp-json\/wp\/v2\/posts\/5531\/revisions"}],"predecessor-version":[{"id":9370,"href":"https:\/\/kim.lv\/lv\/wp-json\/wp\/v2\/posts\/5531\/revisions\/9370"}],"wp:attachment":[{"href":"https:\/\/kim.lv\/lv\/wp-json\/wp\/v2\/media?parent=5531"}],"wp:term":[{"taxonomy":"category","embeddable":true,"href":"https:\/\/kim.lv\/lv\/wp-json\/wp\/v2\/categories?post=5531"},{"taxonomy":"post_tag","embeddable":true,"href":"https:\/\/kim.lv\/lv\/wp-json\/wp\/v2\/tags?post=5531"}],"curies":[{"name":"wp","href":"https:\/\/api.w.org\/{rel}","templated":true}]}}