{"id":5877,"date":"2020-08-05T12:12:09","date_gmt":"2020-08-05T09:12:09","guid":{"rendered":"http:\/\/kim.lv\/?p=5877"},"modified":"2026-04-16T16:58:04","modified_gmt":"2026-04-16T13:58:04","slug":"vasaras-sveiciens-no-kim-kulis","status":"publish","type":"post","link":"https:\/\/kim.lv\/lv\/vasaras-sveiciens-no-kim-kulis\/","title":{"rendered":"Filips P\u012blekers: Vasaras sveiciens (K\u016blis)"},"content":{"rendered":"Att\u0113l\u0101: &#8220;Bez nosaukuma (K\u016blis)&#8221;, p\u0113c pas\u016btijuma griezta kart\u012bte, 500 gab. tir\u0101\u017ea. Filips P\u012blekers, 2020.<\/p>\n<p>&nbsp;<\/p>\n<p>&nbsp;<\/p>\n<p>\u0160aj\u0101 klusaj\u0101 vasaras sezon\u0101 Filips P\u012blekers (<i>Philip Pilekj\u00e6r<\/i>) ir jaunrad\u012bjis darbu Kim? Laikmet\u012bg\u0101s m\u0101kslas centram apsveikuma kart\u012btes form\u0101, ko ierasti instit\u016bcijas un uz\u0146\u0113mumi m\u0113dz nos\u016bt\u012bt pa pastu saviem klientiem un biznesa partneriem.<\/p>\n<p>&nbsp;<\/p>\n<p>Vasaras sveicien\u0101 ietverts \u0161\u0137ietami laipns v\u0113st\u012bjums, v\u0113lot t\u0101s sa\u0146\u0113m\u0113jam priec\u012bgu vasaru, kas rot\u0101ts ar melnbaltu fotogr\u0101fiju, kur\u0101 att\u0113lots sausas z\u0101les k\u016blis, kas reiz kl\u012bdis pa Kalifornijas Mohaves tuksne\u0161a l\u012bdzenumiem.<\/p>\n<p>&nbsp;<\/p>\n<p>Turkl\u0101t apsveikuma kart\u012btei ir izveidota ieloce, kas to \u013cauj saloc\u012bt br\u012bvi st\u0101vo\u0161\u0101 skulpt\u016br\u0101, kas gatava izst\u0101d\u012b\u0161anai, t\u0101d\u0113j\u0101di darbs tie\u0161\u0101 veid\u0101 izmanto instit\u016bcijas partneru un apmekl\u0113t\u0101ju t\u012bklu k\u0101 vietu izst\u0101dei.<\/p>\n<p>&nbsp;<\/p>\n<p>Kart\u012bte ir druk\u0101ta 500 gab. tir\u0101\u017e\u0101 un vasaras laik\u0101 tiek izs\u016bt\u012bta caur pastu.<\/p>\n<p>&nbsp;<\/p>\n<p><u>Filips P\u012blekers<\/u> (dz. 1988. gad\u0101) ir m\u0101kslinieks un \u017eurn\u0101la PROVENCE redaktors. Vi\u0146a darbi ir tiku\u0161i izst\u0101d\u012bti \u201dChristian Andersen\u201d (Kopenh\u0101gena), \u201dThe Downer\u201d (Berl\u012bne), \u201dForgo\u201d (Berl\u012bne), \u201dLongtang\u201d (C\u012brihe), \u201dSilberkuppe\u201d (Berl\u012bne), \u201dAmado Arts Center\u201d (Seula), \u201dKunsthal Charlottenborg\u201d (Kopenh\u0101gena), 9. Berl\u012bnes Bienn\u0101l\u0113 (Berl\u012bne), \u201dParental Guidance\u201d (\u0145ujorka) u.c..<\/p>\n<p>&nbsp;<\/p>\n<p>Atbalst\u012bt\u0101ji: Latvijas Republikas Kult\u016bras ministrija, Valsts kult\u016brkapit\u0101la fonds, R\u012bgas dome","protected":false},"excerpt":{"rendered":"<p>Att\u0113l\u0101: &#8220;Bez nosaukuma (K\u016blis)&#8221;, p\u0113c pas\u016btijuma griezta kart\u012bte, 500 gab. tir\u0101\u017ea. Filips P\u012blekers, 2020. &nbsp; &nbsp; \u0160aj\u0101 klusaj\u0101 vasaras sezon\u0101 Filips P\u012blekers (Philip Pilekj\u00e6r) ir jaunrad\u012bjis darbu Kim? Laikmet\u012bg\u0101s m\u0101kslas centram apsveikuma kart\u012btes form\u0101, ko ierasti instit\u016bcijas un uz\u0146\u0113mumi m\u0113dz nos\u016bt\u012bt pa pastu saviem klientiem un biznesa partneriem. &nbsp; Vasaras sveicien\u0101 ietverts \u0161\u0137ietami laipns v\u0113st\u012bjums, [&hellip;]<\/p>\n","protected":false},"author":2,"featured_media":0,"comment_status":"open","ping_status":"open","sticky":false,"template":"","format":"standard","meta":{"inline_featured_image":false,"footnotes":""},"categories":[49,5],"tags":[],"class_list":["post-5877","post","type-post","status-publish","format-standard","hentry","category-2020-events","category-kim-events"],"acf":[],"yoast_head":"<!-- This site is optimized with the Yoast SEO plugin v21.9 - https:\/\/yoast.com\/wordpress\/plugins\/seo\/ -->\n<title>Filips P\u012blekers: Vasaras sveiciens (K\u016blis) - Kim? Laikmet\u012bg\u0101s m\u0101kslas centrs<\/title>\n<meta name=\"robots\" content=\"index, follow, max-snippet:-1, max-image-preview:large, max-video-preview:-1\" \/>\n<link rel=\"canonical\" href=\"https:\/\/kim.lv\/vasaras-sveiciens-no-kim-kulis\/\" \/>\n<meta property=\"og:locale\" content=\"lv_LV\" \/>\n<meta property=\"og:type\" content=\"article\" \/>\n<meta property=\"og:title\" content=\"[:en]Philip Pilekj\u00e6r for Kim?[:lv]Filips P\u012blekers: Vasaras sveiciens (K\u016blis)[:] - Kim? Laikmet\u012bg\u0101s m\u0101kslas centrs\" \/>\n<meta property=\"og:description\" content=\"Att\u0113l\u0101: &#8220;Bez nosaukuma (K\u016blis)&#8221;, p\u0113c pas\u016btijuma griezta kart\u012bte, 500 gab. tir\u0101\u017ea. Filips P\u012blekers, 2020. &nbsp; &nbsp; \u0160aj\u0101 klusaj\u0101 vasaras sezon\u0101 Filips P\u012blekers (Philip Pilekj\u00e6r) ir jaunrad\u012bjis darbu Kim? Laikmet\u012bg\u0101s m\u0101kslas centram apsveikuma kart\u012btes form\u0101, ko ierasti instit\u016bcijas un uz\u0146\u0113mumi m\u0113dz nos\u016bt\u012bt pa pastu saviem klientiem un biznesa partneriem. &nbsp; Vasaras sveicien\u0101 ietverts \u0161\u0137ietami laipns v\u0113st\u012bjums, [&hellip;]\" \/>\n<meta property=\"og:url\" content=\"https:\/\/kim.lv\/vasaras-sveiciens-no-kim-kulis\/\" \/>\n<meta property=\"og:site_name\" content=\"Kim? Laikmet\u012bg\u0101s m\u0101kslas centrs\" \/>\n<meta property=\"article:published_time\" content=\"2020-08-05T09:12:09+00:00\" \/>\n<meta property=\"article:modified_time\" content=\"2026-04-16T13:58:04+00:00\" \/>\n<meta name=\"author\" content=\"Kim?\" \/>\n<meta name=\"twitter:card\" content=\"summary_large_image\" \/>\n<meta name=\"twitter:label1\" content=\"Written by\" \/>\n\t<meta name=\"twitter:data1\" content=\"Kim?\" \/>\n\t<meta name=\"twitter:label2\" content=\"Est. reading time\" \/>\n\t<meta name=\"twitter:data2\" content=\"2 minutes\" \/>\n<script type=\"application\/ld+json\" class=\"yoast-schema-graph\">{\"@context\":\"https:\/\/schema.org\",\"@graph\":[{\"@type\":\"WebPage\",\"@id\":\"https:\/\/kim.lv\/vasaras-sveiciens-no-kim-kulis\/\",\"url\":\"https:\/\/kim.lv\/vasaras-sveiciens-no-kim-kulis\/\",\"name\":\"[:en]Philip Pilekj\u00e6r for Kim?[:lv]Filips P\u012blekers: Vasaras sveiciens (K\u016blis)[:] - Kim? Laikmet\u012bg\u0101s m\u0101kslas centrs\",\"isPartOf\":{\"@id\":\"https:\/\/kim.lv\/en\/#website\"},\"datePublished\":\"2020-08-05T09:12:09+00:00\",\"dateModified\":\"2026-04-16T13:58:04+00:00\",\"author\":{\"@id\":\"https:\/\/kim.lv\/en\/#\/schema\/person\/56f07ec6715af61b0d0ed9835c282330\"},\"breadcrumb\":{\"@id\":\"https:\/\/kim.lv\/vasaras-sveiciens-no-kim-kulis\/#breadcrumb\"},\"inLanguage\":\"lv-LV\",\"potentialAction\":[{\"@type\":\"ReadAction\",\"target\":[\"https:\/\/kim.lv\/vasaras-sveiciens-no-kim-kulis\/\"]}]},{\"@type\":\"BreadcrumbList\",\"@id\":\"https:\/\/kim.lv\/vasaras-sveiciens-no-kim-kulis\/#breadcrumb\",\"itemListElement\":[{\"@type\":\"ListItem\",\"position\":1,\"name\":\"Home\",\"item\":\"https:\/\/kim.lv\/\"},{\"@type\":\"ListItem\",\"position\":2,\"name\":\"Philip Pilekj\u00e6r for Kim?\"}]},{\"@type\":\"WebSite\",\"@id\":\"https:\/\/kim.lv\/en\/#website\",\"url\":\"https:\/\/kim.lv\/en\/\",\"name\":\"Kim? Laikmet\u012bg\u0101s m\u0101kslas centrs\",\"description\":\"\",\"potentialAction\":[{\"@type\":\"SearchAction\",\"target\":{\"@type\":\"EntryPoint\",\"urlTemplate\":\"https:\/\/kim.lv\/en\/?s={search_term_string}\"},\"query-input\":\"required name=search_term_string\"}],\"inLanguage\":\"lv-LV\"},{\"@type\":\"Person\",\"@id\":\"https:\/\/kim.lv\/en\/#\/schema\/person\/56f07ec6715af61b0d0ed9835c282330\",\"name\":\"Kim?\",\"image\":{\"@type\":\"ImageObject\",\"inLanguage\":\"lv-LV\",\"@id\":\"https:\/\/kim.lv\/en\/#\/schema\/person\/image\/\",\"url\":\"https:\/\/secure.gravatar.com\/avatar\/95e223367867817ed896bcfb04f433d88d871bfbb4f33c528e26ce5c2786508f?s=96&d=mm&r=g\",\"contentUrl\":\"https:\/\/secure.gravatar.com\/avatar\/95e223367867817ed896bcfb04f433d88d871bfbb4f33c528e26ce5c2786508f?s=96&d=mm&r=g\",\"caption\":\"Kim?\"},\"url\":\"https:\/\/kim.lv\/lv\/author\/kim\/\"}]}<\/script>\n<!-- \/ Yoast SEO plugin. -->","yoast_head_json":{"title":"[:en]Philip Pilekj\u00e6r for Kim?[:lv]Filips P\u012blekers: Vasaras sveiciens (K\u016blis)[:] - Kim? Laikmet\u012bg\u0101s m\u0101kslas centrs","robots":{"index":"index","follow":"follow","max-snippet":"max-snippet:-1","max-image-preview":"max-image-preview:large","max-video-preview":"max-video-preview:-1"},"canonical":"https:\/\/kim.lv\/vasaras-sveiciens-no-kim-kulis\/","og_locale":"lv_LV","og_type":"article","og_title":"[:en]Philip Pilekj\u00e6r for Kim?[:lv]Filips P\u012blekers: Vasaras sveiciens (K\u016blis)[:] - Kim? Laikmet\u012bg\u0101s m\u0101kslas centrs","og_description":"Att\u0113l\u0101: &#8220;Bez nosaukuma (K\u016blis)&#8221;, p\u0113c pas\u016btijuma griezta kart\u012bte, 500 gab. tir\u0101\u017ea. Filips P\u012blekers, 2020. &nbsp; &nbsp; \u0160aj\u0101 klusaj\u0101 vasaras sezon\u0101 Filips P\u012blekers (Philip Pilekj\u00e6r) ir jaunrad\u012bjis darbu Kim? Laikmet\u012bg\u0101s m\u0101kslas centram apsveikuma kart\u012btes form\u0101, ko ierasti instit\u016bcijas un uz\u0146\u0113mumi m\u0113dz nos\u016bt\u012bt pa pastu saviem klientiem un biznesa partneriem. &nbsp; Vasaras sveicien\u0101 ietverts \u0161\u0137ietami laipns v\u0113st\u012bjums, [&hellip;]","og_url":"https:\/\/kim.lv\/vasaras-sveiciens-no-kim-kulis\/","og_site_name":"Kim? Laikmet\u012bg\u0101s m\u0101kslas centrs","article_published_time":"2020-08-05T09:12:09+00:00","article_modified_time":"2026-04-16T13:58:04+00:00","author":"Kim?","twitter_card":"summary_large_image","twitter_misc":{"Written by":"Kim?","Est. reading time":"2 minutes"},"schema":{"@context":"https:\/\/schema.org","@graph":[{"@type":"WebPage","@id":"https:\/\/kim.lv\/vasaras-sveiciens-no-kim-kulis\/","url":"https:\/\/kim.lv\/vasaras-sveiciens-no-kim-kulis\/","name":"[:en]Philip Pilekj\u00e6r for Kim?[:lv]Filips P\u012blekers: Vasaras sveiciens (K\u016blis)[:] - Kim? Laikmet\u012bg\u0101s m\u0101kslas centrs","isPartOf":{"@id":"https:\/\/kim.lv\/en\/#website"},"datePublished":"2020-08-05T09:12:09+00:00","dateModified":"2026-04-16T13:58:04+00:00","author":{"@id":"https:\/\/kim.lv\/en\/#\/schema\/person\/56f07ec6715af61b0d0ed9835c282330"},"breadcrumb":{"@id":"https:\/\/kim.lv\/vasaras-sveiciens-no-kim-kulis\/#breadcrumb"},"inLanguage":"lv-LV","potentialAction":[{"@type":"ReadAction","target":["https:\/\/kim.lv\/vasaras-sveiciens-no-kim-kulis\/"]}]},{"@type":"BreadcrumbList","@id":"https:\/\/kim.lv\/vasaras-sveiciens-no-kim-kulis\/#breadcrumb","itemListElement":[{"@type":"ListItem","position":1,"name":"Home","item":"https:\/\/kim.lv\/"},{"@type":"ListItem","position":2,"name":"Philip Pilekj\u00e6r for Kim?"}]},{"@type":"WebSite","@id":"https:\/\/kim.lv\/en\/#website","url":"https:\/\/kim.lv\/en\/","name":"Kim? Laikmet\u012bg\u0101s m\u0101kslas centrs","description":"","potentialAction":[{"@type":"SearchAction","target":{"@type":"EntryPoint","urlTemplate":"https:\/\/kim.lv\/en\/?s={search_term_string}"},"query-input":"required name=search_term_string"}],"inLanguage":"lv-LV"},{"@type":"Person","@id":"https:\/\/kim.lv\/en\/#\/schema\/person\/56f07ec6715af61b0d0ed9835c282330","name":"Kim?","image":{"@type":"ImageObject","inLanguage":"lv-LV","@id":"https:\/\/kim.lv\/en\/#\/schema\/person\/image\/","url":"https:\/\/secure.gravatar.com\/avatar\/95e223367867817ed896bcfb04f433d88d871bfbb4f33c528e26ce5c2786508f?s=96&d=mm&r=g","contentUrl":"https:\/\/secure.gravatar.com\/avatar\/95e223367867817ed896bcfb04f433d88d871bfbb4f33c528e26ce5c2786508f?s=96&d=mm&r=g","caption":"Kim?"},"url":"https:\/\/kim.lv\/lv\/author\/kim\/"}]}},"_links":{"self":[{"href":"https:\/\/kim.lv\/lv\/wp-json\/wp\/v2\/posts\/5877","targetHints":{"allow":["GET"]}}],"collection":[{"href":"https:\/\/kim.lv\/lv\/wp-json\/wp\/v2\/posts"}],"about":[{"href":"https:\/\/kim.lv\/lv\/wp-json\/wp\/v2\/types\/post"}],"author":[{"embeddable":true,"href":"https:\/\/kim.lv\/lv\/wp-json\/wp\/v2\/users\/2"}],"replies":[{"embeddable":true,"href":"https:\/\/kim.lv\/lv\/wp-json\/wp\/v2\/comments?post=5877"}],"version-history":[{"count":9,"href":"https:\/\/kim.lv\/lv\/wp-json\/wp\/v2\/posts\/5877\/revisions"}],"predecessor-version":[{"id":9366,"href":"https:\/\/kim.lv\/lv\/wp-json\/wp\/v2\/posts\/5877\/revisions\/9366"}],"wp:attachment":[{"href":"https:\/\/kim.lv\/lv\/wp-json\/wp\/v2\/media?parent=5877"}],"wp:term":[{"taxonomy":"category","embeddable":true,"href":"https:\/\/kim.lv\/lv\/wp-json\/wp\/v2\/categories?post=5877"},{"taxonomy":"post_tag","embeddable":true,"href":"https:\/\/kim.lv\/lv\/wp-json\/wp\/v2\/tags?post=5877"}],"curies":[{"name":"wp","href":"https:\/\/api.w.org\/{rel}","templated":true}]}}