{"id":6055,"date":"2020-11-30T13:30:53","date_gmt":"2020-11-30T11:30:53","guid":{"rendered":"http:\/\/kim.lv\/?p=6055"},"modified":"2020-11-30T17:44:02","modified_gmt":"2020-11-30T15:44:02","slug":"grupas-izstade-black-market","status":"publish","type":"post","link":"https:\/\/kim.lv\/lv\/grupas-izstade-black-market\/","title":{"rendered":"Grupas izst\u0101de &#8220;Black Market&#8221;"},"content":{"rendered":"&nbsp;<\/p>\n<p><b>Grupas izst\u0101de\u00a0<i>Black Market<\/i><\/b><\/p>\n<p>&nbsp;<\/p>\n<p>Kim? Laikmet\u012bg\u0101s m\u0101kslas centrs, R\u012bga<\/p>\n<p>1. decembris, 2020 \u2013 31. janv\u0101ris, 2021<\/p>\n<p>Atkl\u0101\u0161anas diena: otrdien, 1. decembr\u012b plkst. 12.00-20.00<\/p>\n<p>&nbsp;<\/p>\n<p><b>M\u0101kslinieki:\u00a0<\/b>Indri\u0137is \u0122elzis, Kaspars Gro\u0161evs, Inga Meldere, Darja Me\u013c\u0146ikova, Elza S\u012ble, Viktors Timofejevs, Amanda Ziemele, Ieva Kraule-K\u016bna un El\u012bna V\u012btola.<\/p>\n<p>&nbsp;<\/p>\n<p>&nbsp;<\/p>\n<p><i>Black Market<\/i>\u00a0jeb \u201dMelnais tirgus\u201d ir m\u0101kslas tirgo\u0161anas sadarb\u012bbas pas\u0101kums-izst\u0101de (kop\u0101 ar galeriju 427 un galeriju Low), kas norisin\u0101s Kim?, R\u012bg\u0101. T\u0101 nosaukumu aizg\u016bstot no 1990. gadu postpadomju realit\u0101tes ar slepeniem tirgiem vis\u0101 Baltij\u0101, \u0161is improviz\u0113tais m\u0101kslas gadatirgus\/meses stends pie\u0146em R\u012bgas m\u0101kslas tirgus sc\u0113nas\u00a0<i>pab\u0113rna<\/i>\u00a0statusu, m\u0113\u0123inot p\u0101rvar\u0113t t\u0101s l\u0101stu, ka nekad nav bijis \u012bsti likum\u012bgs vai finansi\u0101li dz\u012bvotsp\u0113j\u012bgs.<br \/>\n<i>Black Market<\/i>\u00a0tiks atv\u0113rts 1. decembr\u012b un norisin\u0101sies divu m\u0113ne\u0161u garum\u0101 (l\u012bdz 2021. gada 31. janv\u0101rim). Taj\u0101 tiks tiek\u013cauti R\u012bg\u0101 dz\u012bvojo\u0161o vai ar R\u012bgu saist\u012bto m\u0101kslinieku p\u0113d\u0113jo gadu laik\u0101 tapu\u0161ie darbi un darbu s\u0113rijas. Visi p\u0101rdo\u0161anas apjomi tiks sadal\u012bti vien\u0101di starp galeriju un m\u0101ksliniekiem.<\/p>\n<p>&nbsp;<\/p>\n<p>&nbsp;<\/p>\n<p>Paral\u0113li grupas izst\u0101dei\u00a0<i>Black Market<\/i>, norisin\u0101s dal\u012bba\u00a0<i>NADA Miam<\/i><em>i\u00a02020<\/em> sadarb\u012bb\u0101 ar\u00a0427 un Low no 1. decembra l\u012bdz 5. decembrim kl\u0101tien\u0113 un tie\u0161saist\u0113.<\/p>\n<p>&nbsp;<\/p>\n<p>Vair\u0101k inform\u0101cijas:\u00a0<a href=\"https:\/\/www.newartdealers.org\/\">www.newartdealers.org<\/a>","protected":false},"excerpt":{"rendered":"<p>&nbsp; Grupas izst\u0101de\u00a0Black Market &nbsp; Kim? Laikmet\u012bg\u0101s m\u0101kslas centrs, R\u012bga 1. decembris, 2020 \u2013 31. janv\u0101ris, 2021 Atkl\u0101\u0161anas diena: otrdien, 1. decembr\u012b plkst. 12.00-20.00 &nbsp; M\u0101kslinieki:\u00a0Indri\u0137is \u0122elzis, Kaspars Gro\u0161evs, Inga Meldere, Darja Me\u013c\u0146ikova, Elza S\u012ble, Viktors Timofejevs, Amanda Ziemele, Ieva Kraule-K\u016bna un El\u012bna V\u012btola. &nbsp; &nbsp; Black Market\u00a0jeb \u201dMelnais tirgus\u201d ir m\u0101kslas tirgo\u0161anas sadarb\u012bbas pas\u0101kums-izst\u0101de [&hellip;]<\/p>\n","protected":false},"author":2,"featured_media":0,"comment_status":"open","ping_status":"open","sticky":false,"template":"","format":"standard","meta":{"inline_featured_image":false,"footnotes":""},"categories":[4,1],"tags":[],"class_list":["post-6055","post","type-post","status-publish","format-standard","hentry","category-kim-exhibitions","category-uncategorized"],"acf":[],"yoast_head":"<!-- This site is optimized with the Yoast SEO plugin v21.9 - https:\/\/yoast.com\/wordpress\/plugins\/seo\/ -->\n<title>Grupas izst\u0101de &quot;Black Market&quot; - Kim? Laikmet\u012bg\u0101s m\u0101kslas centrs<\/title>\n<meta name=\"robots\" content=\"index, follow, max-snippet:-1, max-image-preview:large, max-video-preview:-1\" \/>\n<link rel=\"canonical\" href=\"https:\/\/kim.lv\/en\/grupas-izstade-black-market\/\" \/>\n<meta property=\"og:locale\" content=\"lv_LV\" \/>\n<meta property=\"og:type\" content=\"article\" \/>\n<meta property=\"og:title\" content=\"[:en]Group exhibition &quot;Black Market&quot;[:lv]Grupas izst\u0101de &quot;Black Market&quot;[:] - Kim? Laikmet\u012bg\u0101s m\u0101kslas centrs\" \/>\n<meta property=\"og:description\" content=\"&nbsp; Grupas izst\u0101de\u00a0Black Market &nbsp; Kim? Laikmet\u012bg\u0101s m\u0101kslas centrs, R\u012bga 1. decembris, 2020 \u2013 31. janv\u0101ris, 2021 Atkl\u0101\u0161anas diena: otrdien, 1. decembr\u012b plkst. 12.00-20.00 &nbsp; M\u0101kslinieki:\u00a0Indri\u0137is \u0122elzis, Kaspars Gro\u0161evs, Inga Meldere, Darja Me\u013c\u0146ikova, Elza S\u012ble, Viktors Timofejevs, Amanda Ziemele, Ieva Kraule-K\u016bna un El\u012bna V\u012btola. &nbsp; &nbsp; Black Market\u00a0jeb \u201dMelnais tirgus\u201d ir m\u0101kslas tirgo\u0161anas sadarb\u012bbas pas\u0101kums-izst\u0101de [&hellip;]\" \/>\n<meta property=\"og:url\" content=\"https:\/\/kim.lv\/en\/grupas-izstade-black-market\/\" \/>\n<meta property=\"og:site_name\" content=\"Kim? Laikmet\u012bg\u0101s m\u0101kslas centrs\" \/>\n<meta property=\"article:published_time\" content=\"2020-11-30T11:30:53+00:00\" \/>\n<meta property=\"article:modified_time\" content=\"2020-11-30T15:44:02+00:00\" \/>\n<meta name=\"author\" content=\"Kim?\" \/>\n<meta name=\"twitter:card\" content=\"summary_large_image\" \/>\n<meta name=\"twitter:label1\" content=\"Written by\" \/>\n\t<meta name=\"twitter:data1\" content=\"Kim?\" \/>\n\t<meta name=\"twitter:label2\" content=\"Est. reading time\" \/>\n\t<meta name=\"twitter:data2\" content=\"2 minutes\" \/>\n<script type=\"application\/ld+json\" class=\"yoast-schema-graph\">{\"@context\":\"https:\/\/schema.org\",\"@graph\":[{\"@type\":\"WebPage\",\"@id\":\"https:\/\/kim.lv\/en\/grupas-izstade-black-market\/\",\"url\":\"https:\/\/kim.lv\/en\/grupas-izstade-black-market\/\",\"name\":\"[:en]Group exhibition \\\"Black Market\\\"[:lv]Grupas izst\u0101de \\\"Black Market\\\"[:] - Kim? Laikmet\u012bg\u0101s m\u0101kslas centrs\",\"isPartOf\":{\"@id\":\"https:\/\/kim.lv\/en\/#website\"},\"datePublished\":\"2020-11-30T11:30:53+00:00\",\"dateModified\":\"2020-11-30T15:44:02+00:00\",\"author\":{\"@id\":\"https:\/\/kim.lv\/en\/#\/schema\/person\/56f07ec6715af61b0d0ed9835c282330\"},\"breadcrumb\":{\"@id\":\"https:\/\/kim.lv\/en\/grupas-izstade-black-market\/#breadcrumb\"},\"inLanguage\":\"lv-LV\",\"potentialAction\":[{\"@type\":\"ReadAction\",\"target\":[\"https:\/\/kim.lv\/en\/grupas-izstade-black-market\/\"]}]},{\"@type\":\"BreadcrumbList\",\"@id\":\"https:\/\/kim.lv\/en\/grupas-izstade-black-market\/#breadcrumb\",\"itemListElement\":[{\"@type\":\"ListItem\",\"position\":1,\"name\":\"Home\",\"item\":\"https:\/\/kim.lv\/\"},{\"@type\":\"ListItem\",\"position\":2,\"name\":\"Group exhibition &#8220;Black Market&#8221;\"}]},{\"@type\":\"WebSite\",\"@id\":\"https:\/\/kim.lv\/en\/#website\",\"url\":\"https:\/\/kim.lv\/en\/\",\"name\":\"Kim? Laikmet\u012bg\u0101s m\u0101kslas centrs\",\"description\":\"\",\"potentialAction\":[{\"@type\":\"SearchAction\",\"target\":{\"@type\":\"EntryPoint\",\"urlTemplate\":\"https:\/\/kim.lv\/en\/?s={search_term_string}\"},\"query-input\":\"required name=search_term_string\"}],\"inLanguage\":\"lv-LV\"},{\"@type\":\"Person\",\"@id\":\"https:\/\/kim.lv\/en\/#\/schema\/person\/56f07ec6715af61b0d0ed9835c282330\",\"name\":\"Kim?\",\"image\":{\"@type\":\"ImageObject\",\"inLanguage\":\"lv-LV\",\"@id\":\"https:\/\/kim.lv\/en\/#\/schema\/person\/image\/\",\"url\":\"https:\/\/secure.gravatar.com\/avatar\/95e223367867817ed896bcfb04f433d88d871bfbb4f33c528e26ce5c2786508f?s=96&d=mm&r=g\",\"contentUrl\":\"https:\/\/secure.gravatar.com\/avatar\/95e223367867817ed896bcfb04f433d88d871bfbb4f33c528e26ce5c2786508f?s=96&d=mm&r=g\",\"caption\":\"Kim?\"},\"url\":\"https:\/\/kim.lv\/lv\/author\/kim\/\"}]}<\/script>\n<!-- \/ Yoast SEO plugin. -->","yoast_head_json":{"title":"[:en]Group exhibition \"Black Market\"[:lv]Grupas izst\u0101de \"Black Market\"[:] - Kim? Laikmet\u012bg\u0101s m\u0101kslas centrs","robots":{"index":"index","follow":"follow","max-snippet":"max-snippet:-1","max-image-preview":"max-image-preview:large","max-video-preview":"max-video-preview:-1"},"canonical":"https:\/\/kim.lv\/en\/grupas-izstade-black-market\/","og_locale":"lv_LV","og_type":"article","og_title":"[:en]Group exhibition \"Black Market\"[:lv]Grupas izst\u0101de \"Black Market\"[:] - Kim? Laikmet\u012bg\u0101s m\u0101kslas centrs","og_description":"&nbsp; Grupas izst\u0101de\u00a0Black Market &nbsp; Kim? Laikmet\u012bg\u0101s m\u0101kslas centrs, R\u012bga 1. decembris, 2020 \u2013 31. janv\u0101ris, 2021 Atkl\u0101\u0161anas diena: otrdien, 1. decembr\u012b plkst. 12.00-20.00 &nbsp; M\u0101kslinieki:\u00a0Indri\u0137is \u0122elzis, Kaspars Gro\u0161evs, Inga Meldere, Darja Me\u013c\u0146ikova, Elza S\u012ble, Viktors Timofejevs, Amanda Ziemele, Ieva Kraule-K\u016bna un El\u012bna V\u012btola. &nbsp; &nbsp; Black Market\u00a0jeb \u201dMelnais tirgus\u201d ir m\u0101kslas tirgo\u0161anas sadarb\u012bbas pas\u0101kums-izst\u0101de [&hellip;]","og_url":"https:\/\/kim.lv\/en\/grupas-izstade-black-market\/","og_site_name":"Kim? Laikmet\u012bg\u0101s m\u0101kslas centrs","article_published_time":"2020-11-30T11:30:53+00:00","article_modified_time":"2020-11-30T15:44:02+00:00","author":"Kim?","twitter_card":"summary_large_image","twitter_misc":{"Written by":"Kim?","Est. reading time":"2 minutes"},"schema":{"@context":"https:\/\/schema.org","@graph":[{"@type":"WebPage","@id":"https:\/\/kim.lv\/en\/grupas-izstade-black-market\/","url":"https:\/\/kim.lv\/en\/grupas-izstade-black-market\/","name":"[:en]Group exhibition \"Black Market\"[:lv]Grupas izst\u0101de \"Black Market\"[:] - Kim? Laikmet\u012bg\u0101s m\u0101kslas centrs","isPartOf":{"@id":"https:\/\/kim.lv\/en\/#website"},"datePublished":"2020-11-30T11:30:53+00:00","dateModified":"2020-11-30T15:44:02+00:00","author":{"@id":"https:\/\/kim.lv\/en\/#\/schema\/person\/56f07ec6715af61b0d0ed9835c282330"},"breadcrumb":{"@id":"https:\/\/kim.lv\/en\/grupas-izstade-black-market\/#breadcrumb"},"inLanguage":"lv-LV","potentialAction":[{"@type":"ReadAction","target":["https:\/\/kim.lv\/en\/grupas-izstade-black-market\/"]}]},{"@type":"BreadcrumbList","@id":"https:\/\/kim.lv\/en\/grupas-izstade-black-market\/#breadcrumb","itemListElement":[{"@type":"ListItem","position":1,"name":"Home","item":"https:\/\/kim.lv\/"},{"@type":"ListItem","position":2,"name":"Group exhibition &#8220;Black Market&#8221;"}]},{"@type":"WebSite","@id":"https:\/\/kim.lv\/en\/#website","url":"https:\/\/kim.lv\/en\/","name":"Kim? Laikmet\u012bg\u0101s m\u0101kslas centrs","description":"","potentialAction":[{"@type":"SearchAction","target":{"@type":"EntryPoint","urlTemplate":"https:\/\/kim.lv\/en\/?s={search_term_string}"},"query-input":"required name=search_term_string"}],"inLanguage":"lv-LV"},{"@type":"Person","@id":"https:\/\/kim.lv\/en\/#\/schema\/person\/56f07ec6715af61b0d0ed9835c282330","name":"Kim?","image":{"@type":"ImageObject","inLanguage":"lv-LV","@id":"https:\/\/kim.lv\/en\/#\/schema\/person\/image\/","url":"https:\/\/secure.gravatar.com\/avatar\/95e223367867817ed896bcfb04f433d88d871bfbb4f33c528e26ce5c2786508f?s=96&d=mm&r=g","contentUrl":"https:\/\/secure.gravatar.com\/avatar\/95e223367867817ed896bcfb04f433d88d871bfbb4f33c528e26ce5c2786508f?s=96&d=mm&r=g","caption":"Kim?"},"url":"https:\/\/kim.lv\/lv\/author\/kim\/"}]}},"_links":{"self":[{"href":"https:\/\/kim.lv\/lv\/wp-json\/wp\/v2\/posts\/6055","targetHints":{"allow":["GET"]}}],"collection":[{"href":"https:\/\/kim.lv\/lv\/wp-json\/wp\/v2\/posts"}],"about":[{"href":"https:\/\/kim.lv\/lv\/wp-json\/wp\/v2\/types\/post"}],"author":[{"embeddable":true,"href":"https:\/\/kim.lv\/lv\/wp-json\/wp\/v2\/users\/2"}],"replies":[{"embeddable":true,"href":"https:\/\/kim.lv\/lv\/wp-json\/wp\/v2\/comments?post=6055"}],"version-history":[{"count":3,"href":"https:\/\/kim.lv\/lv\/wp-json\/wp\/v2\/posts\/6055\/revisions"}],"predecessor-version":[{"id":6058,"href":"https:\/\/kim.lv\/lv\/wp-json\/wp\/v2\/posts\/6055\/revisions\/6058"}],"wp:attachment":[{"href":"https:\/\/kim.lv\/lv\/wp-json\/wp\/v2\/media?parent=6055"}],"wp:term":[{"taxonomy":"category","embeddable":true,"href":"https:\/\/kim.lv\/lv\/wp-json\/wp\/v2\/categories?post=6055"},{"taxonomy":"post_tag","embeddable":true,"href":"https:\/\/kim.lv\/lv\/wp-json\/wp\/v2\/tags?post=6055"}],"curies":[{"name":"wp","href":"https:\/\/api.w.org\/{rel}","templated":true}]}}