{"id":6252,"date":"2021-07-07T12:34:04","date_gmt":"2021-07-07T09:34:04","guid":{"rendered":"http:\/\/kim.lv\/?p=6252"},"modified":"2021-09-16T17:21:00","modified_gmt":"2021-09-16T14:21:00","slug":"new-works-2021","status":"publish","type":"post","link":"https:\/\/kim.lv\/lv\/new-works-2021\/","title":{"rendered":"Kim? Galerija: Sab\u012bne Vernere, Jauni darbi, 2021"},"content":{"rendered":"<span style=\"font-weight: 400;\">\u00a0<\/span><\/p>\n<p><b>Sab\u012bne Vernere<\/b><\/p>\n<p><b><i>Jauni darbi, 2021<\/i><\/b><\/p>\n<p><b>Kim? Galerija<\/b><\/p>\n<p><b>14. j\u016blijs \u2013 12. septembris, 2021<\/b><\/p>\n<p>&nbsp;<\/p>\n<p>&nbsp;<\/p>\n<p><span style=\"font-weight: 400;\">Sab\u012bnes Verneres darbus caurvijo\u0161ais t\u0113ls-prototips apz\u012bm\u0113 tie\u0161u un ilustrat\u012bvu personisk\u0101s-int\u012bm\u0101s pieredzes fiks\u0101ciju. Dom\u0101jot par \u0161o situ\u0101ciju-<\/span><i><span style=\"font-weight: 400;\">aktu<\/span><\/i><span style=\"font-weight: 400;\"> un attiec\u012bb\u0101m, ko t\u0101s ietver, autore str\u0101d\u0101, l\u012bdz t\u0113li att\u0101lin\u0101s no subjekt\u012bv\u0101 un visp\u0101rin\u0101jumu-savienojumu proces\u0101 <\/span><i><span style=\"font-weight: 400;\">vi\u0146as<\/span><\/i><span style=\"font-weight: 400;\">, <\/span><i><span style=\"font-weight: 400;\">vi\u0146i, tie<\/span><\/i><span style=\"font-weight: 400;\"> sapl\u016bst. Gaidas, iek\u0101re un mokas ir gan gal\u0113ji individu\u0101las un personiski izdz\u012bvotas, gan \u201cnormaliz\u0113tas\u201d un visu apropri\u0113tas. Saj\u016btot sev\u012b un izdz\u012bvojot t\u0113lus, kas izriet no konkr\u0113t\u0101s situ\u0101cijas \u2013 j\u016bra nakt\u012b, darbs uz ce\u013ciem studij\u0101, pazaud\u0113\u0161an\u0101s attiec\u012bbu aplik\u0101cij\u0101s, \u201cpr\u0101ta pagarin\u0101\u0161anas\u201d literat\u016bra \u2013, autore<\/span><i><span style=\"font-weight: 400;\"> to <\/span><\/i><span style=\"font-weight: 400;\">s\u0101k att\u0113lot skrieno\u0161u, b\u0113go\u0161u, s\u0113do\u0161u.\u00a0<\/span><\/p>\n<p><span style=\"font-weight: 400;\">Jaun\u0101kaj\u0101 \u2013 vietul\u012bbas, pand\u0113mijas un rezidences Par\u012bz\u0113 ietekm\u0113taj\u0101 \u2013 s\u0113rij\u0101 t\u0113ls main\u0101s, un iemieso \u201csp\u0113ka talismanus\u201d un \u201cinkrust\u0113tas atmi\u0146u ainavas\u201d. Str\u0101d\u0101jot ar tu\u0161u, ilgi un sistem\u0101tiski, Vernere p\u0101rvalda materi\u0101lu, <\/span><i><span style=\"font-weight: 400;\">sarun\u0101 <\/span><\/i><span style=\"font-weight: 400;\">ar to, lai tu\u0161a p\u0101rv\u0113r\u0161as jeb iemieso miesu, ainavu, emociju, jebko. Tu\u0161as pl\u016bdums ir tie\u0161s p\u0101rc\u0113lums no dabas procesiem \u2013 t\u0101diem k\u0101 upe, kas iepl\u016bst j\u016br\u0101, avota \u016bde\u0146u un grunts sapl\u016b\u0161ana (\u201c&#8230;gr\u016bti paskaidrot, bet tas, k\u0101 izaug egle, un tas, k\u0101 izpl\u016bst tu\u0161a, man \u0161\u0137iet viens un tas pats\u2026\u201d) un taml\u012bdz\u012bgi. Dien\u0101m ejot un ekr\u0101n\u0101 sl\u012bkstot (\u201c..uz ce\u013ciem tupot pie pap\u012bra, drud\u017eaini skatoties telefon\u0101 un kaut ko gaidot, kam\u0113r \u017e\u016bst k\u0101ds laukums\u201d), pl\u016bsto\u0161\u0101s ainavas top cietas, formas \u2013 st\u016braini meh\u0101niskas, kompoz\u012bcijas \u2013 centr\u0101las. Tom\u0113r vienlaic\u012bgi v\u0113lme p\u0113c patv\u0113ruma pieaug. \u0160ie<\/span><i><span style=\"font-weight: 400;\"> jaunie darbi<\/span><\/i><span style=\"font-weight: 400;\"> \u2013 ikdienas intimit\u0101tes svin\u0113\u0161anas apliecin\u0101jums \u2013 kalpo par alegoriju dz\u012bves un pr\u0101ta infrastrukt\u016bras gro\u017eiem, m\u0101ksl\u012bgi rad\u012btiem un uzspiestiem r\u0101mjiem, kuru <\/span><i><span style=\"font-weight: 400;\">ciet\u012bbai<\/span><\/i><span style=\"font-weight: 400;\"> (glu\u017ei k\u0101 kr\u0101su kl\u0101jumiem-z\u012bm\u0113jumiem, kas \u201cuzzied\u0113ju\u0161i\u201d uz met\u0101lisku virsmu imit\u0113jo\u0161\u0101 kokvilnas pap\u012bra p\u0101rkl\u0101t\u0101 fona) (j\u0101)tiek p\u0101ri.\u00a0<\/span><\/p>\n<p>&nbsp;<\/p>\n<p>&nbsp;<\/p>\n<p><b>Sab\u012bne Vernere <\/b><span style=\"font-weight: 400;\">(dz. 1990) Ieguvusi ma\u0123istra gr\u0101du Latvijas M\u0101kslas akad\u0113mijas Vizu\u0101l\u0101s m\u0101kslas noda\u013cas glezniec\u012bbas katedr\u0101, stud\u0113jot papildin\u0101jusi zin\u0101\u0161anas Zagrebas Karaliskaj\u0101 M\u0101kslas akad\u0113mij\u0101 un Antverpenes Karaliskaj\u0101 akad\u0113mij\u0101. 2016. gad\u0101 debit\u0113ja MVT izst\u0101\u017eu cikl\u0101 \u201cBlumbergsBezgal\u012bba\u201d izst\u0101dot savu bakalaura darbu person\u0101lizst\u0101d\u0113 \u201cBezkaun\u012bgs\u201d. Ar saviem darbiem piedal\u012bjusies vair\u0101k\u0101s grupu izst\u0101d\u0113s Latvij\u0101 \u2013 m\u0101kslas stacij\u0101 \u201cDubulti\u201d, Kuld\u012bgas M\u0101kslinieku rezidenc\u0113, C\u0113su m\u0101kslas centr\u0101 \u201cBr\u016bzis\u201d, izst\u0101\u017eu z\u0101le \u201cLielais dzintars\u201d <\/span><span style=\"font-weight: 400;\">Liep\u0101j\u0101 <\/span><span style=\"font-weight: 400;\">\u00a0un Eirop\u0101 \u2013 <\/span><i><span style=\"font-weight: 400;\">Nida Artist colony<\/span><\/i><span style=\"font-weight: 400;\">, <\/span><i><span style=\"font-weight: 400;\">Entusiastide Klubi MYU<\/span><\/i><span style=\"font-weight: 400;\"> Tartu, <\/span><i><span style=\"font-weight: 400;\">Quartair<\/span><\/i><span style=\"font-weight: 400;\"> H\u0101g\u0101, <\/span><i><span style=\"font-weight: 400;\">Beffroi de Montrouge<\/span><\/i><span style=\"font-weight: 400;\"> Par\u012bz\u0113, <\/span><i><span style=\"font-weight: 400;\">The Art Building in Vra <\/span><\/i><span style=\"font-weight: 400;\">Hjerring\u0101, D\u0101nij\u0101, <\/span><i><span style=\"font-weight: 400;\">Centrul de Interes <\/span><\/i><span style=\"font-weight: 400;\">Klu\u017ea-Napok\u0101, Rum\u0101nij\u0101, un citur. Kop\u0161 2020. gada augusta vada Latvijas M\u0101kslas akad\u0113mijas eksperiment\u0101lo m\u0101kslas telpu <\/span><i><span style=\"font-weight: 400;\">Pilot. <\/span><\/i><span style=\"font-weight: 400;\">2020. gada ruden\u012b neatkar\u012bgi izveidoja person\u0101lizst\u0101di R\u012bg\u0101 (telp\u0101s Br\u012bv\u012bbas iel\u0101 40). 2021. gad\u0101 piedal\u012bj\u0101s JCE rezidenc\u0113 Par\u012bz\u0113.<\/span>","protected":false},"excerpt":{"rendered":"<p>\u00a0 Sab\u012bne Vernere Jauni darbi, 2021 Kim? Galerija 14. j\u016blijs \u2013 12. septembris, 2021 &nbsp; &nbsp; Sab\u012bnes Verneres darbus caurvijo\u0161ais t\u0113ls-prototips apz\u012bm\u0113 tie\u0161u un ilustrat\u012bvu personisk\u0101s-int\u012bm\u0101s pieredzes fiks\u0101ciju. Dom\u0101jot par \u0161o situ\u0101ciju-aktu un attiec\u012bb\u0101m, ko t\u0101s ietver, autore str\u0101d\u0101, l\u012bdz t\u0113li att\u0101lin\u0101s no subjekt\u012bv\u0101 un visp\u0101rin\u0101jumu-savienojumu proces\u0101 vi\u0146as, vi\u0146i, tie sapl\u016bst. Gaidas, iek\u0101re un mokas [&hellip;]<\/p>\n","protected":false},"author":2,"featured_media":0,"comment_status":"open","ping_status":"open","sticky":false,"template":"","format":"standard","meta":{"inline_featured_image":false,"footnotes":""},"categories":[4],"tags":[],"class_list":["post-6252","post","type-post","status-publish","format-standard","hentry","category-kim-exhibitions"],"acf":[],"yoast_head":"<!-- This site is optimized with the Yoast SEO plugin v21.9 - https:\/\/yoast.com\/wordpress\/plugins\/seo\/ -->\n<title>Kim? Galerija: Sab\u012bne Vernere, Jauni darbi, 2021 - Kim? Laikmet\u012bg\u0101s m\u0101kslas centrs<\/title>\n<meta name=\"robots\" content=\"index, follow, max-snippet:-1, max-image-preview:large, max-video-preview:-1\" \/>\n<link rel=\"canonical\" href=\"https:\/\/kim.lv\/lv\/new-works-2021\/\" \/>\n<meta property=\"og:locale\" content=\"lv_LV\" \/>\n<meta property=\"og:type\" content=\"article\" \/>\n<meta property=\"og:title\" content=\"[:en]Kim? Gallery: Sab\u012bne Vernere, New Works, 2021[:lv]Kim? Galerija: Sab\u012bne Vernere, Jauni darbi, 2021[:] - Kim? Laikmet\u012bg\u0101s m\u0101kslas centrs\" \/>\n<meta property=\"og:description\" content=\"\u00a0 Sab\u012bne Vernere Jauni darbi, 2021 Kim? Galerija 14. j\u016blijs \u2013 12. septembris, 2021 &nbsp; &nbsp; Sab\u012bnes Verneres darbus caurvijo\u0161ais t\u0113ls-prototips apz\u012bm\u0113 tie\u0161u un ilustrat\u012bvu personisk\u0101s-int\u012bm\u0101s pieredzes fiks\u0101ciju. Dom\u0101jot par \u0161o situ\u0101ciju-aktu un attiec\u012bb\u0101m, ko t\u0101s ietver, autore str\u0101d\u0101, l\u012bdz t\u0113li att\u0101lin\u0101s no subjekt\u012bv\u0101 un visp\u0101rin\u0101jumu-savienojumu proces\u0101 vi\u0146as, vi\u0146i, tie sapl\u016bst. Gaidas, iek\u0101re un mokas [&hellip;]\" \/>\n<meta property=\"og:url\" content=\"https:\/\/kim.lv\/lv\/new-works-2021\/\" \/>\n<meta property=\"og:site_name\" content=\"Kim? Laikmet\u012bg\u0101s m\u0101kslas centrs\" \/>\n<meta property=\"article:published_time\" content=\"2021-07-07T09:34:04+00:00\" \/>\n<meta property=\"article:modified_time\" content=\"2021-09-16T14:21:00+00:00\" \/>\n<meta name=\"author\" content=\"Kim?\" \/>\n<meta name=\"twitter:card\" content=\"summary_large_image\" \/>\n<meta name=\"twitter:label1\" content=\"Written by\" \/>\n\t<meta name=\"twitter:data1\" content=\"Kim?\" \/>\n\t<meta name=\"twitter:label2\" content=\"Est. reading time\" \/>\n\t<meta name=\"twitter:data2\" content=\"6 minutes\" \/>\n<script type=\"application\/ld+json\" class=\"yoast-schema-graph\">{\"@context\":\"https:\/\/schema.org\",\"@graph\":[{\"@type\":\"WebPage\",\"@id\":\"https:\/\/kim.lv\/lv\/new-works-2021\/\",\"url\":\"https:\/\/kim.lv\/lv\/new-works-2021\/\",\"name\":\"[:en]Kim? Gallery: Sab\u012bne Vernere, New Works, 2021[:lv]Kim? Galerija: Sab\u012bne Vernere, Jauni darbi, 2021[:] - Kim? Laikmet\u012bg\u0101s m\u0101kslas centrs\",\"isPartOf\":{\"@id\":\"https:\/\/kim.lv\/en\/#website\"},\"datePublished\":\"2021-07-07T09:34:04+00:00\",\"dateModified\":\"2021-09-16T14:21:00+00:00\",\"author\":{\"@id\":\"https:\/\/kim.lv\/en\/#\/schema\/person\/56f07ec6715af61b0d0ed9835c282330\"},\"breadcrumb\":{\"@id\":\"https:\/\/kim.lv\/lv\/new-works-2021\/#breadcrumb\"},\"inLanguage\":\"lv-LV\",\"potentialAction\":[{\"@type\":\"ReadAction\",\"target\":[\"https:\/\/kim.lv\/lv\/new-works-2021\/\"]}]},{\"@type\":\"BreadcrumbList\",\"@id\":\"https:\/\/kim.lv\/lv\/new-works-2021\/#breadcrumb\",\"itemListElement\":[{\"@type\":\"ListItem\",\"position\":1,\"name\":\"Home\",\"item\":\"https:\/\/kim.lv\/\"},{\"@type\":\"ListItem\",\"position\":2,\"name\":\"Kim? Galerija: Sab\u012bne Vernere, Jauni darbi, 2021\"}]},{\"@type\":\"WebSite\",\"@id\":\"https:\/\/kim.lv\/en\/#website\",\"url\":\"https:\/\/kim.lv\/en\/\",\"name\":\"Kim? Laikmet\u012bg\u0101s m\u0101kslas centrs\",\"description\":\"\",\"potentialAction\":[{\"@type\":\"SearchAction\",\"target\":{\"@type\":\"EntryPoint\",\"urlTemplate\":\"https:\/\/kim.lv\/en\/?s={search_term_string}\"},\"query-input\":\"required name=search_term_string\"}],\"inLanguage\":\"lv-LV\"},{\"@type\":\"Person\",\"@id\":\"https:\/\/kim.lv\/en\/#\/schema\/person\/56f07ec6715af61b0d0ed9835c282330\",\"name\":\"Kim?\",\"image\":{\"@type\":\"ImageObject\",\"inLanguage\":\"lv-LV\",\"@id\":\"https:\/\/kim.lv\/en\/#\/schema\/person\/image\/\",\"url\":\"https:\/\/secure.gravatar.com\/avatar\/95e223367867817ed896bcfb04f433d88d871bfbb4f33c528e26ce5c2786508f?s=96&d=mm&r=g\",\"contentUrl\":\"https:\/\/secure.gravatar.com\/avatar\/95e223367867817ed896bcfb04f433d88d871bfbb4f33c528e26ce5c2786508f?s=96&d=mm&r=g\",\"caption\":\"Kim?\"},\"url\":\"https:\/\/kim.lv\/lv\/author\/kim\/\"}]}<\/script>\n<!-- \/ Yoast SEO plugin. -->","yoast_head_json":{"title":"[:en]Kim? Gallery: Sab\u012bne Vernere, New Works, 2021[:lv]Kim? Galerija: Sab\u012bne Vernere, Jauni darbi, 2021[:] - Kim? Laikmet\u012bg\u0101s m\u0101kslas centrs","robots":{"index":"index","follow":"follow","max-snippet":"max-snippet:-1","max-image-preview":"max-image-preview:large","max-video-preview":"max-video-preview:-1"},"canonical":"https:\/\/kim.lv\/lv\/new-works-2021\/","og_locale":"lv_LV","og_type":"article","og_title":"[:en]Kim? Gallery: Sab\u012bne Vernere, New Works, 2021[:lv]Kim? Galerija: Sab\u012bne Vernere, Jauni darbi, 2021[:] - Kim? Laikmet\u012bg\u0101s m\u0101kslas centrs","og_description":"\u00a0 Sab\u012bne Vernere Jauni darbi, 2021 Kim? Galerija 14. j\u016blijs \u2013 12. septembris, 2021 &nbsp; &nbsp; Sab\u012bnes Verneres darbus caurvijo\u0161ais t\u0113ls-prototips apz\u012bm\u0113 tie\u0161u un ilustrat\u012bvu personisk\u0101s-int\u012bm\u0101s pieredzes fiks\u0101ciju. Dom\u0101jot par \u0161o situ\u0101ciju-aktu un attiec\u012bb\u0101m, ko t\u0101s ietver, autore str\u0101d\u0101, l\u012bdz t\u0113li att\u0101lin\u0101s no subjekt\u012bv\u0101 un visp\u0101rin\u0101jumu-savienojumu proces\u0101 vi\u0146as, vi\u0146i, tie sapl\u016bst. Gaidas, iek\u0101re un mokas [&hellip;]","og_url":"https:\/\/kim.lv\/lv\/new-works-2021\/","og_site_name":"Kim? Laikmet\u012bg\u0101s m\u0101kslas centrs","article_published_time":"2021-07-07T09:34:04+00:00","article_modified_time":"2021-09-16T14:21:00+00:00","author":"Kim?","twitter_card":"summary_large_image","twitter_misc":{"Written by":"Kim?","Est. reading time":"6 minutes"},"schema":{"@context":"https:\/\/schema.org","@graph":[{"@type":"WebPage","@id":"https:\/\/kim.lv\/lv\/new-works-2021\/","url":"https:\/\/kim.lv\/lv\/new-works-2021\/","name":"[:en]Kim? Gallery: Sab\u012bne Vernere, New Works, 2021[:lv]Kim? Galerija: Sab\u012bne Vernere, Jauni darbi, 2021[:] - Kim? Laikmet\u012bg\u0101s m\u0101kslas centrs","isPartOf":{"@id":"https:\/\/kim.lv\/en\/#website"},"datePublished":"2021-07-07T09:34:04+00:00","dateModified":"2021-09-16T14:21:00+00:00","author":{"@id":"https:\/\/kim.lv\/en\/#\/schema\/person\/56f07ec6715af61b0d0ed9835c282330"},"breadcrumb":{"@id":"https:\/\/kim.lv\/lv\/new-works-2021\/#breadcrumb"},"inLanguage":"lv-LV","potentialAction":[{"@type":"ReadAction","target":["https:\/\/kim.lv\/lv\/new-works-2021\/"]}]},{"@type":"BreadcrumbList","@id":"https:\/\/kim.lv\/lv\/new-works-2021\/#breadcrumb","itemListElement":[{"@type":"ListItem","position":1,"name":"Home","item":"https:\/\/kim.lv\/"},{"@type":"ListItem","position":2,"name":"Kim? Galerija: Sab\u012bne Vernere, Jauni darbi, 2021"}]},{"@type":"WebSite","@id":"https:\/\/kim.lv\/en\/#website","url":"https:\/\/kim.lv\/en\/","name":"Kim? Laikmet\u012bg\u0101s m\u0101kslas centrs","description":"","potentialAction":[{"@type":"SearchAction","target":{"@type":"EntryPoint","urlTemplate":"https:\/\/kim.lv\/en\/?s={search_term_string}"},"query-input":"required name=search_term_string"}],"inLanguage":"lv-LV"},{"@type":"Person","@id":"https:\/\/kim.lv\/en\/#\/schema\/person\/56f07ec6715af61b0d0ed9835c282330","name":"Kim?","image":{"@type":"ImageObject","inLanguage":"lv-LV","@id":"https:\/\/kim.lv\/en\/#\/schema\/person\/image\/","url":"https:\/\/secure.gravatar.com\/avatar\/95e223367867817ed896bcfb04f433d88d871bfbb4f33c528e26ce5c2786508f?s=96&d=mm&r=g","contentUrl":"https:\/\/secure.gravatar.com\/avatar\/95e223367867817ed896bcfb04f433d88d871bfbb4f33c528e26ce5c2786508f?s=96&d=mm&r=g","caption":"Kim?"},"url":"https:\/\/kim.lv\/lv\/author\/kim\/"}]}},"_links":{"self":[{"href":"https:\/\/kim.lv\/lv\/wp-json\/wp\/v2\/posts\/6252","targetHints":{"allow":["GET"]}}],"collection":[{"href":"https:\/\/kim.lv\/lv\/wp-json\/wp\/v2\/posts"}],"about":[{"href":"https:\/\/kim.lv\/lv\/wp-json\/wp\/v2\/types\/post"}],"author":[{"embeddable":true,"href":"https:\/\/kim.lv\/lv\/wp-json\/wp\/v2\/users\/2"}],"replies":[{"embeddable":true,"href":"https:\/\/kim.lv\/lv\/wp-json\/wp\/v2\/comments?post=6252"}],"version-history":[{"count":4,"href":"https:\/\/kim.lv\/lv\/wp-json\/wp\/v2\/posts\/6252\/revisions"}],"predecessor-version":[{"id":6257,"href":"https:\/\/kim.lv\/lv\/wp-json\/wp\/v2\/posts\/6252\/revisions\/6257"}],"wp:attachment":[{"href":"https:\/\/kim.lv\/lv\/wp-json\/wp\/v2\/media?parent=6252"}],"wp:term":[{"taxonomy":"category","embeddable":true,"href":"https:\/\/kim.lv\/lv\/wp-json\/wp\/v2\/categories?post=6252"},{"taxonomy":"post_tag","embeddable":true,"href":"https:\/\/kim.lv\/lv\/wp-json\/wp\/v2\/tags?post=6252"}],"curies":[{"name":"wp","href":"https:\/\/api.w.org\/{rel}","templated":true}]}}