{"id":7134,"date":"2022-10-31T17:44:18","date_gmt":"2022-10-31T15:44:18","guid":{"rendered":"http:\/\/kim.lv\/?p=7134"},"modified":"2023-05-25T13:59:33","modified_gmt":"2023-05-25T10:59:33","slug":"evelinas-deicmanes-personalizstade-dejorgans-tanzorgel","status":"publish","type":"post","link":"https:\/\/kim.lv\/lv\/evelinas-deicmanes-personalizstade-dejorgans-tanzorgel\/","title":{"rendered":"Evel\u012bnas Dei\u010dmanes person\u0101lizst\u0101de &#8220;Dejorg\u0101ns&#8221;"},"content":{"rendered":"<b>Evel\u012bna Dei\u010dmane<\/b><\/p>\n<p><b>&#8220;Dejorg\u0101ns&#8221;<\/b><\/p>\n<p><b>4. novembris, 2022 \u2013 31. janv\u0101ris, 2023<\/b><\/p>\n<p><b>Kim? Laikmet\u012bg\u0101s m\u0101kslas centrs<\/b><\/p>\n<p><b>Kuratore: Zane Onckule<\/b><\/p>\n<p>&nbsp;<\/p>\n<p><b>Atkl\u0101\u0161anas vakar\u0101 4. novembr\u012b plkst. 20:00 izst\u0101des ietvaros norisin\u0101sies Jaceka Senkevi\u010da performance-DJ sets.<\/b><\/p>\n<p>&nbsp;<\/p>\n<p>Evel\u012bnas Dei\u010dmanes tre\u0161\u0101s person\u0101lizst\u0101des Kim? Laikmet\u012bg\u0101s m\u0101kslas centr\u0101 pamat\u0101 ir autores dzi\u013ci personiska \u2013 jut\u012bga un reiz\u0113 procesu sabiedr\u012bb\u0101 motiv\u0113ta interese piev\u0113rsties m\u0101kslai (iz)dz\u012bvot.<\/p>\n<p>&nbsp;<\/p>\n<p>Laik\u0101, kad fikt\u012bvie narat\u012bvi un glob\u0101l\u0101 realit\u0101te uzspie\u017e vienlaic\u012bgas p\u0101rkl\u0101jo\u0161\u0101s distopijas, Dei\u010dmanes \u201cDejorg\u0101ns\u201d ir veidota k\u0101 teritorija, kur mekl\u0113t un rast personisk\u0101s br\u012bv\u012bbas robe\u017eu \u2013 vietu, kura nevienam nevar nodar\u012bt kait\u0113jumu. Apzinoties, ka ignor\u0113jot savu \u0137ermeni, nav iesp\u0113jams non\u0101kt pie miera st\u0101vok\u013ca un atkl\u0101smes, izst\u0101des tematika koncentr\u0113jas ap cilv\u0113ka\u00a0<i>iek\u0161\u0113j\u0101m\u00a0<\/i>noris\u0113m un v\u0113stures traumatisko notikumu atst\u0101tajiem nospiedumiem taj\u0101.<\/p>\n<p>&nbsp;<\/p>\n<p>Saglab\u0101jot interesi str\u0101d\u0101t ar \u201cmateri\u0101lu\u201d, kas ir dzi\u013ci personisks, tom\u0113r vienlaic\u012bgi var b\u016bt apsl\u0113pts un gr\u016bti tverams, Dei\u010dmane izce\u013c postpadomju re\u0123ionam piem\u012bto\u0161o ment\u0101lo karti. Atsve\u0161in\u0101t\u012bbu no sava \u0137erme\u0146a piedz\u012bvo vairums Latvijas iedz\u012bvot\u0101ju, \u012bpa\u0161i paaudze, kas dzimusi pag\u0101ju\u0161\u0101 gadsimta piecdesmitajos gados. Dei\u010dmanes vec\u0101ku paaudzei pag\u0101tne ir zaud\u0113jusi savu sp\u0113ju apgaismot tagadni. Taj\u0101 tr\u016bkst tagadnes, jo viss tiek skat\u012bts un v\u0113rt\u0113ts caur pag\u0101tnes pieredz\u0113jumu, t\u0101d\u0113j\u0101di krop\u013cojot skat\u012bjumu un dz\u012bves pieredz\u0113jumu \u0161odien\u0101.<\/p>\n<p>&nbsp;<\/p>\n<p>Min\u0113t\u0101 iespaidota, Dei\u010dmane (re)konstru\u0113 iztr\u016bksto\u0161os\/pagaisu\u0161os atmi\u0146u\/pieredzes momentus, lai ar m\u0101ksliniecisk\u0101s izt\u0113les un somatisk\u0101s\/terapeitisk\u0101s anal\u012bzes elementu pal\u012bdz\u012bbu veidotu Kim? telpas visaptvero\u0161u instal\u0101ciju.\u00a0Izst\u0101d\u0113 iek\u013cauti jaunrad\u012bti darbi un iepriek\u0161 neizst\u0101d\u012bti\u00a0darbi\u00a0gaismas un ska\u0146as objektu, z\u012bm\u0113jumu un tekstila, un met\u0101la instal\u0101cijas tehnik\u0101s, kas vizu\u0101li po\u0113tisk\u0101\/pastarpin\u0101t\u0101 veid\u0101\u00a0apsver idejas par starppaud\u017eu traumu p\u0101rdz\u012bvo\u0161anu, cilv\u0113ka \u0137ermeni un cer\u012bbas tehnolo\u0123ij\u0101m.<\/p>\n<p>&nbsp;<\/p>\n<p>Ar \u201cDejorg\u0101nu\u201d m\u0101ksliniece it k\u0101 atgrie\u017eas sav\u0101 un ieskat\u0101s citu pag\u0101tn\u0113, lai uzlas\u012btu tr\u016bksto\u0161os elementus un sajustu br\u012bv\u012bbu, ko sniedz \u0137erme\u0146a un pr\u0101ta k\u0101 instrumentu vesel\u012bga mijiedarbe. \u201cDejorg\u0101na\u201d ietvaros izdz\u012bvo\u0161anas noz\u012bme sliecas daudz t\u0101l\u0101k par izvair\u012b\u0161anos no nev\u0113lam\u0101, t\u0101 ir par dz\u012bvi apliecino\u0161as v\u012bzijas izteik\u0161anu, neskatoties uz\u00a0\u00a0apst\u0101k\u013ciem, kas izsauc visas iesp\u0113jam\u0101s bailes. Dei\u010dmanes \u201cDejorg\u0101ns\u201d kustas un \u201cdejo\u201d virzien\u0101 cauri pa\u0161pieredzei un paver ce\u013cu dziedniecisk\u0101m transform\u0101cij\u0101m\u00a0<i>izdz\u012bvot\u0101jas\u00a0<\/i>b\u016bt\u012bbas esenc\u0113.<\/p>\n<p>&nbsp;<\/p>\n<p><b>Evel\u012bna Dei\u010dmane<\/b>\u00a0(dz. 1978) m\u0101kslas izgl\u012bt\u012bbu ieguvusi Latvijas M\u0101kslas akad\u0113mijas Vizu\u0101l\u0101s komunik\u0101cijas noda\u013c\u0101 2007. gad\u0101 un pabeigusi Berl\u012bnes M\u0101kslas universit\u0101tes Vizu\u0101l\u0101s komunik\u0101cijas noda\u013cu un Eksperiment\u0101lo mediju noda\u013cu (2004; 2007\u20132009). Savos darbos izmanto jauktas tehnikas, eksperiment\u0113 ar ska\u0146u un vizu\u0101lajiem elementiem. Vi\u0146as konceptu\u0101l\u0101 pieeja ietver eksistenci\u0101las noska\u0146as un cilv\u0113ka pieredzi, radot vidi, kur skumjas saskaras ar laimi, bet dramatiskumu klied\u0113 humors.<br \/>\nVi\u0146a piedal\u012bjusies 15. Sidnejas Starptautiskaj\u0101 bienn\u0101l\u0113 (2006), 2. Maskavas Bienn\u0101l\u0113 (2007), Eiropas Laikmet\u012bg\u0101s M\u0101kslas bienn\u0101l\u0113 \u201cManifesta\u201d (2008), 12. Starptautiskaj\u0101 Kairas bienn\u0101l\u0113 (2010). Dei\u010dmane p\u0101rst\u0101v\u0113ja Latviju 53. Starptautiskaj\u0101 Ven\u0113cijas bienn\u0101l\u0113 ar multimedi\u0101lo projektu \u201cP\u0101rejo\u0161\u0101s b\u0113das\u201d(2009). Dei\u010dmane ir vair\u0101ku noz\u012bm\u012bgu starptautisko rado\u0161o stipendiju ieguv\u0113ja, tai skait\u0101\u00a0 DAAD stipendijas Berl\u012bn\u0113 (2011). M\u0101kslinieces person\u0101lizst\u0101des notiku\u0161as vair\u0101k\u0101s galerij\u0101s V\u0101cij\u0101 un \u010cehij\u0101, k\u0101 ar\u012b 2010. gad\u0101 vi\u0146as person\u0101lizst\u0101de \u201cLielais nemiers\u201d bija apskat\u0101ma Kim? Laikmet\u012bg\u0101s m\u0101kslas centr\u0101. M\u0101ksliniece dz\u012bvo un str\u0101d\u0101 Berl\u012bn\u0113 un R\u012bg\u0101.<\/p>\n<p>&nbsp;<\/p>\n<p><b>Jaceks Senkevi\u010ds\u00a0<\/b>(<i>Jacek Sienkiewicz,<\/i><b>\u00a0<\/b>dz. 1976, Var\u0161ava) ir d\u012bd\u017eejs un producents, kas tiek uzskat\u012bts par vienu no Polijas elektronisk\u0101s m\u016bzikas pionieriem. Vi\u0146\u0161 uzs\u0101ka savu DJ karjeru pirmaj\u0101\u00a0<i>underground<\/i>\u00a0pas\u0101kumu viln\u012b 90. gadu s\u0101kum\u0101 Var\u0161av\u0101, un ir sp\u0113l\u0113jis visapk\u0101rt pasaulei no lieliem festiv\u0101liem k\u0101\u00a0<i>DEMF Detroit<\/i>,\u00a0<i>Mutek Montreal<\/i>,\u00a0<i>Transmediale Berlin<\/i>\u00a0l\u012bdz nelieliem, int\u012bmiem setiem <i>underground<\/i> klubos un b\u0101ros.<\/p>\n<p>&nbsp;<\/p>\n<p><b>Atbalst\u012bt\u0101ji:\u00a0<\/b>Kult\u016bras ministrija, Valsts Kult\u016brkapit\u0101la fonds, R\u012bgas dome, Arterritory.com.<\/p>\n<p>&nbsp;<\/p>\n<p><b>M\u0101kslinieces pateic\u012bbas:<\/b>\u00a0Abi2, FineArtPrint, Reverb scenery production, Mystic Theater, Oskaram Pauli\u0146am.<\/p>\n<p>&nbsp;","protected":false},"excerpt":{"rendered":"<p>Evel\u012bna Dei\u010dmane &#8220;Dejorg\u0101ns&#8221; 4. novembris, 2022 \u2013 31. janv\u0101ris, 2023 Kim? Laikmet\u012bg\u0101s m\u0101kslas centrs Kuratore: Zane Onckule &nbsp; Atkl\u0101\u0161anas vakar\u0101 4. novembr\u012b plkst. 20:00 izst\u0101des ietvaros norisin\u0101sies Jaceka Senkevi\u010da performance-DJ sets. &nbsp; Evel\u012bnas Dei\u010dmanes tre\u0161\u0101s person\u0101lizst\u0101des Kim? Laikmet\u012bg\u0101s m\u0101kslas centr\u0101 pamat\u0101 ir autores dzi\u013ci personiska \u2013 jut\u012bga un reiz\u0113 procesu sabiedr\u012bb\u0101 motiv\u0113ta interese piev\u0113rsties m\u0101kslai [&hellip;]<\/p>\n","protected":false},"author":2,"featured_media":0,"comment_status":"open","ping_status":"open","sticky":false,"template":"","format":"standard","meta":{"inline_featured_image":false,"footnotes":""},"categories":[40,4],"tags":[],"class_list":["post-7134","post","type-post","status-publish","format-standard","hentry","category-40","category-kim-exhibitions"],"acf":[],"yoast_head":"<!-- This site is optimized with the Yoast SEO plugin v21.9 - https:\/\/yoast.com\/wordpress\/plugins\/seo\/ -->\n<title>Evel\u012bnas Dei\u010dmanes person\u0101lizst\u0101de &quot;Dejorg\u0101ns&quot; - Kim? Laikmet\u012bg\u0101s m\u0101kslas centrs<\/title>\n<meta name=\"robots\" content=\"index, follow, max-snippet:-1, max-image-preview:large, max-video-preview:-1\" \/>\n<link rel=\"canonical\" href=\"https:\/\/kim.lv\/en\/evelinas-deicmanes-personalizstade-dejorgans-tanzorgel\/\" \/>\n<meta property=\"og:locale\" content=\"lv_LV\" \/>\n<meta property=\"og:type\" content=\"article\" \/>\n<meta property=\"og:title\" content=\"[:en]Solo-exhibition &quot;Tanzorgan&quot; by Evel\u012bna Dei\u010dmane[:lv]Evel\u012bnas Dei\u010dmanes person\u0101lizst\u0101de &quot;Dejorg\u0101ns&quot;[:] - Kim? Laikmet\u012bg\u0101s m\u0101kslas centrs\" \/>\n<meta property=\"og:description\" content=\"Evel\u012bna Dei\u010dmane &#8220;Dejorg\u0101ns&#8221; 4. novembris, 2022 \u2013 31. janv\u0101ris, 2023 Kim? Laikmet\u012bg\u0101s m\u0101kslas centrs Kuratore: Zane Onckule &nbsp; Atkl\u0101\u0161anas vakar\u0101 4. novembr\u012b plkst. 20:00 izst\u0101des ietvaros norisin\u0101sies Jaceka Senkevi\u010da performance-DJ sets. &nbsp; Evel\u012bnas Dei\u010dmanes tre\u0161\u0101s person\u0101lizst\u0101des Kim? Laikmet\u012bg\u0101s m\u0101kslas centr\u0101 pamat\u0101 ir autores dzi\u013ci personiska \u2013 jut\u012bga un reiz\u0113 procesu sabiedr\u012bb\u0101 motiv\u0113ta interese piev\u0113rsties m\u0101kslai [&hellip;]\" \/>\n<meta property=\"og:url\" content=\"https:\/\/kim.lv\/en\/evelinas-deicmanes-personalizstade-dejorgans-tanzorgel\/\" \/>\n<meta property=\"og:site_name\" content=\"Kim? Laikmet\u012bg\u0101s m\u0101kslas centrs\" \/>\n<meta property=\"article:published_time\" content=\"2022-10-31T15:44:18+00:00\" \/>\n<meta property=\"article:modified_time\" content=\"2023-05-25T10:59:33+00:00\" \/>\n<meta name=\"author\" content=\"Kim?\" \/>\n<meta name=\"twitter:card\" content=\"summary_large_image\" \/>\n<meta name=\"twitter:label1\" content=\"Written by\" \/>\n\t<meta name=\"twitter:data1\" content=\"Kim?\" \/>\n\t<meta name=\"twitter:label2\" content=\"Est. reading time\" \/>\n\t<meta name=\"twitter:data2\" content=\"8 minutes\" \/>\n<script type=\"application\/ld+json\" class=\"yoast-schema-graph\">{\"@context\":\"https:\/\/schema.org\",\"@graph\":[{\"@type\":\"WebPage\",\"@id\":\"https:\/\/kim.lv\/en\/evelinas-deicmanes-personalizstade-dejorgans-tanzorgel\/\",\"url\":\"https:\/\/kim.lv\/en\/evelinas-deicmanes-personalizstade-dejorgans-tanzorgel\/\",\"name\":\"[:en]Solo-exhibition \\\"Tanzorgan\\\" by Evel\u012bna Dei\u010dmane[:lv]Evel\u012bnas Dei\u010dmanes person\u0101lizst\u0101de \\\"Dejorg\u0101ns\\\"[:] - Kim? Laikmet\u012bg\u0101s m\u0101kslas centrs\",\"isPartOf\":{\"@id\":\"https:\/\/kim.lv\/en\/#website\"},\"datePublished\":\"2022-10-31T15:44:18+00:00\",\"dateModified\":\"2023-05-25T10:59:33+00:00\",\"author\":{\"@id\":\"https:\/\/kim.lv\/en\/#\/schema\/person\/56f07ec6715af61b0d0ed9835c282330\"},\"breadcrumb\":{\"@id\":\"https:\/\/kim.lv\/en\/evelinas-deicmanes-personalizstade-dejorgans-tanzorgel\/#breadcrumb\"},\"inLanguage\":\"lv-LV\",\"potentialAction\":[{\"@type\":\"ReadAction\",\"target\":[\"https:\/\/kim.lv\/en\/evelinas-deicmanes-personalizstade-dejorgans-tanzorgel\/\"]}]},{\"@type\":\"BreadcrumbList\",\"@id\":\"https:\/\/kim.lv\/en\/evelinas-deicmanes-personalizstade-dejorgans-tanzorgel\/#breadcrumb\",\"itemListElement\":[{\"@type\":\"ListItem\",\"position\":1,\"name\":\"Home\",\"item\":\"https:\/\/kim.lv\/\"},{\"@type\":\"ListItem\",\"position\":2,\"name\":\"Solo-exhibition &#8220;Tanzorgan&#8221; by Evel\u012bna Dei\u010dmane\"}]},{\"@type\":\"WebSite\",\"@id\":\"https:\/\/kim.lv\/en\/#website\",\"url\":\"https:\/\/kim.lv\/en\/\",\"name\":\"Kim? Laikmet\u012bg\u0101s m\u0101kslas centrs\",\"description\":\"\",\"potentialAction\":[{\"@type\":\"SearchAction\",\"target\":{\"@type\":\"EntryPoint\",\"urlTemplate\":\"https:\/\/kim.lv\/en\/?s={search_term_string}\"},\"query-input\":\"required name=search_term_string\"}],\"inLanguage\":\"lv-LV\"},{\"@type\":\"Person\",\"@id\":\"https:\/\/kim.lv\/en\/#\/schema\/person\/56f07ec6715af61b0d0ed9835c282330\",\"name\":\"Kim?\",\"image\":{\"@type\":\"ImageObject\",\"inLanguage\":\"lv-LV\",\"@id\":\"https:\/\/kim.lv\/en\/#\/schema\/person\/image\/\",\"url\":\"https:\/\/secure.gravatar.com\/avatar\/95e223367867817ed896bcfb04f433d88d871bfbb4f33c528e26ce5c2786508f?s=96&d=mm&r=g\",\"contentUrl\":\"https:\/\/secure.gravatar.com\/avatar\/95e223367867817ed896bcfb04f433d88d871bfbb4f33c528e26ce5c2786508f?s=96&d=mm&r=g\",\"caption\":\"Kim?\"},\"url\":\"https:\/\/kim.lv\/lv\/author\/kim\/\"}]}<\/script>\n<!-- \/ Yoast SEO plugin. -->","yoast_head_json":{"title":"[:en]Solo-exhibition \"Tanzorgan\" by Evel\u012bna Dei\u010dmane[:lv]Evel\u012bnas Dei\u010dmanes person\u0101lizst\u0101de \"Dejorg\u0101ns\"[:] - Kim? Laikmet\u012bg\u0101s m\u0101kslas centrs","robots":{"index":"index","follow":"follow","max-snippet":"max-snippet:-1","max-image-preview":"max-image-preview:large","max-video-preview":"max-video-preview:-1"},"canonical":"https:\/\/kim.lv\/en\/evelinas-deicmanes-personalizstade-dejorgans-tanzorgel\/","og_locale":"lv_LV","og_type":"article","og_title":"[:en]Solo-exhibition \"Tanzorgan\" by Evel\u012bna Dei\u010dmane[:lv]Evel\u012bnas Dei\u010dmanes person\u0101lizst\u0101de \"Dejorg\u0101ns\"[:] - Kim? Laikmet\u012bg\u0101s m\u0101kslas centrs","og_description":"Evel\u012bna Dei\u010dmane &#8220;Dejorg\u0101ns&#8221; 4. novembris, 2022 \u2013 31. janv\u0101ris, 2023 Kim? Laikmet\u012bg\u0101s m\u0101kslas centrs Kuratore: Zane Onckule &nbsp; Atkl\u0101\u0161anas vakar\u0101 4. novembr\u012b plkst. 20:00 izst\u0101des ietvaros norisin\u0101sies Jaceka Senkevi\u010da performance-DJ sets. &nbsp; Evel\u012bnas Dei\u010dmanes tre\u0161\u0101s person\u0101lizst\u0101des Kim? Laikmet\u012bg\u0101s m\u0101kslas centr\u0101 pamat\u0101 ir autores dzi\u013ci personiska \u2013 jut\u012bga un reiz\u0113 procesu sabiedr\u012bb\u0101 motiv\u0113ta interese piev\u0113rsties m\u0101kslai [&hellip;]","og_url":"https:\/\/kim.lv\/en\/evelinas-deicmanes-personalizstade-dejorgans-tanzorgel\/","og_site_name":"Kim? Laikmet\u012bg\u0101s m\u0101kslas centrs","article_published_time":"2022-10-31T15:44:18+00:00","article_modified_time":"2023-05-25T10:59:33+00:00","author":"Kim?","twitter_card":"summary_large_image","twitter_misc":{"Written by":"Kim?","Est. reading time":"8 minutes"},"schema":{"@context":"https:\/\/schema.org","@graph":[{"@type":"WebPage","@id":"https:\/\/kim.lv\/en\/evelinas-deicmanes-personalizstade-dejorgans-tanzorgel\/","url":"https:\/\/kim.lv\/en\/evelinas-deicmanes-personalizstade-dejorgans-tanzorgel\/","name":"[:en]Solo-exhibition \"Tanzorgan\" by Evel\u012bna Dei\u010dmane[:lv]Evel\u012bnas Dei\u010dmanes person\u0101lizst\u0101de \"Dejorg\u0101ns\"[:] - Kim? Laikmet\u012bg\u0101s m\u0101kslas centrs","isPartOf":{"@id":"https:\/\/kim.lv\/en\/#website"},"datePublished":"2022-10-31T15:44:18+00:00","dateModified":"2023-05-25T10:59:33+00:00","author":{"@id":"https:\/\/kim.lv\/en\/#\/schema\/person\/56f07ec6715af61b0d0ed9835c282330"},"breadcrumb":{"@id":"https:\/\/kim.lv\/en\/evelinas-deicmanes-personalizstade-dejorgans-tanzorgel\/#breadcrumb"},"inLanguage":"lv-LV","potentialAction":[{"@type":"ReadAction","target":["https:\/\/kim.lv\/en\/evelinas-deicmanes-personalizstade-dejorgans-tanzorgel\/"]}]},{"@type":"BreadcrumbList","@id":"https:\/\/kim.lv\/en\/evelinas-deicmanes-personalizstade-dejorgans-tanzorgel\/#breadcrumb","itemListElement":[{"@type":"ListItem","position":1,"name":"Home","item":"https:\/\/kim.lv\/"},{"@type":"ListItem","position":2,"name":"Solo-exhibition &#8220;Tanzorgan&#8221; by Evel\u012bna Dei\u010dmane"}]},{"@type":"WebSite","@id":"https:\/\/kim.lv\/en\/#website","url":"https:\/\/kim.lv\/en\/","name":"Kim? Laikmet\u012bg\u0101s m\u0101kslas centrs","description":"","potentialAction":[{"@type":"SearchAction","target":{"@type":"EntryPoint","urlTemplate":"https:\/\/kim.lv\/en\/?s={search_term_string}"},"query-input":"required name=search_term_string"}],"inLanguage":"lv-LV"},{"@type":"Person","@id":"https:\/\/kim.lv\/en\/#\/schema\/person\/56f07ec6715af61b0d0ed9835c282330","name":"Kim?","image":{"@type":"ImageObject","inLanguage":"lv-LV","@id":"https:\/\/kim.lv\/en\/#\/schema\/person\/image\/","url":"https:\/\/secure.gravatar.com\/avatar\/95e223367867817ed896bcfb04f433d88d871bfbb4f33c528e26ce5c2786508f?s=96&d=mm&r=g","contentUrl":"https:\/\/secure.gravatar.com\/avatar\/95e223367867817ed896bcfb04f433d88d871bfbb4f33c528e26ce5c2786508f?s=96&d=mm&r=g","caption":"Kim?"},"url":"https:\/\/kim.lv\/lv\/author\/kim\/"}]}},"_links":{"self":[{"href":"https:\/\/kim.lv\/lv\/wp-json\/wp\/v2\/posts\/7134","targetHints":{"allow":["GET"]}}],"collection":[{"href":"https:\/\/kim.lv\/lv\/wp-json\/wp\/v2\/posts"}],"about":[{"href":"https:\/\/kim.lv\/lv\/wp-json\/wp\/v2\/types\/post"}],"author":[{"embeddable":true,"href":"https:\/\/kim.lv\/lv\/wp-json\/wp\/v2\/users\/2"}],"replies":[{"embeddable":true,"href":"https:\/\/kim.lv\/lv\/wp-json\/wp\/v2\/comments?post=7134"}],"version-history":[{"count":16,"href":"https:\/\/kim.lv\/lv\/wp-json\/wp\/v2\/posts\/7134\/revisions"}],"predecessor-version":[{"id":7160,"href":"https:\/\/kim.lv\/lv\/wp-json\/wp\/v2\/posts\/7134\/revisions\/7160"}],"wp:attachment":[{"href":"https:\/\/kim.lv\/lv\/wp-json\/wp\/v2\/media?parent=7134"}],"wp:term":[{"taxonomy":"category","embeddable":true,"href":"https:\/\/kim.lv\/lv\/wp-json\/wp\/v2\/categories?post=7134"},{"taxonomy":"post_tag","embeddable":true,"href":"https:\/\/kim.lv\/lv\/wp-json\/wp\/v2\/tags?post=7134"}],"curies":[{"name":"wp","href":"https:\/\/api.w.org\/{rel}","templated":true}]}}