{"id":7170,"date":"2022-12-08T12:14:21","date_gmt":"2022-12-08T10:14:21","guid":{"rendered":"http:\/\/kim.lv\/?p=7170"},"modified":"2022-12-08T23:01:39","modified_gmt":"2022-12-08T21:01:39","slug":"black-market-iii","status":"publish","type":"post","link":"https:\/\/kim.lv\/lv\/black-market-iii\/","title":{"rendered":"Izst\u0101de-m\u0101kslas tirgus akcija Black Market III"},"content":{"rendered":"<strong>Piektdien, 9. decembr\u012b\u00a0plkst 18.00\u00a0Kim?\u00a0Laikmet\u012bg\u0101s m\u0101kslas centrs iel\u016bdz uz izst\u0101des\u00a0\u2013 m\u0101kslas tirgus akciju\u00a0<em>Black Market III<\/em>, kas tiks atkl\u0101ta ar Kaspara Gro\u0161eva DJ setu jaunaj\u0101 Kim?\u00a0off-space Skolas iel\u0101 18<\/strong><\/p>\n<p>&nbsp;<\/p>\n<p><b><i>Black Market III<\/i><\/b><\/p>\n<p><b><i>Izst\u0101de-m\u0101kslas tirgus akcija<\/i><\/b><\/p>\n<p><strong>10.-30. decembris, 2022<\/strong><\/p>\n<p><strong>Darba laiks: 14:00-19.00 (aizv\u0113rts 24.-26.12)<\/strong><\/p>\n<p><strong>Kim?\u00a0off-space Skolas 18<\/strong><\/p>\n<p>&nbsp;<\/p>\n<p><b>Dal\u012bbnieki:<\/b><span style=\"font-weight: 400;\"> U\u0123is Albi\u0146\u0161, \u0112riks Apa\u013cais, Anna Ceipe, Evel\u012bna Dei\u010dmane, J\u0101nis Dzirnieks, Andris Egl\u012btis, Ieva Epnere, Indri\u0137is \u0122elzis, Margrieta Griesti\u0146a, Kaspars Gro\u0161evs, Atis J\u0101kobsons, Ilya Lipkin, Maija Kur\u0161eva, Inga Meldere, Darja Me\u013c\u0146ikova, Karl\u012bna Me\u017eecka, Dzelde Mierkalne, Ieva Kraule-K\u016bna, Oj\u0101rs P\u0113tersons, L\u012bva Rutmane, Kri\u0161s Salmanis, Elza S\u012ble, L\u012bga Spunde, Sab\u012bne \u0160n\u0113, Evita Vasiljeva, Sab\u012bne Vernere, Amanda Ziemele.\u00a0<\/span><\/p>\n<p>&nbsp;<\/p>\n<p><span style=\"font-weight: 400;\">Kim? ar prieku aicina uz tre\u0161o <em>Black Market<\/em> jeb izst\u0101di-m\u0101kslas tirgus akciju. <em>Black Market<\/em> nosaukums aizg\u016bts no 1990. gadu postpadomju realit\u0101tes ar slepeniem tirgiem vis\u0101 Baltij\u0101 \u0161im improviz\u0113tajam m\u0101kslas gadatirgum\/meses stendam jau tre\u0161aj\u0101 turpin\u0101jum\u0101 turpinot aktiviz\u0113t R\u012bgas laikmet\u012bg\u0101s m\u0101kslas tirgus sc\u0113nu, m\u0113\u0123inot p\u0101rvar\u0113t <\/span><i><span style=\"font-weight: 400;\">l\u0101stu<\/span><\/i><span style=\"font-weight: 400;\">, ka nekad nav bijis \u012bsti likum\u012bgs vai finansi\u0101li dz\u012bvotsp\u0113j\u012bgs.<\/span><\/p>\n<p>&nbsp;<\/p>\n<p><span style=\"font-weight: 400;\"><em>Black Market<\/em> tika aizs\u0101kts 2019.gad\u0101 Kim? 10-gades svin\u012bbu noska\u0146\u0101s ar \u012bpa\u0161i izv\u0113l\u0113tu m\u0101kslinieku darbu kopumu, pie kuru ieg\u0101des 50% no darba v\u0113rt\u012bbas non\u0101ca m\u0101kslinieka un 50% &#8211; Kim? att\u012bst\u012bbai un darb\u012bbai. 2020.gad\u0101 <em>Black Market<\/em> norisin\u0101j\u0101s sadar\u012bb\u0101 ar galeriju 427 un galeriju Low, Kim? telp\u0101s 200 kv. m. plat\u012bb\u0101 izst\u0101dot jaunrad\u012btus darbus no Kim? un min\u0113to galeriju pietuvin\u0101tiem autoriem. Otrais <em>Black Market<\/em> papildus iez\u012bm\u0113ja jaunu aspektu Kim? darb\u012bb\u0101, jo paral\u0113li grupas izst\u0101dei, norisin\u0101j\u0101s m\u0101kslas darbu portfolio pied\u0101v\u0101\u0161ana tie\u0161saist\u0113, sadarb\u012bb\u0101 ar <em>NADA<\/em> (jauno m\u0101kslas d\u012bleru asoci\u0101cija) <em>Miami 2020<\/em>.<\/span><\/p>\n<p>&nbsp;<\/p>\n<p><span style=\"font-weight: 400;\">Tre\u0161ais <em>Black Market<\/em> turpina aizs\u0101kto trad\u012bciju izgl\u012btojot un demokratiz\u0113jot m\u0101kslas p\u0101rdo\u0161anas aktivit\u0101tes un vienlaic\u012bgi, veicinot m\u0101kslas insit\u016bcijas un m\u0101kslinieku atbalsta formas. Ar m\u0113r\u0137i iesild\u012bt jaunu telpu Skolas iel\u0101 18, kas kalpos k\u0101 Kim? off-space da\u017e\u0101d\u0101m izst\u0101d\u0113m un pas\u0101kumiem, Kim? veido \u0161o inscin\u0113tu\/improviz\u0113tu izst\u0101di-darbu p\u0101rdo\u0161anu.\u00a0<\/span><\/p>\n<p>&nbsp;<\/p>\n<p><span style=\"font-weight: 400;\">Tre\u0161ais <em>Black Market<\/em> b\u016bs satik\u0161an\u0101s punkts saskarei un sarun\u0101m par m\u0101kslu, nodro\u0161inot <\/span><i><span style=\"font-weight: 400;\">vesel\u012bgu<\/span><\/i><span style=\"font-weight: 400;\"> vidi m\u0101kslas pirk\u0161anas aktam. Papildus tiks organiz\u0113ta programma, kas iez\u012bm\u0113s 2024.gad\u0101 gaid\u0101mo Kim? 15 publisk\u0101s darb\u012bbas past\u0101v\u0113\u0161anu un pieteiks ar Kim? jauno telpu renov\u0113\u0161anas saist\u012bto l\u012bdzek\u013cu v\u0101k\u0161anas kampa\u0146u.<\/span><\/p>\n<p>&nbsp;<\/p>\n<p><span style=\"font-weight: 400;\">Uz dr\u012bzu tik\u0161anos,<\/span><\/p>\n<p><span style=\"font-weight: 400;\">Kim?<\/span>","protected":false},"excerpt":{"rendered":"<p>Piektdien, 9. decembr\u012b\u00a0plkst 18.00\u00a0Kim?\u00a0Laikmet\u012bg\u0101s m\u0101kslas centrs iel\u016bdz uz izst\u0101des\u00a0\u2013 m\u0101kslas tirgus akciju\u00a0Black Market III, kas tiks atkl\u0101ta ar Kaspara Gro\u0161eva DJ setu jaunaj\u0101 Kim?\u00a0off-space Skolas iel\u0101 18 &nbsp; Black Market III Izst\u0101de-m\u0101kslas tirgus akcija 10.-30. decembris, 2022 Darba laiks: 14:00-19.00 (aizv\u0113rts 24.-26.12) Kim?\u00a0off-space Skolas 18 &nbsp; Dal\u012bbnieki: U\u0123is Albi\u0146\u0161, \u0112riks Apa\u013cais, Anna Ceipe, Evel\u012bna Dei\u010dmane, [&hellip;]<\/p>\n","protected":false},"author":2,"featured_media":0,"comment_status":"open","ping_status":"open","sticky":false,"template":"","format":"standard","meta":{"inline_featured_image":false,"footnotes":""},"categories":[4],"tags":[],"class_list":["post-7170","post","type-post","status-publish","format-standard","hentry","category-kim-exhibitions"],"acf":[],"yoast_head":"<!-- This site is optimized with the Yoast SEO plugin v21.9 - https:\/\/yoast.com\/wordpress\/plugins\/seo\/ -->\n<title>Izst\u0101de-m\u0101kslas tirgus akcija Black Market III - Kim? Laikmet\u012bg\u0101s m\u0101kslas centrs<\/title>\n<meta name=\"robots\" content=\"index, follow, max-snippet:-1, max-image-preview:large, max-video-preview:-1\" \/>\n<link rel=\"canonical\" href=\"https:\/\/kim.lv\/lv\/black-market-iii\/\" \/>\n<meta property=\"og:locale\" content=\"lv_LV\" \/>\n<meta property=\"og:type\" content=\"article\" \/>\n<meta property=\"og:title\" content=\"[:lv]Izst\u0101de-m\u0101kslas tirgus akcija Black Market III[:] - Kim? Laikmet\u012bg\u0101s m\u0101kslas centrs\" \/>\n<meta property=\"og:description\" content=\"Piektdien, 9. decembr\u012b\u00a0plkst 18.00\u00a0Kim?\u00a0Laikmet\u012bg\u0101s m\u0101kslas centrs iel\u016bdz uz izst\u0101des\u00a0\u2013 m\u0101kslas tirgus akciju\u00a0Black Market III, kas tiks atkl\u0101ta ar Kaspara Gro\u0161eva DJ setu jaunaj\u0101 Kim?\u00a0off-space Skolas iel\u0101 18 &nbsp; Black Market III Izst\u0101de-m\u0101kslas tirgus akcija 10.-30. decembris, 2022 Darba laiks: 14:00-19.00 (aizv\u0113rts 24.-26.12) Kim?\u00a0off-space Skolas 18 &nbsp; Dal\u012bbnieki: U\u0123is Albi\u0146\u0161, \u0112riks Apa\u013cais, Anna Ceipe, Evel\u012bna Dei\u010dmane, [&hellip;]\" \/>\n<meta property=\"og:url\" content=\"https:\/\/kim.lv\/lv\/black-market-iii\/\" \/>\n<meta property=\"og:site_name\" content=\"Kim? Laikmet\u012bg\u0101s m\u0101kslas centrs\" \/>\n<meta property=\"article:published_time\" content=\"2022-12-08T10:14:21+00:00\" \/>\n<meta property=\"article:modified_time\" content=\"2022-12-08T21:01:39+00:00\" \/>\n<meta name=\"author\" content=\"Kim?\" \/>\n<meta name=\"twitter:card\" content=\"summary_large_image\" \/>\n<meta name=\"twitter:label1\" content=\"Written by\" \/>\n\t<meta name=\"twitter:data1\" content=\"Kim?\" \/>\n\t<meta name=\"twitter:label2\" content=\"Est. reading time\" \/>\n\t<meta name=\"twitter:data2\" content=\"2 minutes\" \/>\n<script type=\"application\/ld+json\" class=\"yoast-schema-graph\">{\"@context\":\"https:\/\/schema.org\",\"@graph\":[{\"@type\":\"WebPage\",\"@id\":\"https:\/\/kim.lv\/lv\/black-market-iii\/\",\"url\":\"https:\/\/kim.lv\/lv\/black-market-iii\/\",\"name\":\"[:lv]Izst\u0101de-m\u0101kslas tirgus akcija Black Market III[:] - Kim? Laikmet\u012bg\u0101s m\u0101kslas centrs\",\"isPartOf\":{\"@id\":\"https:\/\/kim.lv\/en\/#website\"},\"datePublished\":\"2022-12-08T10:14:21+00:00\",\"dateModified\":\"2022-12-08T21:01:39+00:00\",\"author\":{\"@id\":\"https:\/\/kim.lv\/en\/#\/schema\/person\/56f07ec6715af61b0d0ed9835c282330\"},\"breadcrumb\":{\"@id\":\"https:\/\/kim.lv\/lv\/black-market-iii\/#breadcrumb\"},\"inLanguage\":\"lv-LV\",\"potentialAction\":[{\"@type\":\"ReadAction\",\"target\":[\"https:\/\/kim.lv\/lv\/black-market-iii\/\"]}]},{\"@type\":\"BreadcrumbList\",\"@id\":\"https:\/\/kim.lv\/lv\/black-market-iii\/#breadcrumb\",\"itemListElement\":[{\"@type\":\"ListItem\",\"position\":1,\"name\":\"Home\",\"item\":\"https:\/\/kim.lv\/\"},{\"@type\":\"ListItem\",\"position\":2,\"name\":\"Izst\u0101de-m\u0101kslas tirgus akcija Black Market III\"}]},{\"@type\":\"WebSite\",\"@id\":\"https:\/\/kim.lv\/en\/#website\",\"url\":\"https:\/\/kim.lv\/en\/\",\"name\":\"Kim? Laikmet\u012bg\u0101s m\u0101kslas centrs\",\"description\":\"\",\"potentialAction\":[{\"@type\":\"SearchAction\",\"target\":{\"@type\":\"EntryPoint\",\"urlTemplate\":\"https:\/\/kim.lv\/en\/?s={search_term_string}\"},\"query-input\":\"required name=search_term_string\"}],\"inLanguage\":\"lv-LV\"},{\"@type\":\"Person\",\"@id\":\"https:\/\/kim.lv\/en\/#\/schema\/person\/56f07ec6715af61b0d0ed9835c282330\",\"name\":\"Kim?\",\"image\":{\"@type\":\"ImageObject\",\"inLanguage\":\"lv-LV\",\"@id\":\"https:\/\/kim.lv\/en\/#\/schema\/person\/image\/\",\"url\":\"https:\/\/secure.gravatar.com\/avatar\/95e223367867817ed896bcfb04f433d88d871bfbb4f33c528e26ce5c2786508f?s=96&d=mm&r=g\",\"contentUrl\":\"https:\/\/secure.gravatar.com\/avatar\/95e223367867817ed896bcfb04f433d88d871bfbb4f33c528e26ce5c2786508f?s=96&d=mm&r=g\",\"caption\":\"Kim?\"},\"url\":\"https:\/\/kim.lv\/lv\/author\/kim\/\"}]}<\/script>\n<!-- \/ Yoast SEO plugin. -->","yoast_head_json":{"title":"[:lv]Izst\u0101de-m\u0101kslas tirgus akcija Black Market III[:] - Kim? Laikmet\u012bg\u0101s m\u0101kslas centrs","robots":{"index":"index","follow":"follow","max-snippet":"max-snippet:-1","max-image-preview":"max-image-preview:large","max-video-preview":"max-video-preview:-1"},"canonical":"https:\/\/kim.lv\/lv\/black-market-iii\/","og_locale":"lv_LV","og_type":"article","og_title":"[:lv]Izst\u0101de-m\u0101kslas tirgus akcija Black Market III[:] - Kim? Laikmet\u012bg\u0101s m\u0101kslas centrs","og_description":"Piektdien, 9. decembr\u012b\u00a0plkst 18.00\u00a0Kim?\u00a0Laikmet\u012bg\u0101s m\u0101kslas centrs iel\u016bdz uz izst\u0101des\u00a0\u2013 m\u0101kslas tirgus akciju\u00a0Black Market III, kas tiks atkl\u0101ta ar Kaspara Gro\u0161eva DJ setu jaunaj\u0101 Kim?\u00a0off-space Skolas iel\u0101 18 &nbsp; Black Market III Izst\u0101de-m\u0101kslas tirgus akcija 10.-30. decembris, 2022 Darba laiks: 14:00-19.00 (aizv\u0113rts 24.-26.12) Kim?\u00a0off-space Skolas 18 &nbsp; Dal\u012bbnieki: U\u0123is Albi\u0146\u0161, \u0112riks Apa\u013cais, Anna Ceipe, Evel\u012bna Dei\u010dmane, [&hellip;]","og_url":"https:\/\/kim.lv\/lv\/black-market-iii\/","og_site_name":"Kim? Laikmet\u012bg\u0101s m\u0101kslas centrs","article_published_time":"2022-12-08T10:14:21+00:00","article_modified_time":"2022-12-08T21:01:39+00:00","author":"Kim?","twitter_card":"summary_large_image","twitter_misc":{"Written by":"Kim?","Est. reading time":"2 minutes"},"schema":{"@context":"https:\/\/schema.org","@graph":[{"@type":"WebPage","@id":"https:\/\/kim.lv\/lv\/black-market-iii\/","url":"https:\/\/kim.lv\/lv\/black-market-iii\/","name":"[:lv]Izst\u0101de-m\u0101kslas tirgus akcija Black Market III[:] - Kim? Laikmet\u012bg\u0101s m\u0101kslas centrs","isPartOf":{"@id":"https:\/\/kim.lv\/en\/#website"},"datePublished":"2022-12-08T10:14:21+00:00","dateModified":"2022-12-08T21:01:39+00:00","author":{"@id":"https:\/\/kim.lv\/en\/#\/schema\/person\/56f07ec6715af61b0d0ed9835c282330"},"breadcrumb":{"@id":"https:\/\/kim.lv\/lv\/black-market-iii\/#breadcrumb"},"inLanguage":"lv-LV","potentialAction":[{"@type":"ReadAction","target":["https:\/\/kim.lv\/lv\/black-market-iii\/"]}]},{"@type":"BreadcrumbList","@id":"https:\/\/kim.lv\/lv\/black-market-iii\/#breadcrumb","itemListElement":[{"@type":"ListItem","position":1,"name":"Home","item":"https:\/\/kim.lv\/"},{"@type":"ListItem","position":2,"name":"Izst\u0101de-m\u0101kslas tirgus akcija Black Market III"}]},{"@type":"WebSite","@id":"https:\/\/kim.lv\/en\/#website","url":"https:\/\/kim.lv\/en\/","name":"Kim? Laikmet\u012bg\u0101s m\u0101kslas centrs","description":"","potentialAction":[{"@type":"SearchAction","target":{"@type":"EntryPoint","urlTemplate":"https:\/\/kim.lv\/en\/?s={search_term_string}"},"query-input":"required name=search_term_string"}],"inLanguage":"lv-LV"},{"@type":"Person","@id":"https:\/\/kim.lv\/en\/#\/schema\/person\/56f07ec6715af61b0d0ed9835c282330","name":"Kim?","image":{"@type":"ImageObject","inLanguage":"lv-LV","@id":"https:\/\/kim.lv\/en\/#\/schema\/person\/image\/","url":"https:\/\/secure.gravatar.com\/avatar\/95e223367867817ed896bcfb04f433d88d871bfbb4f33c528e26ce5c2786508f?s=96&d=mm&r=g","contentUrl":"https:\/\/secure.gravatar.com\/avatar\/95e223367867817ed896bcfb04f433d88d871bfbb4f33c528e26ce5c2786508f?s=96&d=mm&r=g","caption":"Kim?"},"url":"https:\/\/kim.lv\/lv\/author\/kim\/"}]}},"_links":{"self":[{"href":"https:\/\/kim.lv\/lv\/wp-json\/wp\/v2\/posts\/7170","targetHints":{"allow":["GET"]}}],"collection":[{"href":"https:\/\/kim.lv\/lv\/wp-json\/wp\/v2\/posts"}],"about":[{"href":"https:\/\/kim.lv\/lv\/wp-json\/wp\/v2\/types\/post"}],"author":[{"embeddable":true,"href":"https:\/\/kim.lv\/lv\/wp-json\/wp\/v2\/users\/2"}],"replies":[{"embeddable":true,"href":"https:\/\/kim.lv\/lv\/wp-json\/wp\/v2\/comments?post=7170"}],"version-history":[{"count":8,"href":"https:\/\/kim.lv\/lv\/wp-json\/wp\/v2\/posts\/7170\/revisions"}],"predecessor-version":[{"id":7179,"href":"https:\/\/kim.lv\/lv\/wp-json\/wp\/v2\/posts\/7170\/revisions\/7179"}],"wp:attachment":[{"href":"https:\/\/kim.lv\/lv\/wp-json\/wp\/v2\/media?parent=7170"}],"wp:term":[{"taxonomy":"category","embeddable":true,"href":"https:\/\/kim.lv\/lv\/wp-json\/wp\/v2\/categories?post=7170"},{"taxonomy":"post_tag","embeddable":true,"href":"https:\/\/kim.lv\/lv\/wp-json\/wp\/v2\/tags?post=7170"}],"curies":[{"name":"wp","href":"https:\/\/api.w.org\/{rel}","templated":true}]}}