{"id":8035,"date":"2024-02-12T14:39:32","date_gmt":"2024-02-12T12:39:32","guid":{"rendered":"https:\/\/kim.lv\/?p=8035"},"modified":"2024-02-27T17:10:51","modified_gmt":"2024-02-27T15:10:51","slug":"faith-to-believe-or-not-by-annemarija-gulbe","status":"publish","type":"post","link":"https:\/\/kim.lv\/lv\/faith-to-believe-or-not-by-annemarija-gulbe\/","title":{"rendered":"Annemarija Gulbe \u201cGribi tici, gribi netici\u201d"},"content":{"rendered":"<strong>No 19. janv\u0101ra l\u012bdz 25. febru\u0101rim Kim? Laikmet\u012bg\u0101s m\u0101kslas centr\u0101 vienlaikus b\u016bs skat\u0101mas tr\u012bs\u00a0<i>Open Call<\/i>\u00a0<i>2023<\/i>\u00a0laure\u0101tu izst\u0101des. Kim? konkursu\u00a0<i>Open Call\u00a0<\/i>izsludina reizi gad\u0101 jaun\u0101s paaudzes m\u0101ksliniekiem, autoru kolekt\u012bviem un kuratoriem, un t\u0101 uzvar\u0113t\u0101jiem ir iesp\u0113ja \u012bstenot izst\u0101di Kim? izst\u0101\u017eu z\u0101l\u0113s.\u00a0<\/strong><\/p>\n<p>&nbsp;<\/p>\n<p><strong>Izst\u0101\u017eu atkl\u0101\u0161ana: 18. janv\u0101r\u012b 18.00.<\/strong><\/p>\n<p>&nbsp;<\/p>\n<p>Sakr\u0101l\u0101 arhitekt\u016bra pied\u0101v\u0101 mor\u0101las nor\u0101des, sarunu par s\u0101p\u0113m un cer\u012bbu. T\u0101 ievirza, aicina, iedvesmo un mulsina, izslejas un izplata savu saturu sabiedriskaj\u0101 ainav\u0101, paverot skatu uz pa\u0161a vainu un visaugst\u0101ko. T\u0101 k\u0101rdina ar \u017e\u0113last\u012bbu un m\u016b\u017e\u012bbu, fizisku un psiholo\u0123isku patv\u0113rumu, ko sola tikai tiem, kas peln\u012bju\u0161i.<\/p>\n<p>&nbsp;<\/p>\n<p>Pievienojoties kolekt\u012bvajam ritu\u0101lam, rodi iesp\u0113ju notic\u0113t, ka vari k\u013c\u016bt sev vai kam visaptvero\u0161am t\u012bkam\u0101ks, s\u0101kt at\u0161\u0137irt labo no \u013caun\u0101, v\u0113lamo no nev\u0113lam\u0101 un atl\u012bdz\u012bb\u0101 par \u0161iem p\u016bli\u0146iem g\u016bt univers\u0101las atbildes uz vissvar\u012bg\u0101kajiem jaut\u0101jumiem. Nost\u0101sti par p\u0101rdabisko rada bij\u012bbu k\u0101 pret iesp\u0113jamo sodu, t\u0101 pret formu, kr\u0101su un zelt\u012bjumu apdar\u0113. Materi\u0101ls un v\u0101rdi netiek \u017e\u0113loti virzot uz ap\u017e\u0113lo\u0161anu. Iebied\u0113\u0161anas tehnika vienlaikus manipul\u0113 un savalda.<\/p>\n<p>&nbsp;<\/p>\n<p>K\u0101 uzl\u016bkot kolekt\u012bvo tic\u012bbu vai netic\u012bbu reli\u0123ijai \u0161odien\u0101, p\u0113c perioda, kur\u0101 t\u0101 ofici\u0101li nepast\u0101v\u0113ja, bet vienlaikus klus\u012bb\u0101 vienoja sabiedr\u012bbu, dodot patv\u0113rumu un gl\u0101bi\u0146u? K\u0101 apl\u016bkot to, k\u0101 vizu\u0101lie, telpiskie un ska\u0146u (vai klusuma) elementi var izrais\u012bt sv\u0113tlaim\u012bgu saj\u016bsmu, tieksmi apbr\u012bnot iespaid\u012bgo telpu vai alt\u0101ri? Vai elpa aizraujas no est\u0113tiska p\u0101rdz\u012bvojuma vai t\u0101d\u0113\u013c, ka sastapts dievi\u0161\u0137ais? &#8220;Gribi tici, gribi netici&#8221; uzman\u012bgi p\u0101rjaut\u0101 reli\u0123ijas un est\u0113tikas attiec\u012bbas, vienlaikus analiz\u0113jot autores neitr\u0101lo (neizl\u0113m\u012bgo <strong>\u2014<\/strong> ne j\u0101, ne n\u0113) nost\u0101ju pret k\u0101das reli\u0123ijas praktiz\u0113\u0161anu.<\/p>\n<p>&nbsp;<\/p>\n<p>Izst\u0101des instal\u0101cija veidota ap video, kas tapis savienojot kolekt\u012bvo un person\u012bgo atmi\u0146u fragmentus: 1971.g. it k\u0101 p\u0113c zibens sp\u0113riena nodegu\u0161\u0101s V\u0101rmes bazn\u012bcas barok\u0101l\u0101 interjera foto dokument\u0101cijas, Skrunda TV si\u017eetus, kuros Annemarija redzama dziedot kor\u012b un ansambl\u012b atjaunotaj\u0101 V\u0101rmes bazn\u012bc\u0101, k\u0101 ar\u012b\u00a0 tekstu no gr\u0101matas &#8220;Esmu ateists. 25 atbildes uz jaut\u0101jumu: &#8220;K\u0101p\u0113c J\u016bs esat ateists&#8221; (Avots, R\u012bga, 1982.g.) Analiz\u0113jot un iegaum\u0113jot arvien vair\u0101k att\u0113lu, atmi\u0146a par sakr\u0101lo celtni k\u013cuvusi par emocion\u0101lu suven\u012bru, bet non\u0101k\u0161ana taj\u0101 atsauc p\u0101rdomas par izv\u0113l\u0113m un nost\u0101ju.<\/p>\n<p>&nbsp;<\/p>\n<p>Teksts: Annemarija Gulbe<\/p>\n<p>Kuratore: Evita Goze<\/p>\n<p>&nbsp;<\/p>\n<h4><span style=\"text-decoration: underline;\">Annemarija Gulbe<\/span> (1997) str\u0101d\u0101 ar fotogr\u0101fiju, video un instal\u0101ciju. Absolv\u0113jusi Latvijas M\u0101kslas akad\u0113mijas Vizu\u0101l\u0101s komunik\u0101cijas noda\u013cu, apguvusi fotogr\u0101fiju ISSP Skol\u0101 un Andreja Granta studij\u0101. Viena no Kim? <em>Open Call<\/em> konkursa laure\u0101t\u0113m (2023), BDO Jauno m\u0101kslinieku balvas fin\u0101list\u0113m (2023), sa\u0146\u0113musi <em>Grand Prix<\/em> un rezidenci laikmet\u012bg\u0101s m\u0101kslas bienn\u0101l\u0113 <em>Jeune creation Europ\u00e9ene<\/em> Par\u012bz\u0113 (2019), ieguvusi FK Balvu k\u0101 lab\u0101k\u0101 jaun\u0101 latvie\u0161u fotogr\u0101fe (2018). Nesen\u0101s person\u0101lizst\u0101des: &#8220;Zem ie\u017eu velv\u0113m kupolveida strukt\u016br\u0101s&#8221; (Kuld\u012bgas novada m\u0101kslinieku rezidence, Alsunga, 2023), &#8220;Izaicin\u0101jums p\u0101rmantojam\u012bbai&#8221; galerij\u0101 <em>Look!<\/em> (R\u012bga, 2023); <em>Love re-search<\/em> ISSP galerij\u0101 (R\u012bga, 2020) un fotofestiv\u0101l\u0101<em> Organ Vida<\/em> (Zagreba, 2019). Vi\u0146a kur\u0113jusi grupas izst\u0101di &#8220;Decentr\u0113jot, izklied\u0113jot, vienuviet&#8221; Padures mui\u017e\u0101 (2023). Piedal\u012bjusies grupu izst\u0101d\u0113s Latvij\u0101 un starptautiski.<\/h4>\n<p>&nbsp;<\/p>\n<p><b>Atbalst\u012bt\u0101ji:<\/b><b><br \/>\n<\/b>Kult\u016bras ministrija, Valsts kult\u016brkapit\u0101la fonds, Absolut, Valmiermui\u017eas alus.","protected":false},"excerpt":{"rendered":"<p>No 19. janv\u0101ra l\u012bdz 25. febru\u0101rim Kim? Laikmet\u012bg\u0101s m\u0101kslas centr\u0101 vienlaikus b\u016bs skat\u0101mas tr\u012bs\u00a0Open Call\u00a02023\u00a0laure\u0101tu izst\u0101des. Kim? konkursu\u00a0Open Call\u00a0izsludina reizi gad\u0101 jaun\u0101s paaudzes m\u0101ksliniekiem, autoru kolekt\u012bviem un kuratoriem, un t\u0101 uzvar\u0113t\u0101jiem ir iesp\u0113ja \u012bstenot izst\u0101di Kim? izst\u0101\u017eu z\u0101l\u0113s.\u00a0 &nbsp; Izst\u0101\u017eu atkl\u0101\u0161ana: 18. janv\u0101r\u012b 18.00. &nbsp; Sakr\u0101l\u0101 arhitekt\u016bra pied\u0101v\u0101 mor\u0101las nor\u0101des, sarunu par s\u0101p\u0113m un cer\u012bbu. [&hellip;]<\/p>\n","protected":false},"author":2,"featured_media":8036,"comment_status":"open","ping_status":"open","sticky":false,"template":"","format":"standard","meta":{"inline_featured_image":false,"footnotes":""},"categories":[4],"tags":[],"class_list":["post-8035","post","type-post","status-publish","format-standard","has-post-thumbnail","hentry","category-kim-exhibitions"],"acf":[],"yoast_head":"<!-- This site is optimized with the Yoast SEO plugin v21.9 - https:\/\/yoast.com\/wordpress\/plugins\/seo\/ -->\n<title>Annemarija Gulbe \u201cGribi tici, gribi netici\u201d - Kim? Laikmet\u012bg\u0101s m\u0101kslas centrs<\/title>\n<meta name=\"robots\" content=\"index, follow, max-snippet:-1, max-image-preview:large, max-video-preview:-1\" \/>\n<link rel=\"canonical\" href=\"https:\/\/kim.lv\/faith-to-believe-or-not-by-annemarija-gulbe\/\" \/>\n<meta property=\"og:locale\" content=\"lv_LV\" \/>\n<meta property=\"og:type\" content=\"article\" \/>\n<meta property=\"og:title\" content=\"[:en]&quot;Faith to Believe \u2013 Or Not&quot; by Annemarija Gulbe[:lv]Annemarija Gulbe \u201cGribi tici, gribi netici\u201d[:] - Kim? Laikmet\u012bg\u0101s m\u0101kslas centrs\" \/>\n<meta property=\"og:description\" content=\"No 19. janv\u0101ra l\u012bdz 25. febru\u0101rim Kim? Laikmet\u012bg\u0101s m\u0101kslas centr\u0101 vienlaikus b\u016bs skat\u0101mas tr\u012bs\u00a0Open Call\u00a02023\u00a0laure\u0101tu izst\u0101des. Kim? konkursu\u00a0Open Call\u00a0izsludina reizi gad\u0101 jaun\u0101s paaudzes m\u0101ksliniekiem, autoru kolekt\u012bviem un kuratoriem, un t\u0101 uzvar\u0113t\u0101jiem ir iesp\u0113ja \u012bstenot izst\u0101di Kim? izst\u0101\u017eu z\u0101l\u0113s.\u00a0 &nbsp; Izst\u0101\u017eu atkl\u0101\u0161ana: 18. janv\u0101r\u012b 18.00. &nbsp; Sakr\u0101l\u0101 arhitekt\u016bra pied\u0101v\u0101 mor\u0101las nor\u0101des, sarunu par s\u0101p\u0113m un cer\u012bbu. [&hellip;]\" \/>\n<meta property=\"og:url\" content=\"https:\/\/kim.lv\/faith-to-believe-or-not-by-annemarija-gulbe\/\" \/>\n<meta property=\"og:site_name\" content=\"Kim? Laikmet\u012bg\u0101s m\u0101kslas centrs\" \/>\n<meta property=\"article:published_time\" content=\"2024-02-12T12:39:32+00:00\" \/>\n<meta property=\"article:modified_time\" content=\"2024-02-27T15:10:51+00:00\" \/>\n<meta property=\"og:image\" content=\"http:\/\/kim.lv\/wp-content\/uploads\/2024\/02\/1_Annemarija-Gulbe-2023-1.jpg\" \/>\n\t<meta property=\"og:image:width\" content=\"2206\" \/>\n\t<meta property=\"og:image:height\" content=\"1236\" \/>\n\t<meta property=\"og:image:type\" content=\"image\/jpeg\" \/>\n<meta name=\"author\" content=\"Kim?\" \/>\n<meta name=\"twitter:card\" content=\"summary_large_image\" \/>\n<meta name=\"twitter:label1\" content=\"Written by\" \/>\n\t<meta name=\"twitter:data1\" content=\"Kim?\" \/>\n\t<meta name=\"twitter:label2\" content=\"Est. reading time\" \/>\n\t<meta name=\"twitter:data2\" content=\"3 minutes\" \/>\n<script type=\"application\/ld+json\" class=\"yoast-schema-graph\">{\"@context\":\"https:\/\/schema.org\",\"@graph\":[{\"@type\":\"WebPage\",\"@id\":\"https:\/\/kim.lv\/faith-to-believe-or-not-by-annemarija-gulbe\/\",\"url\":\"https:\/\/kim.lv\/faith-to-believe-or-not-by-annemarija-gulbe\/\",\"name\":\"[:en]\\\"Faith to Believe \u2013 Or Not\\\" by Annemarija Gulbe[:lv]Annemarija Gulbe \u201cGribi tici, gribi netici\u201d[:] - Kim? Laikmet\u012bg\u0101s m\u0101kslas centrs\",\"isPartOf\":{\"@id\":\"https:\/\/kim.lv\/en\/#website\"},\"datePublished\":\"2024-02-12T12:39:32+00:00\",\"dateModified\":\"2024-02-27T15:10:51+00:00\",\"author\":{\"@id\":\"https:\/\/kim.lv\/en\/#\/schema\/person\/56f07ec6715af61b0d0ed9835c282330\"},\"breadcrumb\":{\"@id\":\"https:\/\/kim.lv\/faith-to-believe-or-not-by-annemarija-gulbe\/#breadcrumb\"},\"inLanguage\":\"lv-LV\",\"potentialAction\":[{\"@type\":\"ReadAction\",\"target\":[\"https:\/\/kim.lv\/faith-to-believe-or-not-by-annemarija-gulbe\/\"]}]},{\"@type\":\"BreadcrumbList\",\"@id\":\"https:\/\/kim.lv\/faith-to-believe-or-not-by-annemarija-gulbe\/#breadcrumb\",\"itemListElement\":[{\"@type\":\"ListItem\",\"position\":1,\"name\":\"Home\",\"item\":\"https:\/\/kim.lv\/\"},{\"@type\":\"ListItem\",\"position\":2,\"name\":\"&#8220;Faith to Believe \u2013 Or Not&#8221; by Annemarija Gulbe\"}]},{\"@type\":\"WebSite\",\"@id\":\"https:\/\/kim.lv\/en\/#website\",\"url\":\"https:\/\/kim.lv\/en\/\",\"name\":\"Kim? Laikmet\u012bg\u0101s m\u0101kslas centrs\",\"description\":\"\",\"potentialAction\":[{\"@type\":\"SearchAction\",\"target\":{\"@type\":\"EntryPoint\",\"urlTemplate\":\"https:\/\/kim.lv\/en\/?s={search_term_string}\"},\"query-input\":\"required name=search_term_string\"}],\"inLanguage\":\"lv-LV\"},{\"@type\":\"Person\",\"@id\":\"https:\/\/kim.lv\/en\/#\/schema\/person\/56f07ec6715af61b0d0ed9835c282330\",\"name\":\"Kim?\",\"image\":{\"@type\":\"ImageObject\",\"inLanguage\":\"lv-LV\",\"@id\":\"https:\/\/kim.lv\/en\/#\/schema\/person\/image\/\",\"url\":\"https:\/\/secure.gravatar.com\/avatar\/95e223367867817ed896bcfb04f433d88d871bfbb4f33c528e26ce5c2786508f?s=96&d=mm&r=g\",\"contentUrl\":\"https:\/\/secure.gravatar.com\/avatar\/95e223367867817ed896bcfb04f433d88d871bfbb4f33c528e26ce5c2786508f?s=96&d=mm&r=g\",\"caption\":\"Kim?\"},\"url\":\"https:\/\/kim.lv\/lv\/author\/kim\/\"}]}<\/script>\n<!-- \/ Yoast SEO plugin. -->","yoast_head_json":{"title":"[:en]\"Faith to Believe \u2013 Or Not\" by Annemarija Gulbe[:lv]Annemarija Gulbe \u201cGribi tici, gribi netici\u201d[:] - Kim? Laikmet\u012bg\u0101s m\u0101kslas centrs","robots":{"index":"index","follow":"follow","max-snippet":"max-snippet:-1","max-image-preview":"max-image-preview:large","max-video-preview":"max-video-preview:-1"},"canonical":"https:\/\/kim.lv\/faith-to-believe-or-not-by-annemarija-gulbe\/","og_locale":"lv_LV","og_type":"article","og_title":"[:en]\"Faith to Believe \u2013 Or Not\" by Annemarija Gulbe[:lv]Annemarija Gulbe \u201cGribi tici, gribi netici\u201d[:] - Kim? Laikmet\u012bg\u0101s m\u0101kslas centrs","og_description":"No 19. janv\u0101ra l\u012bdz 25. febru\u0101rim Kim? Laikmet\u012bg\u0101s m\u0101kslas centr\u0101 vienlaikus b\u016bs skat\u0101mas tr\u012bs\u00a0Open Call\u00a02023\u00a0laure\u0101tu izst\u0101des. Kim? konkursu\u00a0Open Call\u00a0izsludina reizi gad\u0101 jaun\u0101s paaudzes m\u0101ksliniekiem, autoru kolekt\u012bviem un kuratoriem, un t\u0101 uzvar\u0113t\u0101jiem ir iesp\u0113ja \u012bstenot izst\u0101di Kim? izst\u0101\u017eu z\u0101l\u0113s.\u00a0 &nbsp; Izst\u0101\u017eu atkl\u0101\u0161ana: 18. janv\u0101r\u012b 18.00. &nbsp; Sakr\u0101l\u0101 arhitekt\u016bra pied\u0101v\u0101 mor\u0101las nor\u0101des, sarunu par s\u0101p\u0113m un cer\u012bbu. [&hellip;]","og_url":"https:\/\/kim.lv\/faith-to-believe-or-not-by-annemarija-gulbe\/","og_site_name":"Kim? Laikmet\u012bg\u0101s m\u0101kslas centrs","article_published_time":"2024-02-12T12:39:32+00:00","article_modified_time":"2024-02-27T15:10:51+00:00","og_image":[{"width":2206,"height":1236,"url":"http:\/\/kim.lv\/wp-content\/uploads\/2024\/02\/1_Annemarija-Gulbe-2023-1.jpg","type":"image\/jpeg"}],"author":"Kim?","twitter_card":"summary_large_image","twitter_misc":{"Written by":"Kim?","Est. reading time":"3 minutes"},"schema":{"@context":"https:\/\/schema.org","@graph":[{"@type":"WebPage","@id":"https:\/\/kim.lv\/faith-to-believe-or-not-by-annemarija-gulbe\/","url":"https:\/\/kim.lv\/faith-to-believe-or-not-by-annemarija-gulbe\/","name":"[:en]\"Faith to Believe \u2013 Or Not\" by Annemarija Gulbe[:lv]Annemarija Gulbe \u201cGribi tici, gribi netici\u201d[:] - Kim? Laikmet\u012bg\u0101s m\u0101kslas centrs","isPartOf":{"@id":"https:\/\/kim.lv\/en\/#website"},"datePublished":"2024-02-12T12:39:32+00:00","dateModified":"2024-02-27T15:10:51+00:00","author":{"@id":"https:\/\/kim.lv\/en\/#\/schema\/person\/56f07ec6715af61b0d0ed9835c282330"},"breadcrumb":{"@id":"https:\/\/kim.lv\/faith-to-believe-or-not-by-annemarija-gulbe\/#breadcrumb"},"inLanguage":"lv-LV","potentialAction":[{"@type":"ReadAction","target":["https:\/\/kim.lv\/faith-to-believe-or-not-by-annemarija-gulbe\/"]}]},{"@type":"BreadcrumbList","@id":"https:\/\/kim.lv\/faith-to-believe-or-not-by-annemarija-gulbe\/#breadcrumb","itemListElement":[{"@type":"ListItem","position":1,"name":"Home","item":"https:\/\/kim.lv\/"},{"@type":"ListItem","position":2,"name":"&#8220;Faith to Believe \u2013 Or Not&#8221; by Annemarija Gulbe"}]},{"@type":"WebSite","@id":"https:\/\/kim.lv\/en\/#website","url":"https:\/\/kim.lv\/en\/","name":"Kim? Laikmet\u012bg\u0101s m\u0101kslas centrs","description":"","potentialAction":[{"@type":"SearchAction","target":{"@type":"EntryPoint","urlTemplate":"https:\/\/kim.lv\/en\/?s={search_term_string}"},"query-input":"required name=search_term_string"}],"inLanguage":"lv-LV"},{"@type":"Person","@id":"https:\/\/kim.lv\/en\/#\/schema\/person\/56f07ec6715af61b0d0ed9835c282330","name":"Kim?","image":{"@type":"ImageObject","inLanguage":"lv-LV","@id":"https:\/\/kim.lv\/en\/#\/schema\/person\/image\/","url":"https:\/\/secure.gravatar.com\/avatar\/95e223367867817ed896bcfb04f433d88d871bfbb4f33c528e26ce5c2786508f?s=96&d=mm&r=g","contentUrl":"https:\/\/secure.gravatar.com\/avatar\/95e223367867817ed896bcfb04f433d88d871bfbb4f33c528e26ce5c2786508f?s=96&d=mm&r=g","caption":"Kim?"},"url":"https:\/\/kim.lv\/lv\/author\/kim\/"}]}},"_links":{"self":[{"href":"https:\/\/kim.lv\/lv\/wp-json\/wp\/v2\/posts\/8035","targetHints":{"allow":["GET"]}}],"collection":[{"href":"https:\/\/kim.lv\/lv\/wp-json\/wp\/v2\/posts"}],"about":[{"href":"https:\/\/kim.lv\/lv\/wp-json\/wp\/v2\/types\/post"}],"author":[{"embeddable":true,"href":"https:\/\/kim.lv\/lv\/wp-json\/wp\/v2\/users\/2"}],"replies":[{"embeddable":true,"href":"https:\/\/kim.lv\/lv\/wp-json\/wp\/v2\/comments?post=8035"}],"version-history":[{"count":8,"href":"https:\/\/kim.lv\/lv\/wp-json\/wp\/v2\/posts\/8035\/revisions"}],"predecessor-version":[{"id":8140,"href":"https:\/\/kim.lv\/lv\/wp-json\/wp\/v2\/posts\/8035\/revisions\/8140"}],"wp:featuredmedia":[{"embeddable":true,"href":"https:\/\/kim.lv\/lv\/wp-json\/wp\/v2\/media\/8036"}],"wp:attachment":[{"href":"https:\/\/kim.lv\/lv\/wp-json\/wp\/v2\/media?parent=8035"}],"wp:term":[{"taxonomy":"category","embeddable":true,"href":"https:\/\/kim.lv\/lv\/wp-json\/wp\/v2\/categories?post=8035"},{"taxonomy":"post_tag","embeddable":true,"href":"https:\/\/kim.lv\/lv\/wp-json\/wp\/v2\/tags?post=8035"}],"curies":[{"name":"wp","href":"https:\/\/api.w.org\/{rel}","templated":true}]}}