{"id":8228,"date":"2024-05-07T22:41:00","date_gmt":"2024-05-07T19:41:00","guid":{"rendered":"https:\/\/kim.lv\/?p=8228"},"modified":"2026-04-16T16:47:26","modified_gmt":"2026-04-16T13:47:26","slug":"new-address-eden","status":"publish","type":"post","link":"https:\/\/kim.lv\/lv\/new-address-eden\/","title":{"rendered":"\u201cJauna adrese: \u0112DENE\u201d"},"content":{"rendered":"Starptautisks laikmet\u012bg\u0101s m\u0101kslas festiv\u0101ls un performan\u010du programma<\/p>\n<p>&nbsp;<\/p>\n<p><strong><span style=\"text-decoration: underline;\">Norise:<\/span><\/strong> 8. j\u016bnijs \u2013 4. augusts, 2024<br \/>\n<strong><span style=\"text-decoration: underline;\">Vieta:<\/span><\/strong> Hanzas 22, R\u012bga<br \/>\n<strong><span style=\"text-decoration: underline;\">Atkl\u0101\u0161ana:<\/span> <\/strong>7. j\u016bnijs, 2024<\/p>\n<p>&nbsp;<\/p>\n<p><strong><u>Atkl\u0101\u0161anas vakara programma<\/u><br \/>\n18.00 Durvis atv\u0113rtas<br \/>\n19.00 Atkl\u0101\u0161anas runa<br \/>\n19.30 Evitas Mand\u017ei performance<br \/>\n20.30 <em>Young Boy Dancing Group<\/em> performance<\/strong><br \/>\n<strong>21.00\u201403.00 DJ seti pagalm\u0101: Eleanora Sljanda, Muuzis, Indri\u0137is \u0122elzis<\/strong><\/p>\n<p>&nbsp;<\/p>\n<p>&nbsp;<\/p>\n<p><span style=\"text-decoration: underline;\"><strong>Dal\u012bbnieki:<\/strong><\/span><\/p>\n<p><b>J\u0101nis Dzirnieks<\/b><span style=\"font-weight: 400;\"> (LV), <\/span><b>Santa France <\/b><span style=\"font-weight: 400;\">(LV), <\/span><b>Kaspars Gro\u0161evs<\/b><span style=\"font-weight: 400;\"> (LV), <strong>Skajs Hopinka<\/strong> (<\/span><em>Sky Hopinka<\/em>, <span style=\"font-weight: 400;\">ASV),<\/span> <b>Laura Kaminskaite<\/b><span style=\"font-weight: 400;\"> (LT), <\/span><b>Sa\u0146a Kantarovskis<\/b><span style=\"font-weight: 400;\"> (<\/span><i><span style=\"font-weight: 400;\">Sanya Kantarovsky<\/span><\/i><span style=\"font-weight: 400;\">, ASV), <\/span><b>Nikita Kadans<\/b><span style=\"font-weight: 400;\"> (<\/span><i><span style=\"font-weight: 400;\">Nikita Kadan<\/span><\/i><span style=\"font-weight: 400;\">, UA), <\/span><b>Viktors Timofejevs<\/b><span style=\"font-weight: 400;\"> (ASV\/LV), <\/span><b>apvien\u012bba \u201cT\u012brkult\u016bra\u201d <\/b><span style=\"font-weight: 400;\">(Rolands P\u0113terkops, Em\u012bls Jansons, <i>habibah akila jamila<\/i>, Reinis Sem\u0113vics, Maikls Holands, LV), <\/span><b>Agate T\u016bna <\/b><span style=\"font-weight: 400;\">(LV),\u00a0 <\/span><b>Evita Vasi\u013cjeva<\/b><span style=\"font-weight: 400;\"> (LV\/FR), <\/span><b>Jonass Vendel\u012bns<\/b><span style=\"font-weight: 400;\"> (<\/span><i><span style=\"font-weight: 400;\">Jonas Wendelin<\/span><\/i><span style=\"font-weight: 400;\">, DE) un <\/span><b>Evita Mand\u017ei <\/b><span style=\"font-weight: 400;\">(<\/span><i><span style=\"font-weight: 400;\">Evita Manji<\/span><\/i><span style=\"font-weight: 400;\">, GR), <\/span><b><i>Young Boy Dancing Group<\/i><\/b><b> (YBDG)<\/b><span style=\"font-weight: 400;\">.<\/span><\/p>\n<p><span style=\"font-weight: 400;\">\u00a0<\/span><\/p>\n<p><span style=\"font-weight: 400;\">Festiv\u0101la kuratores: <\/span><b>Evita Goze, \u017danete Liek\u012bte, Zane Onckule<\/b><\/p>\n<p><span style=\"font-weight: 400;\">Festiv\u0101la direktore: <\/span><b>Zane \u010culkst\u0113na<\/b><\/p>\n<p><span style=\"font-weight: 400;\">Dizains: <\/span><b>Kri\u0161s Salmanis<\/b><\/p>\n<p><span style=\"font-weight: 400;\">Komunik\u0101cija: <\/span><b>Austra Stupele<\/b><\/p>\n<p><span style=\"font-weight: 400;\">Projekta vad\u012bba: <\/span><b>Katr\u012bna Jau\u0123iete, \u017danete Liek\u012bte<\/b><\/p>\n<p>Kim? pagalma komanda: <strong>Ren\u0101te Lagzdi\u0146a, Ilze Ruk\u0161\u0101ne<\/strong><\/p>\n<p>Tehnisk\u0101 komanda:<b> Aldis Bu\u0161s, Kaspars Kalni\u0146\u0161, <\/b><b>Andris Mara\u010dkovskis, Rom\u0101ns Medvedevs, J\u0101nis Noviks, <em>Skatuves tehnika<\/em><\/b><\/p>\n<p><b>\u00a0<\/b><\/p>\n<p><span style=\"text-decoration: underline;\"><strong>Izst\u0101des darba laiks:<\/strong><\/span><\/p>\n<p><span style=\"font-weight: 400;\">Tre\u0161diena \u2013 piektdiena 14.00\u201319.00<\/span><\/p>\n<p><span style=\"font-weight: 400;\">Sestdiena 12.00\u201319.00<\/span><\/p>\n<p><span style=\"font-weight: 400;\">Sv\u0113tdiena 12.00\u201317.00<\/span><\/p>\n<p><span style=\"font-weight: 400;\">Sl\u0113gts: 22.\u201324. j\u016bnij\u0101<\/span><\/p>\n<p><span style=\"font-weight: 400;\">\u00a0<\/span><\/p>\n<p><span style=\"font-weight: 400;\">\u00a0<\/span><\/p>\n<p><span style=\"font-weight: 400;\">Atz\u012bm\u0113jot 15 past\u0101v\u0113\u0161anas gadus, Kim? Laikmet\u012bg\u0101s m\u0101kslas centrs n\u0101k klaj\u0101 ar ikgad\u0113ju starptautisku laikmet\u012bg\u0101s m\u0101kslas festiv\u0101lu R\u012bg\u0101. Kop\u0161 publisk\u0101s darb\u012bbas uzs\u0101k\u0161anas 2009. gad\u0101 Kim? ir saglab\u0101jis re\u0123iona m\u0101kslas noris\u0113s noz\u012bm\u012bgas platformas statusu, konsekventi sniedzot p\u0101rdom\u0101tu ieguld\u012bjumu laikmet\u012bg\u0101s m\u0101kslas programm\u0101s. Svinot jubileju un apcerot n\u0101kotnes darb\u012bbas virzienus, Kim? papla\u0161ina fizisko un saturisko v\u0113rienu, piesakot savas topo\u0161\u0101s jaun\u0101s telpas \u2013 v\u0113sturisku pirmsrenov\u0101cijas \u0113ku un tai piegu\u013co\u0161o iek\u0161pagalmu Hanzas iel\u0101 22 \u2013 un iez\u012bm\u0113jot svin\u012bgu br\u012bdi ne tikai instit\u016bcijai, bet ar\u012b Latvijas un Baltijas m\u0101kslas ainai kopum\u0101.<\/span><\/p>\n<p><span style=\"font-weight: 400;\">\u00a0<\/span><\/p>\n<p><span style=\"font-weight: 400;\">Ap to laiku, kad Kim? v\u0113ra durvis sav\u0101 pirmaj\u0101 m\u0101jviet\u0101, toreiz\u0113j\u0101 Sp\u012b\u0137eru rado\u0161aj\u0101 kvart\u0101l\u0101 pie Centr\u0101ltirgus, amerik\u0101\u0146u m\u0101kslas v\u0113sturnieks Deivids Joselits (<\/span><i><span style=\"font-weight: 400;\">David Joselit<\/span><\/i><span style=\"font-weight: 400;\">) public\u0113ja noz\u012bm\u012bgo eseju <\/span><i><span style=\"font-weight: 400;\">Institutional Responsibility: The Short Life of Orchard<\/span><\/i><span style=\"font-weight: 400;\">, kas velt\u012bta tobr\u012bd nesen sl\u0113gtajai m\u0101kslinieku vad\u012btajai galerijai <\/span><i><span style=\"font-weight: 400;\">Orchard<\/span><\/i><span style=\"font-weight: 400;\">, kura jau s\u0101kotn\u0113ji bija iecer\u0113ta k\u0101 tr\u012bsgad\u012bgs projekts. Atsaukdamies uz m\u0101kslas strukt\u016bru, kas darboj\u0101s citos, b\u016btiski at\u0161\u0137ir\u012bgos apst\u0101k\u013cos un form\u0101cij\u0101, autors apskat\u012bja &#8220;institucion\u0101l\u0101s kritikas&#8221; realit\u0101ti, k\u0101 ar\u012b m\u0101kslas telpu un, pla\u0161\u0101k\u0101 izpratn\u0113, m\u0101kslas infrastrukt\u016bras past\u0101v\u0113\u0161anas kompleksit\u0101tes un pavado\u0161\u0101s diskusijas un l\u0113mumus, kas nav k\u013cuvu\u0161i maz\u0101k aktu\u0101li ar\u012b \u0161eit un \u0161odien. Tie\u0161i \u201c\u0112DENES\u201d un \u012bpa\u0161i Kim? nosaukum\u0101 ietvert\u0101 jaut\u0101juma (\u201cKas ir m\u0101ksla?\u201d) griezum\u0101 <\/span><i><span style=\"font-weight: 400;\">\u0161\u012bs<\/span><\/i><span style=\"font-weight: 400;\"> atbild\u012bbas noz\u012bme ir cie\u0161i saist\u012bta ar simtiem indiv\u012bdu, bez kuru kl\u0101tb\u016btnes un padoma m\u016bsu \u201cinstitucion\u0101l\u0101s\u201d jeb \u201carhitektonisk\u0101s\u201d aprises neb\u016btu nodro\u0161in\u0101tas un \u2013 kas m\u016bsu gad\u012bjum\u0101 daudz svar\u012bg\u0101k \u2013 neturpin\u0101tos.<\/span><\/p>\n<p><span style=\"font-weight: 400;\">\u00a0<\/span><\/p>\n<p><span style=\"font-weight: 400;\">Konceptu\u0101li \u201c\u0112DENE\u201d atkl\u0101jas k\u0101 izst\u0101de\/vieta\/performance. Pies\u016bcin\u0101ts ar v\u0113stures sl\u0101\u0146iem, pats m\u0113\u0123in\u0101jums doties \u0161aj\u0101 neapdz\u012bvotaj\u0101 vid\u0113 k\u013c\u016bst par metaforu m\u0101kslinieku-a\u0123entu konkr\u0113t\u0101s soci\u0101l\u0101s telpas noska\u0146u un revibr\u0101ciju p\u0113t\u012bjumiem. B\u016bv\u0113jot \u201c\u0112DENI\u201d, viens no ac\u012bmredzam\u0101kajiem jaut\u0101jumiem ir saist\u012bts ar ba\u017e\u0101m tikt no t\u0101s izraid\u012btiem. Tom\u0113r l\u012bdz\u0101s \u0161aub\u0101m rodas jauna izdev\u012bba apstr\u012bd\u0113t ierasto vizualit\u0101ti k\u0101 iespaida rad\u012b\u0161anas normu.<\/span><\/p>\n<p><span style=\"font-weight: 400;\">\u00a0<\/span><\/p>\n<p><span style=\"font-weight: 400;\">Dialog\u0101 ar iesaist\u012btajiem m\u0101ksliniekiem \u201c\u0112DENES\u201d tematisko arku iez\u012bm\u0113 piev\u0113r\u0161an\u0101s iluzorajiem pa\u0161reprezent\u0101cijas r\u012bkiem, refleksij\u0101m par \u0161odienas sabiedr\u012bbu t\u0101s da\u017e\u0101daj\u0101s izpausm\u0113s, valdo\u0161aj\u0101m ideolo\u0123ij\u0101m, publisko un priv\u0101to telpu. T\u0101 atkl\u0101jas k\u0101 sensora pieredze, ko rada divu agr\u0101k realiz\u0113tu instal\u0101ciju \u2013 <\/span><i><span style=\"font-weight: 400;\">Bed-Room-Bed<\/span><\/i><span style=\"font-weight: 400;\"> un <\/span><i><span style=\"font-weight: 400;\">Impulse<\/span><\/i><span style=\"font-weight: 400;\"> \u2013 sakaus\u0113jums (<\/span><b>Evita Vasi\u013cjeva<\/b><span style=\"font-weight: 400;\">), performat\u012bvs radio sign\u0101lus tvero\u0161s un raido\u0161s \u201c\u0112denes kabinets\u201d (<\/span><b>T\u012brkult\u016bra<\/b><span style=\"font-weight: 400;\">), \u010detrus savstarp\u0113j\u0101 horeogr\u0101fij\u0101 iesaist\u012btus person\u0101\u017eus dokument\u0113jo\u0161a videodarba pirmizr\u0101de (<\/span><b>Viktors Timofejevs<\/b><span style=\"font-weight: 400;\">), audiovizu\u0101la instal\u0101cija k\u0101 cilv\u0113ces agr\u012bno arhitektonisko formu p\u0101rc\u0113lums, kas sv\u0101rst\u0101s starp pirm\u0113jo s\u0101kotni un nemit\u012bgi no jauna uznirsto\u0161u digit\u0101lo ekosf\u0113ru ar t\u0101s skaniskaj\u0101m atmi\u0146\u0101m <\/span><b>(Jonass Vendel\u012bns, Evita Mand\u017ei)<\/b><span style=\"font-weight: 400;\">, interjer\u0101 ievietotas, klus\u0113jo\u0161as lielform\u0101ta m\u016bsdienu sabiedr\u012bbas <\/span><i><span style=\"font-weight: 400;\">vanitas<\/span><\/i><span style=\"font-weight: 400;\"> (<\/span><b>Santa France<\/b><span style=\"font-weight: 400;\">), vietai piesaist\u012bts skulptur\u0101lu darbu kopums, kas izriet no intereses par visp\u0101r\u0113ju pak\u013caut\u012bbu optimiz\u0101cijai un rezult\u0113jas iek\u0161\u0113ji augo\u0161\u0101 kompleksit\u0101t\u0113 (<\/span><b>J\u0101nis Dzirnieks<\/b><span style=\"font-weight: 400;\">), r\u016bp\u012bgi veidota datoranim\u0101cija, kura izseko ne-glu\u017ei-cilv\u0113ciska varo\u0146a nemierpilnaj\u0101m aktivit\u0101t\u0113m un apcer t\u0113lu veido\u0161anas il\u016bzijas, sabiedr\u012bbu, ideolo\u0123iju un pati \u201csevi\u201d (<\/span><b>Sa\u0146a Kantarovskis<\/b><span style=\"font-weight: 400;\">), pozit\u012bv\u0101s-negat\u012bv\u0101s telpas apcero\u0161s, spokains telpisks iek\u0101rtojums (<\/span><b>Agate T\u016bna<\/b><span style=\"font-weight: 400;\">), vietai piesaist\u012bta instal\u0101cija, kas uzsver saskari ar izst\u0101des apmekl\u0113t\u0101ju trauslo atmi\u0146u un r\u016bp\u012bgi izmekl\u0113tu neviennoz\u012bm\u012bbu un ikdien\u012bbu (<\/span><b>Laura Kaminskaite<\/b><span style=\"font-weight: 400;\">), skarba sentimenta pies\u0101tin\u0101ta, ieilgu\u0161o re\u0123ion\u0101lo konfliktu fiks\u0113jo\u0161a trausla liec\u012bba (<\/span><b>Nikita Kadans<\/b><span style=\"font-weight: 400;\">), ritmisks st\u0101sts par koloni\u0101l\u0101s laup\u012b\u0161anas gar\u012bgaj\u0101m sek\u0101m, sapludin\u0101t\u0101m ar zemi, debes\u012bm, j\u016bru, m\u012btu un vietu (<\/span><b>Sky Hopinka<\/b><span style=\"font-weight: 400;\">), k\u0101 ar\u012b dzi\u013ci int\u012bmas kolekt\u012bv\u0101s ener\u0123ijas un izst\u0101des atkl\u0101\u0161anas performances laik\u0101 un pirms t\u0101s rad\u012btu objektu konstel\u0101cija (<\/span><b>YBDG<\/b><span style=\"font-weight: 400;\">), savuk\u0101rt tradicion\u0101l\u0101ku mediju \u2013 mazo formu glezniec\u012bbu \u2013 ienes autora (<\/span><b>Kaspars Gro\u0161evs<\/b><span style=\"font-weight: 400;\">) s\u0113rija par veco v\u012bru, kur\u0161 g\u0101ja, g\u0101ja, un nu jau ir atgriezies m\u0101j\u0101s \u2013 \u201c\u0112den\u0113\u201d. Ekspoz\u012bcijas pieredz\u0113jumu papildina ar\u012b <\/span><b>arhitektu biroja<\/b> <b>\u201cVilnis Mi\u010dulis\u201d <\/b><span style=\"font-weight: 400;\">veidotais gaid\u0101m\u0101s atjaunot\u0101s \u0113kas makets, kas uzejams pastaig\u0101 pa izst\u0101des telp\u0101m.<\/span><\/p>\n<p><span style=\"font-weight: 400;\">\u00a0<\/span><\/p>\n<p><span style=\"font-weight: 400;\">Nosaukums \u201cJauna adrese: \u0112DENE\u201d ir liter\u0101ra un izt\u0113lota konstrukcija, kas, no vienas puses, uzr\u0101da m\u0101kslas instit\u016bcijas dz\u012bves ciklu, \u0123entrifik\u0101cijas un citu \u0101r\u0113ju apsv\u0113rumu d\u0113\u013c mainot m\u0101jvietas, caur to nor\u016bdoties, pilnveidojoties un augot. Vienlaic\u012bgi nosaukums ietver ar\u012b pa\u0161cit\u0113jo\u0161u atsauci uz 2010. gad\u0101 notiku\u0161u Kim? hepeningu, kad pamest\u0101, kokiem un kr\u016bmiem pieaugu\u0161\u0101 sp\u012b\u0137er\u012b bez jumta m\u0101kslinieku un scenogr\u0101fu grupa Kaspars Gro\u0161evs, MAREUNROL\u2019S, R\u016bdolfs Beki\u010ds iek\u0101rtoja improviz\u0113tu viesn\u012bcu \u2013 \u201c\u0112deni\u201d, kur\u0101 bija viegli ien\u0101kt, bet apgr\u016btino\u0161i p\u0101rvietoties, un viesi dr\u012bz mekl\u0113ja izeju. Pag\u0101ju\u0161i desmit un v\u0113l p\u0101ris gadi, un m\u0113s esam atgriezu\u0161ies pie \u0161\u012bs mantras ar jaunu satraukuma un m\u0113r\u0137tiec\u012bbas noska\u0146u.<\/span><\/p>\n<p><span style=\"font-weight: 400;\">\u00a0<\/span><\/p>\n<p><span style=\"font-weight: 400;\">\u00a0<\/span><\/p>\n<p><b>Festiv\u0101la patroni:<\/b><b><br \/>\n<\/b><span style=\"font-weight: 400;\">Novum Riga Charitable Foundation, Pillar<\/span><\/p>\n<p>&nbsp;<\/p>\n<p><b>Atbalsta:<\/b><b><br \/>\n<\/b><span style=\"font-weight: 400;\">Kult\u016bras ministrija, Valsts Kult\u016brkapit\u0101la fonds, R\u012bgas dome, Pro Helvetia, Absolut, Valmiermui\u017ea<\/span><\/p>\n<p>&nbsp;<\/p>\n<p><b>Informat\u012bvie atbalst\u012bt\u0101ji:<\/b><b><br \/>\n<\/b><span style=\"font-weight: 400;\">Arterritory, Echo Gone Wrong, Radio SWH<\/span>","protected":false},"excerpt":{"rendered":"<p>Starptautisks laikmet\u012bg\u0101s m\u0101kslas festiv\u0101ls un performan\u010du programma &nbsp; Norise: 8. j\u016bnijs \u2013 4. augusts, 2024 Vieta: Hanzas 22, R\u012bga Atkl\u0101\u0161ana: 7. j\u016bnijs, 2024 &nbsp; Atkl\u0101\u0161anas vakara programma 18.00 Durvis atv\u0113rtas 19.00 Atkl\u0101\u0161anas runa 19.30 Evitas Mand\u017ei performance 20.30 Young Boy Dancing Group performance 21.00\u201403.00 DJ seti pagalm\u0101: Eleanora Sljanda, Muuzis, Indri\u0137is \u0122elzis &nbsp; &nbsp; Dal\u012bbnieki: [&hellip;]<\/p>\n","protected":false},"author":2,"featured_media":8229,"comment_status":"open","ping_status":"open","sticky":false,"template":"","format":"standard","meta":{"inline_featured_image":false,"footnotes":""},"categories":[53,5,4,38],"tags":[],"class_list":["post-8228","post","type-post","status-publish","format-standard","has-post-thumbnail","hentry","category-2024-events","category-kim-events","category-kim-exhibitions","category-news"],"acf":[],"yoast_head":"<!-- This site is optimized with the Yoast SEO plugin v21.9 - https:\/\/yoast.com\/wordpress\/plugins\/seo\/ -->\n<title>\u201cJauna adrese: \u0112DENE\u201d - Kim? Laikmet\u012bg\u0101s m\u0101kslas centrs<\/title>\n<meta name=\"robots\" content=\"index, follow, max-snippet:-1, max-image-preview:large, max-video-preview:-1\" \/>\n<link rel=\"canonical\" href=\"https:\/\/kim.lv\/new-address-eden\/\" \/>\n<meta property=\"og:locale\" content=\"lv_LV\" \/>\n<meta property=\"og:type\" content=\"article\" \/>\n<meta property=\"og:title\" content=\"[:en]&quot;New Address: EDEN&quot;[:lv]\u201cJauna adrese: \u0112DENE\u201d[:] - Kim? Laikmet\u012bg\u0101s m\u0101kslas centrs\" \/>\n<meta property=\"og:description\" content=\"Starptautisks laikmet\u012bg\u0101s m\u0101kslas festiv\u0101ls un performan\u010du programma &nbsp; Norise: 8. j\u016bnijs \u2013 4. augusts, 2024 Vieta: Hanzas 22, R\u012bga Atkl\u0101\u0161ana: 7. j\u016bnijs, 2024 &nbsp; Atkl\u0101\u0161anas vakara programma 18.00 Durvis atv\u0113rtas 19.00 Atkl\u0101\u0161anas runa 19.30 Evitas Mand\u017ei performance 20.30 Young Boy Dancing Group performance 21.00\u201403.00 DJ seti pagalm\u0101: Eleanora Sljanda, Muuzis, Indri\u0137is \u0122elzis &nbsp; &nbsp; Dal\u012bbnieki: [&hellip;]\" \/>\n<meta property=\"og:url\" content=\"https:\/\/kim.lv\/new-address-eden\/\" \/>\n<meta property=\"og:site_name\" content=\"Kim? Laikmet\u012bg\u0101s m\u0101kslas centrs\" \/>\n<meta property=\"article:published_time\" content=\"2024-05-07T19:41:00+00:00\" \/>\n<meta property=\"article:modified_time\" content=\"2026-04-16T13:47:26+00:00\" \/>\n<meta property=\"og:image\" content=\"http:\/\/kim.lv\/wp-content\/uploads\/2024\/05\/kim-EDEN-presei-900x600-1.jpg\" \/>\n\t<meta property=\"og:image:width\" content=\"900\" \/>\n\t<meta property=\"og:image:height\" content=\"600\" \/>\n\t<meta property=\"og:image:type\" content=\"image\/jpeg\" \/>\n<meta name=\"author\" content=\"Kim?\" \/>\n<meta name=\"twitter:card\" content=\"summary_large_image\" \/>\n<meta name=\"twitter:label1\" content=\"Written by\" \/>\n\t<meta name=\"twitter:data1\" content=\"Kim?\" \/>\n\t<meta name=\"twitter:label2\" content=\"Est. reading time\" \/>\n\t<meta name=\"twitter:data2\" content=\"9 minutes\" \/>\n<script type=\"application\/ld+json\" class=\"yoast-schema-graph\">{\"@context\":\"https:\/\/schema.org\",\"@graph\":[{\"@type\":\"WebPage\",\"@id\":\"https:\/\/kim.lv\/new-address-eden\/\",\"url\":\"https:\/\/kim.lv\/new-address-eden\/\",\"name\":\"[:en]\\\"New Address: EDEN\\\"[:lv]\u201cJauna adrese: \u0112DENE\u201d[:] - Kim? Laikmet\u012bg\u0101s m\u0101kslas centrs\",\"isPartOf\":{\"@id\":\"https:\/\/kim.lv\/en\/#website\"},\"datePublished\":\"2024-05-07T19:41:00+00:00\",\"dateModified\":\"2026-04-16T13:47:26+00:00\",\"author\":{\"@id\":\"https:\/\/kim.lv\/en\/#\/schema\/person\/56f07ec6715af61b0d0ed9835c282330\"},\"breadcrumb\":{\"@id\":\"https:\/\/kim.lv\/new-address-eden\/#breadcrumb\"},\"inLanguage\":\"lv-LV\",\"potentialAction\":[{\"@type\":\"ReadAction\",\"target\":[\"https:\/\/kim.lv\/new-address-eden\/\"]}]},{\"@type\":\"BreadcrumbList\",\"@id\":\"https:\/\/kim.lv\/new-address-eden\/#breadcrumb\",\"itemListElement\":[{\"@type\":\"ListItem\",\"position\":1,\"name\":\"Home\",\"item\":\"https:\/\/kim.lv\/\"},{\"@type\":\"ListItem\",\"position\":2,\"name\":\"&#8220;New Address: EDEN&#8221;\"}]},{\"@type\":\"WebSite\",\"@id\":\"https:\/\/kim.lv\/en\/#website\",\"url\":\"https:\/\/kim.lv\/en\/\",\"name\":\"Kim? Laikmet\u012bg\u0101s m\u0101kslas centrs\",\"description\":\"\",\"potentialAction\":[{\"@type\":\"SearchAction\",\"target\":{\"@type\":\"EntryPoint\",\"urlTemplate\":\"https:\/\/kim.lv\/en\/?s={search_term_string}\"},\"query-input\":\"required name=search_term_string\"}],\"inLanguage\":\"lv-LV\"},{\"@type\":\"Person\",\"@id\":\"https:\/\/kim.lv\/en\/#\/schema\/person\/56f07ec6715af61b0d0ed9835c282330\",\"name\":\"Kim?\",\"image\":{\"@type\":\"ImageObject\",\"inLanguage\":\"lv-LV\",\"@id\":\"https:\/\/kim.lv\/en\/#\/schema\/person\/image\/\",\"url\":\"https:\/\/secure.gravatar.com\/avatar\/95e223367867817ed896bcfb04f433d88d871bfbb4f33c528e26ce5c2786508f?s=96&d=mm&r=g\",\"contentUrl\":\"https:\/\/secure.gravatar.com\/avatar\/95e223367867817ed896bcfb04f433d88d871bfbb4f33c528e26ce5c2786508f?s=96&d=mm&r=g\",\"caption\":\"Kim?\"},\"url\":\"https:\/\/kim.lv\/lv\/author\/kim\/\"}]}<\/script>\n<!-- \/ Yoast SEO plugin. -->","yoast_head_json":{"title":"[:en]\"New Address: EDEN\"[:lv]\u201cJauna adrese: \u0112DENE\u201d[:] - Kim? Laikmet\u012bg\u0101s m\u0101kslas centrs","robots":{"index":"index","follow":"follow","max-snippet":"max-snippet:-1","max-image-preview":"max-image-preview:large","max-video-preview":"max-video-preview:-1"},"canonical":"https:\/\/kim.lv\/new-address-eden\/","og_locale":"lv_LV","og_type":"article","og_title":"[:en]\"New Address: EDEN\"[:lv]\u201cJauna adrese: \u0112DENE\u201d[:] - Kim? Laikmet\u012bg\u0101s m\u0101kslas centrs","og_description":"Starptautisks laikmet\u012bg\u0101s m\u0101kslas festiv\u0101ls un performan\u010du programma &nbsp; Norise: 8. j\u016bnijs \u2013 4. augusts, 2024 Vieta: Hanzas 22, R\u012bga Atkl\u0101\u0161ana: 7. j\u016bnijs, 2024 &nbsp; Atkl\u0101\u0161anas vakara programma 18.00 Durvis atv\u0113rtas 19.00 Atkl\u0101\u0161anas runa 19.30 Evitas Mand\u017ei performance 20.30 Young Boy Dancing Group performance 21.00\u201403.00 DJ seti pagalm\u0101: Eleanora Sljanda, Muuzis, Indri\u0137is \u0122elzis &nbsp; &nbsp; Dal\u012bbnieki: [&hellip;]","og_url":"https:\/\/kim.lv\/new-address-eden\/","og_site_name":"Kim? Laikmet\u012bg\u0101s m\u0101kslas centrs","article_published_time":"2024-05-07T19:41:00+00:00","article_modified_time":"2026-04-16T13:47:26+00:00","og_image":[{"width":900,"height":600,"url":"http:\/\/kim.lv\/wp-content\/uploads\/2024\/05\/kim-EDEN-presei-900x600-1.jpg","type":"image\/jpeg"}],"author":"Kim?","twitter_card":"summary_large_image","twitter_misc":{"Written by":"Kim?","Est. reading time":"9 minutes"},"schema":{"@context":"https:\/\/schema.org","@graph":[{"@type":"WebPage","@id":"https:\/\/kim.lv\/new-address-eden\/","url":"https:\/\/kim.lv\/new-address-eden\/","name":"[:en]\"New Address: EDEN\"[:lv]\u201cJauna adrese: \u0112DENE\u201d[:] - Kim? Laikmet\u012bg\u0101s m\u0101kslas centrs","isPartOf":{"@id":"https:\/\/kim.lv\/en\/#website"},"datePublished":"2024-05-07T19:41:00+00:00","dateModified":"2026-04-16T13:47:26+00:00","author":{"@id":"https:\/\/kim.lv\/en\/#\/schema\/person\/56f07ec6715af61b0d0ed9835c282330"},"breadcrumb":{"@id":"https:\/\/kim.lv\/new-address-eden\/#breadcrumb"},"inLanguage":"lv-LV","potentialAction":[{"@type":"ReadAction","target":["https:\/\/kim.lv\/new-address-eden\/"]}]},{"@type":"BreadcrumbList","@id":"https:\/\/kim.lv\/new-address-eden\/#breadcrumb","itemListElement":[{"@type":"ListItem","position":1,"name":"Home","item":"https:\/\/kim.lv\/"},{"@type":"ListItem","position":2,"name":"&#8220;New Address: EDEN&#8221;"}]},{"@type":"WebSite","@id":"https:\/\/kim.lv\/en\/#website","url":"https:\/\/kim.lv\/en\/","name":"Kim? Laikmet\u012bg\u0101s m\u0101kslas centrs","description":"","potentialAction":[{"@type":"SearchAction","target":{"@type":"EntryPoint","urlTemplate":"https:\/\/kim.lv\/en\/?s={search_term_string}"},"query-input":"required name=search_term_string"}],"inLanguage":"lv-LV"},{"@type":"Person","@id":"https:\/\/kim.lv\/en\/#\/schema\/person\/56f07ec6715af61b0d0ed9835c282330","name":"Kim?","image":{"@type":"ImageObject","inLanguage":"lv-LV","@id":"https:\/\/kim.lv\/en\/#\/schema\/person\/image\/","url":"https:\/\/secure.gravatar.com\/avatar\/95e223367867817ed896bcfb04f433d88d871bfbb4f33c528e26ce5c2786508f?s=96&d=mm&r=g","contentUrl":"https:\/\/secure.gravatar.com\/avatar\/95e223367867817ed896bcfb04f433d88d871bfbb4f33c528e26ce5c2786508f?s=96&d=mm&r=g","caption":"Kim?"},"url":"https:\/\/kim.lv\/lv\/author\/kim\/"}]}},"_links":{"self":[{"href":"https:\/\/kim.lv\/lv\/wp-json\/wp\/v2\/posts\/8228","targetHints":{"allow":["GET"]}}],"collection":[{"href":"https:\/\/kim.lv\/lv\/wp-json\/wp\/v2\/posts"}],"about":[{"href":"https:\/\/kim.lv\/lv\/wp-json\/wp\/v2\/types\/post"}],"author":[{"embeddable":true,"href":"https:\/\/kim.lv\/lv\/wp-json\/wp\/v2\/users\/2"}],"replies":[{"embeddable":true,"href":"https:\/\/kim.lv\/lv\/wp-json\/wp\/v2\/comments?post=8228"}],"version-history":[{"count":26,"href":"https:\/\/kim.lv\/lv\/wp-json\/wp\/v2\/posts\/8228\/revisions"}],"predecessor-version":[{"id":9320,"href":"https:\/\/kim.lv\/lv\/wp-json\/wp\/v2\/posts\/8228\/revisions\/9320"}],"wp:featuredmedia":[{"embeddable":true,"href":"https:\/\/kim.lv\/lv\/wp-json\/wp\/v2\/media\/8229"}],"wp:attachment":[{"href":"https:\/\/kim.lv\/lv\/wp-json\/wp\/v2\/media?parent=8228"}],"wp:term":[{"taxonomy":"category","embeddable":true,"href":"https:\/\/kim.lv\/lv\/wp-json\/wp\/v2\/categories?post=8228"},{"taxonomy":"post_tag","embeddable":true,"href":"https:\/\/kim.lv\/lv\/wp-json\/wp\/v2\/tags?post=8228"}],"curies":[{"name":"wp","href":"https:\/\/api.w.org\/{rel}","templated":true}]}}