{"id":8376,"date":"2024-07-24T15:41:08","date_gmt":"2024-07-24T12:41:08","guid":{"rendered":"https:\/\/kim.lv\/?p=8376"},"modified":"2026-01-29T17:13:44","modified_gmt":"2026-01-29T15:13:44","slug":"urara-tsuchiyas-solo-exhibition-the-sahara","status":"publish","type":"post","link":"https:\/\/kim.lv\/lv\/urara-tsuchiyas-solo-exhibition-the-sahara\/","title":{"rendered":"Uraras Cu\u010dijas person\u0101lizst\u0101de \u201cSah\u0101ra\u201d"},"content":{"rendered":"&nbsp;<\/p>\n<p>&nbsp;<\/p>\n<p>Atkl\u0101\u0161ana:\u00a025. j\u016blijs, 2024, 18.00 \u2013 21.00<\/p>\n<p>Norise:\u00a026. j\u016blijs \u2013 8. septembris, 2024<\/p>\n<p>Vieta:\u00a0Sporta iela 2-k1<\/p>\n<p>Kuratore: Zane Onckule<\/p>\n<p>&nbsp;<\/p>\n<p>&nbsp;<\/p>\n<p><span style=\"font-weight: 400;\">Kim? Laikmet\u012bg\u0101s m\u0101kslas centrs pied\u0101v\u0101 Uraras Cu\u010dijas pirmo person\u0101lizst\u0101di Baltij\u0101. Cu\u010dijas daudzveid\u012bgaj\u0101 praks\u0113 \u2013 aptverot trakul\u012bgu keramiku, ievelko\u0161as instal\u0101cijas, t\u0113rpus, performances un video \u2013 impuls\u012bvas performances temporalit\u0101te savijas ar ilg\u0101k\u0101 laika nogriezn\u012b izv\u0113rstu paciet\u012bbas aktu, kas nepiecie\u0161ama pie cep\u013ca. Cu\u010dija iedvesmu rod visur \u2013 gan nat\u016bristu saun\u0101, gan ap\u0161aub\u0101mas reput\u0101cijas viesn\u012bcu istab\u0101s, gan iepaz\u012b\u0161an\u0101s aplik\u0101ciju sazi\u0146\u0101 \u2013 un veido visaptvero\u0161as vides, kuras nereti p\u0101rsteidz nesagatavotu, izklaid\u0113 vai \u0161ok\u0113.<\/span><\/p>\n<p>&nbsp;<\/p>\n<p><span style=\"font-weight: 400;\">Cu\u010dija vispla\u0161\u0101k paz\u012bstama ar rokas gleznojuma keramikas darbiem. Tajos redzami seksu\u0101li mot\u012bvi, kuros vi\u0146a p\u0113ta teritoriju starp sirre\u0101listisko un ierasto, k\u0101 ar\u012b neveiklo sav\u0101d\u012bbu, kas to pavada. \u0160\u012bs skulpt\u016bras visbie\u017e\u0101k ieg\u016bst re\u0101listisku priek\u0161metu formas, piem\u0113ram, ce\u013cojumu somas, apak\u0161ve\u013cas, zobu sukas vai miniat\u016bru, ar ikdienas r\u012bkiem un priek\u0161metiem piekrautu interjeru mode\u013cus, kuros izvietotas mizansc\u0113nas ar cilv\u0113ku \u2013 reiz\u0113m ar\u012b dz\u012bvnieku \u2013 socializ\u0113\u0161anos, k\u0101pel\u0113\u0161anu un mazg\u0101\u0161anos, paral\u0113li nododoties p\u0101ru vai grupveida dzimumsakariem.\u00a0<\/span><\/p>\n<p>&nbsp;<\/p>\n<p><span style=\"font-weight: 400;\">Palien\u0113jot st\u0101stus no dz\u012bves pieredzes un sazi\u0146as ar citiem m\u0101ksliniekiem un draugiem, k\u0101 ar\u012b t\u0101dus, kas p\u0101rcelti no telev\u012bzijas \u0161oviem un popul\u0101r\u0101s kult\u016bras, Cu\u010dija piev\u0113r\u0161as ki\u010da subversijai un komforta zonas robe\u017eu papla\u0161in\u0101\u0161anai. Mask\u0113joties aiz rota\u013c\u012bguma un \u0161\u0137ietami visnevain\u012bg\u0101kaj\u0101m par\u0101d\u012bb\u0101m, Cu\u010dijas darbi apl\u016bko p\u0101rr\u0101vumu, kas past\u0101v starp person\u012bgo un publisko pasauli, piev\u0113r\u0161oties m\u016bsdienu attiec\u012bbu un domin\u0113jo\u0161o tradicion\u0101li patriarh\u0101lo strukt\u016bru spriedzei.<\/span><\/p>\n<p>&nbsp;<\/p>\n<p><span style=\"font-weight: 400;\">Kim? ekspoz\u012bcij\u0101 iek\u013cauta keramikas darbu izlase \u2013 gan iepriek\u0161 rad\u012bti, gan jauni darbi, kurus m\u0101ksliniece veidojusi Londonas un R\u012bgas keramikas darbn\u012bc\u0101s. Izst\u0101d\u0113 skat\u0101ma ar\u012b m\u0101ksliniecei tuvas rado\u0161as personas, atz\u012bt\u0101 modes fotogr\u0101fa Bena Tomsa re\u017eis\u0113ta \u012bsfilma \u201cSah\u0101ra\u201d, kas pied\u0101v\u0101 alternat\u012bvu vidi t\u0113lnieciskajiem darbiem un pla\u0161\u0101k izv\u0113r\u0161 m\u0101kslinieces r\u016bpju objektiem rakstur\u012bgos uzved\u012bbas mode\u013cus.<\/span><\/p>\n<p>&nbsp;<\/p>\n<p><span style=\"font-weight: 400;\">Filmas gait\u0101 p\u0101ris, kuru atveido Cu\u010dija pati kop\u0101 ar padz\u012bvojo\u0161u v\u012brieti, sludin\u0101jumu port\u0101l\u0101 <\/span><i><span style=\"font-weight: 400;\">Craigslist<\/span><\/i><span style=\"font-weight: 400;\"> sal\u012bgtu porno talantu, l\u0113ta izskata iz\u012br\u0113jam\u0101 Lasvegasas m\u0101j\u0101 veic parastas, reiz\u0113 vienmu\u013cas ikdienas darb\u012bbas. Imit\u0113jot \u201ctipiska\u201d p\u0101ra sadz\u012bvi, vi\u0146i ar vis\u0101m dr\u0113b\u0113m lec basein\u0101, lai atv\u0113sin\u0101tos, p\u0101rsp\u012bl\u0113ti \u017eestikul\u0113jot str\u012bdas par dzimumu lom\u0101m, apsprie\u017e m\u012b\u013c\u0101k\u0101s filmas un vakari\u0146u pl\u0101nus, pamaz\u0101m non\u0101kot pie sak\u0101pin\u0101ta fin\u0101la ar uzsp\u012bl\u0113ti dramatisku le\u013c\u013cu sp\u0113li. S\u0101kotn\u0113ji bijusi t\u0101, kuru \u0161aj\u0101 problem\u0101tiskaj\u0101 savien\u012bb\u0101 partneris burtiski rausta aiz aukl\u0101m, Cu\u010dijai l\u012bdz\u012bg\u0101 lelle nosl\u0113dz et\u012bdi, nog\u0101\u017eot savu meistaru no k\u0101j\u0101m un aizvelkot vi\u0146u \u0101rpus skata uz k\u0101du tum\u0161\u0101ku st\u016bri.<\/span><\/p>\n<p>&nbsp;<\/p>\n<p><i><span style=\"font-weight: 400;\">Br\u012bdin\u0101jums: da\u017ei no izst\u0101d\u0113 redzamajiem darbiem ietver pieaugu\u0161ajiem dom\u0101tus att\u0113lus.<\/span><\/i><\/p>\n<p>&nbsp;<\/p>\n<p><span style=\"font-weight: 400;\">Pateic\u012bbas: Bens Tomss, <\/span><i><span style=\"font-weight: 400;\">Gallery Union Pacific<\/span><\/i><span style=\"font-weight: 400;\">.<\/span><\/p>\n<p>&nbsp;<\/p>\n<p>&nbsp;<\/p>\n<p><b>Urara Cu\u010dija <\/b><span style=\"font-weight: 400;\">(dz. 1979, Jap\u0101na) dz\u012bvo un str\u0101d\u0101 Gl\u0101zgov\u0101 un London\u0101. Cu\u010dija ieguvusi ma\u0123istra gr\u0101du Gl\u0101zgovas M\u0101kslas augstskol\u0101 un stud\u0113jusi vizu\u0101lo m\u0101kslu Zeltka\u013cu universit\u0101t\u0113 London\u0101. Starp vi\u0146as nesen\u0101kaj\u0101m person\u0101lizst\u0101d\u0113m ir &#8220;<\/span><i><span style=\"font-weight: 400;\">Angel Pocket<\/span><\/i><span style=\"font-weight: 400;\">&#8220;, <\/span><i><span style=\"font-weight: 400;\">Union Pacific<\/span><\/i><span style=\"font-weight: 400;\">, London\u0101, Lielbrit\u0101nij\u0101 (2024); &#8220;<\/span><i><span style=\"font-weight: 400;\">Throwing Caution to the Wind<\/span><\/i><span style=\"font-weight: 400;\">&#8220;, <\/span><i><span style=\"font-weight: 400;\">Galerie Lefebre &amp; Fils<\/span><\/i><span style=\"font-weight: 400;\">, Par\u012bz\u0113 (2021); &#8220;<\/span><i><span style=\"font-weight: 400;\">Auntie Urara\u2019s Blabber Mouth<\/span><\/i><span style=\"font-weight: 400;\">&#8220;, PAOS, Gvadalahar\u0101 (2021); &#8220;<\/span><i><span style=\"font-weight: 400;\">Warm Drizzle<\/span><\/i><span style=\"font-weight: 400;\">&#8220;, <\/span><i><span style=\"font-weight: 400;\">Gallery Golsa<\/span><\/i><span style=\"font-weight: 400;\">, Oslo (2020) un &#8220;<\/span><i><span style=\"font-weight: 400;\">Home Bound<\/span><\/i><span style=\"font-weight: 400;\">&#8220;, <\/span><i><span style=\"font-weight: 400;\">Ada Project<\/span><\/i><span style=\"font-weight: 400;\">, Rom\u0101 (2020). Vi\u0146a piedal\u012bjusies t\u0101d\u0101s grupu izst\u0101des k\u0101 &#8220;<\/span><i><span style=\"font-weight: 400;\">I Licked It. It&#8217;s Mine<\/span><\/i><span style=\"font-weight: 400;\">&#8221; ar Oha Delavalas, \u0160afei Sja un Uraras Cu\u010dijas piedal\u012b\u0161anos, <\/span><i><span style=\"font-weight: 400;\">The Museum of Sex<\/span><\/i><span style=\"font-weight: 400;\">, \u0145ujork\u0101, ASV (2024); &#8220;<\/span><i><span style=\"font-weight: 400;\">Night Shades<\/span><\/i><span style=\"font-weight: 400;\">&#8221; kop\u0101 ar Korilinnu Tecu, <\/span><i><span style=\"font-weight: 400;\">12.26<\/span><\/i><span style=\"font-weight: 400;\">, Dalas\u0101, ASV (2024), &#8220;<\/span><i><span style=\"font-weight: 400;\">Comfortable Hole, Bye<\/span><\/i><span style=\"font-weight: 400;\">&#8220;, <\/span><i><span style=\"font-weight: 400;\">Parcel Tokyo<\/span><\/i><span style=\"font-weight: 400;\">, Jap\u0101n\u0101 (2023) un &#8220;<\/span><i><span style=\"font-weight: 400;\">Pornotopia Revised<\/span><\/i><span style=\"font-weight: 400;\">,&#8221; <\/span><i><span style=\"font-weight: 400;\">Kunsthalle Exnergasse Kex, WUK<\/span><\/i><span style=\"font-weight: 400;\">, V\u012bn\u0113 (2022).<\/span><\/p>\n<p>&nbsp;<\/p>\n<p>&nbsp;<\/p>\n<p>&nbsp;<\/p>\n<p><span style=\"font-weight: 400;\">Atbalsta: Kult\u016bras ministrija, Valsts kult\u016brkapit\u0101la fonds, \u201cValmiermui\u017ea\u201d.<\/span>","protected":false},"excerpt":{"rendered":"<p>&nbsp; &nbsp; Atkl\u0101\u0161ana:\u00a025. j\u016blijs, 2024, 18.00 \u2013 21.00 Norise:\u00a026. j\u016blijs \u2013 8. septembris, 2024 Vieta:\u00a0Sporta iela 2-k1 Kuratore: Zane Onckule &nbsp; &nbsp; Kim? Laikmet\u012bg\u0101s m\u0101kslas centrs pied\u0101v\u0101 Uraras Cu\u010dijas pirmo person\u0101lizst\u0101di Baltij\u0101. Cu\u010dijas daudzveid\u012bgaj\u0101 praks\u0113 \u2013 aptverot trakul\u012bgu keramiku, ievelko\u0161as instal\u0101cijas, t\u0113rpus, performances un video \u2013 impuls\u012bvas performances temporalit\u0101te savijas ar ilg\u0101k\u0101 laika nogriezn\u012b izv\u0113rstu [&hellip;]<\/p>\n","protected":false},"author":2,"featured_media":0,"comment_status":"open","ping_status":"open","sticky":false,"template":"","format":"standard","meta":{"inline_featured_image":false,"footnotes":""},"categories":[4,1],"tags":[],"class_list":["post-8376","post","type-post","status-publish","format-standard","hentry","category-kim-exhibitions","category-uncategorized"],"acf":[],"yoast_head":"<!-- This site is optimized with the Yoast SEO plugin v21.9 - https:\/\/yoast.com\/wordpress\/plugins\/seo\/ -->\n<title>Uraras Cu\u010dijas person\u0101lizst\u0101de \u201cSah\u0101ra\u201d - Kim? Laikmet\u012bg\u0101s m\u0101kslas centrs<\/title>\n<meta name=\"robots\" content=\"index, follow, max-snippet:-1, max-image-preview:large, max-video-preview:-1\" \/>\n<link rel=\"canonical\" href=\"https:\/\/kim.lv\/urara-tsuchiyas-solo-exhibition-the-sahara\/\" \/>\n<meta property=\"og:locale\" content=\"lv_LV\" \/>\n<meta property=\"og:type\" content=\"article\" \/>\n<meta property=\"og:title\" content=\"[:en]Urara Tsuchiya&#039;s solo exhibition &quot;The Sahara&quot;[:lv]Uraras Cu\u010dijas person\u0101lizst\u0101de \u201cSah\u0101ra\u201d[:] - Kim? Laikmet\u012bg\u0101s m\u0101kslas centrs\" \/>\n<meta property=\"og:description\" content=\"&nbsp; &nbsp; Atkl\u0101\u0161ana:\u00a025. j\u016blijs, 2024, 18.00 \u2013 21.00 Norise:\u00a026. j\u016blijs \u2013 8. septembris, 2024 Vieta:\u00a0Sporta iela 2-k1 Kuratore: Zane Onckule &nbsp; &nbsp; Kim? Laikmet\u012bg\u0101s m\u0101kslas centrs pied\u0101v\u0101 Uraras Cu\u010dijas pirmo person\u0101lizst\u0101di Baltij\u0101. Cu\u010dijas daudzveid\u012bgaj\u0101 praks\u0113 \u2013 aptverot trakul\u012bgu keramiku, ievelko\u0161as instal\u0101cijas, t\u0113rpus, performances un video \u2013 impuls\u012bvas performances temporalit\u0101te savijas ar ilg\u0101k\u0101 laika nogriezn\u012b izv\u0113rstu [&hellip;]\" \/>\n<meta property=\"og:url\" content=\"https:\/\/kim.lv\/urara-tsuchiyas-solo-exhibition-the-sahara\/\" \/>\n<meta property=\"og:site_name\" content=\"Kim? Laikmet\u012bg\u0101s m\u0101kslas centrs\" \/>\n<meta property=\"article:published_time\" content=\"2024-07-24T12:41:08+00:00\" \/>\n<meta property=\"article:modified_time\" content=\"2026-01-29T15:13:44+00:00\" \/>\n<meta name=\"author\" content=\"Kim?\" \/>\n<meta name=\"twitter:card\" content=\"summary_large_image\" \/>\n<meta name=\"twitter:label1\" content=\"Written by\" \/>\n\t<meta name=\"twitter:data1\" content=\"Kim?\" \/>\n\t<meta name=\"twitter:label2\" content=\"Est. reading time\" \/>\n\t<meta name=\"twitter:data2\" content=\"3 minutes\" \/>\n<script type=\"application\/ld+json\" class=\"yoast-schema-graph\">{\"@context\":\"https:\/\/schema.org\",\"@graph\":[{\"@type\":\"WebPage\",\"@id\":\"https:\/\/kim.lv\/urara-tsuchiyas-solo-exhibition-the-sahara\/\",\"url\":\"https:\/\/kim.lv\/urara-tsuchiyas-solo-exhibition-the-sahara\/\",\"name\":\"[:en]Urara Tsuchiya's solo exhibition \\\"The Sahara\\\"[:lv]Uraras Cu\u010dijas person\u0101lizst\u0101de \u201cSah\u0101ra\u201d[:] - Kim? Laikmet\u012bg\u0101s m\u0101kslas centrs\",\"isPartOf\":{\"@id\":\"https:\/\/kim.lv\/en\/#website\"},\"datePublished\":\"2024-07-24T12:41:08+00:00\",\"dateModified\":\"2026-01-29T15:13:44+00:00\",\"author\":{\"@id\":\"https:\/\/kim.lv\/en\/#\/schema\/person\/56f07ec6715af61b0d0ed9835c282330\"},\"breadcrumb\":{\"@id\":\"https:\/\/kim.lv\/urara-tsuchiyas-solo-exhibition-the-sahara\/#breadcrumb\"},\"inLanguage\":\"lv-LV\",\"potentialAction\":[{\"@type\":\"ReadAction\",\"target\":[\"https:\/\/kim.lv\/urara-tsuchiyas-solo-exhibition-the-sahara\/\"]}]},{\"@type\":\"BreadcrumbList\",\"@id\":\"https:\/\/kim.lv\/urara-tsuchiyas-solo-exhibition-the-sahara\/#breadcrumb\",\"itemListElement\":[{\"@type\":\"ListItem\",\"position\":1,\"name\":\"Home\",\"item\":\"https:\/\/kim.lv\/\"},{\"@type\":\"ListItem\",\"position\":2,\"name\":\"Urara Tsuchiya&#8217;s solo exhibition &#8220;The Sahara&#8221;\"}]},{\"@type\":\"WebSite\",\"@id\":\"https:\/\/kim.lv\/en\/#website\",\"url\":\"https:\/\/kim.lv\/en\/\",\"name\":\"Kim? Laikmet\u012bg\u0101s m\u0101kslas centrs\",\"description\":\"\",\"potentialAction\":[{\"@type\":\"SearchAction\",\"target\":{\"@type\":\"EntryPoint\",\"urlTemplate\":\"https:\/\/kim.lv\/en\/?s={search_term_string}\"},\"query-input\":\"required name=search_term_string\"}],\"inLanguage\":\"lv-LV\"},{\"@type\":\"Person\",\"@id\":\"https:\/\/kim.lv\/en\/#\/schema\/person\/56f07ec6715af61b0d0ed9835c282330\",\"name\":\"Kim?\",\"image\":{\"@type\":\"ImageObject\",\"inLanguage\":\"lv-LV\",\"@id\":\"https:\/\/kim.lv\/en\/#\/schema\/person\/image\/\",\"url\":\"https:\/\/secure.gravatar.com\/avatar\/95e223367867817ed896bcfb04f433d88d871bfbb4f33c528e26ce5c2786508f?s=96&d=mm&r=g\",\"contentUrl\":\"https:\/\/secure.gravatar.com\/avatar\/95e223367867817ed896bcfb04f433d88d871bfbb4f33c528e26ce5c2786508f?s=96&d=mm&r=g\",\"caption\":\"Kim?\"},\"url\":\"https:\/\/kim.lv\/lv\/author\/kim\/\"}]}<\/script>\n<!-- \/ Yoast SEO plugin. -->","yoast_head_json":{"title":"[:en]Urara Tsuchiya's solo exhibition \"The Sahara\"[:lv]Uraras Cu\u010dijas person\u0101lizst\u0101de \u201cSah\u0101ra\u201d[:] - Kim? Laikmet\u012bg\u0101s m\u0101kslas centrs","robots":{"index":"index","follow":"follow","max-snippet":"max-snippet:-1","max-image-preview":"max-image-preview:large","max-video-preview":"max-video-preview:-1"},"canonical":"https:\/\/kim.lv\/urara-tsuchiyas-solo-exhibition-the-sahara\/","og_locale":"lv_LV","og_type":"article","og_title":"[:en]Urara Tsuchiya's solo exhibition \"The Sahara\"[:lv]Uraras Cu\u010dijas person\u0101lizst\u0101de \u201cSah\u0101ra\u201d[:] - Kim? Laikmet\u012bg\u0101s m\u0101kslas centrs","og_description":"&nbsp; &nbsp; Atkl\u0101\u0161ana:\u00a025. j\u016blijs, 2024, 18.00 \u2013 21.00 Norise:\u00a026. j\u016blijs \u2013 8. septembris, 2024 Vieta:\u00a0Sporta iela 2-k1 Kuratore: Zane Onckule &nbsp; &nbsp; Kim? Laikmet\u012bg\u0101s m\u0101kslas centrs pied\u0101v\u0101 Uraras Cu\u010dijas pirmo person\u0101lizst\u0101di Baltij\u0101. Cu\u010dijas daudzveid\u012bgaj\u0101 praks\u0113 \u2013 aptverot trakul\u012bgu keramiku, ievelko\u0161as instal\u0101cijas, t\u0113rpus, performances un video \u2013 impuls\u012bvas performances temporalit\u0101te savijas ar ilg\u0101k\u0101 laika nogriezn\u012b izv\u0113rstu [&hellip;]","og_url":"https:\/\/kim.lv\/urara-tsuchiyas-solo-exhibition-the-sahara\/","og_site_name":"Kim? Laikmet\u012bg\u0101s m\u0101kslas centrs","article_published_time":"2024-07-24T12:41:08+00:00","article_modified_time":"2026-01-29T15:13:44+00:00","author":"Kim?","twitter_card":"summary_large_image","twitter_misc":{"Written by":"Kim?","Est. reading time":"3 minutes"},"schema":{"@context":"https:\/\/schema.org","@graph":[{"@type":"WebPage","@id":"https:\/\/kim.lv\/urara-tsuchiyas-solo-exhibition-the-sahara\/","url":"https:\/\/kim.lv\/urara-tsuchiyas-solo-exhibition-the-sahara\/","name":"[:en]Urara Tsuchiya's solo exhibition \"The Sahara\"[:lv]Uraras Cu\u010dijas person\u0101lizst\u0101de \u201cSah\u0101ra\u201d[:] - Kim? Laikmet\u012bg\u0101s m\u0101kslas centrs","isPartOf":{"@id":"https:\/\/kim.lv\/en\/#website"},"datePublished":"2024-07-24T12:41:08+00:00","dateModified":"2026-01-29T15:13:44+00:00","author":{"@id":"https:\/\/kim.lv\/en\/#\/schema\/person\/56f07ec6715af61b0d0ed9835c282330"},"breadcrumb":{"@id":"https:\/\/kim.lv\/urara-tsuchiyas-solo-exhibition-the-sahara\/#breadcrumb"},"inLanguage":"lv-LV","potentialAction":[{"@type":"ReadAction","target":["https:\/\/kim.lv\/urara-tsuchiyas-solo-exhibition-the-sahara\/"]}]},{"@type":"BreadcrumbList","@id":"https:\/\/kim.lv\/urara-tsuchiyas-solo-exhibition-the-sahara\/#breadcrumb","itemListElement":[{"@type":"ListItem","position":1,"name":"Home","item":"https:\/\/kim.lv\/"},{"@type":"ListItem","position":2,"name":"Urara Tsuchiya&#8217;s solo exhibition &#8220;The Sahara&#8221;"}]},{"@type":"WebSite","@id":"https:\/\/kim.lv\/en\/#website","url":"https:\/\/kim.lv\/en\/","name":"Kim? Laikmet\u012bg\u0101s m\u0101kslas centrs","description":"","potentialAction":[{"@type":"SearchAction","target":{"@type":"EntryPoint","urlTemplate":"https:\/\/kim.lv\/en\/?s={search_term_string}"},"query-input":"required name=search_term_string"}],"inLanguage":"lv-LV"},{"@type":"Person","@id":"https:\/\/kim.lv\/en\/#\/schema\/person\/56f07ec6715af61b0d0ed9835c282330","name":"Kim?","image":{"@type":"ImageObject","inLanguage":"lv-LV","@id":"https:\/\/kim.lv\/en\/#\/schema\/person\/image\/","url":"https:\/\/secure.gravatar.com\/avatar\/95e223367867817ed896bcfb04f433d88d871bfbb4f33c528e26ce5c2786508f?s=96&d=mm&r=g","contentUrl":"https:\/\/secure.gravatar.com\/avatar\/95e223367867817ed896bcfb04f433d88d871bfbb4f33c528e26ce5c2786508f?s=96&d=mm&r=g","caption":"Kim?"},"url":"https:\/\/kim.lv\/lv\/author\/kim\/"}]}},"_links":{"self":[{"href":"https:\/\/kim.lv\/lv\/wp-json\/wp\/v2\/posts\/8376","targetHints":{"allow":["GET"]}}],"collection":[{"href":"https:\/\/kim.lv\/lv\/wp-json\/wp\/v2\/posts"}],"about":[{"href":"https:\/\/kim.lv\/lv\/wp-json\/wp\/v2\/types\/post"}],"author":[{"embeddable":true,"href":"https:\/\/kim.lv\/lv\/wp-json\/wp\/v2\/users\/2"}],"replies":[{"embeddable":true,"href":"https:\/\/kim.lv\/lv\/wp-json\/wp\/v2\/comments?post=8376"}],"version-history":[{"count":4,"href":"https:\/\/kim.lv\/lv\/wp-json\/wp\/v2\/posts\/8376\/revisions"}],"predecessor-version":[{"id":8493,"href":"https:\/\/kim.lv\/lv\/wp-json\/wp\/v2\/posts\/8376\/revisions\/8493"}],"wp:attachment":[{"href":"https:\/\/kim.lv\/lv\/wp-json\/wp\/v2\/media?parent=8376"}],"wp:term":[{"taxonomy":"category","embeddable":true,"href":"https:\/\/kim.lv\/lv\/wp-json\/wp\/v2\/categories?post=8376"},{"taxonomy":"post_tag","embeddable":true,"href":"https:\/\/kim.lv\/lv\/wp-json\/wp\/v2\/tags?post=8376"}],"curies":[{"name":"wp","href":"https:\/\/api.w.org\/{rel}","templated":true}]}}