{"id":8559,"date":"2025-02-12T14:06:12","date_gmt":"2025-02-12T12:06:12","guid":{"rendered":"https:\/\/kim.lv\/?p=8559"},"modified":"2026-04-16T16:45:11","modified_gmt":"2026-04-16T13:45:11","slug":"kim-summer-residency-open-call","status":"publish","type":"post","link":"https:\/\/kim.lv\/lv\/kim-summer-residency-open-call\/","title":{"rendered":"Kim? vasaras rezidences OPEN CALL"},"content":{"rendered":"Kim? Laikmet\u012bg\u0101s m\u0101kslas centrs ar prieku aicina starptautiski str\u0101d\u0101jo\u0161os m\u0101ksliniekus, kuratorus un rakstniekus pieteikties vasaras rezidencei R\u012bg\u0101.<\/p>\n<p>&nbsp;<\/p>\n<p>Rezidence vienlaikus uz\u0146ems divus m\u0101kslas profesion\u0101\u013cus (m\u0101ksliniekus, kuratorus, rakstniekus, producentus u.c.) uz se\u0161u ned\u0113\u013cu periodu (1. j\u016bnijs &#8211; 13. j\u016blijs \/ 17. j\u016blijs &#8211; 31. augusts), pied\u0101v\u0101jot iesp\u0113ju piedal\u012bties \u010detriem rezidentiem vasaras laik\u0101.<\/p>\n<p>&nbsp;<\/p>\n<p>Rezidences m\u0113r\u0137is ir atbalst\u012bt rado\u0161as sadarb\u012bbas un sarunas starp Latvijas un starptautiskaj\u0101m m\u0101kslas kopien\u0101m. Nodro\u0161inot telpu p\u0113t\u012bjumiem, sarun\u0101m un kop\u012bgiem eksperimentiem, rezidence v\u0113las veicin\u0101t saiknes, kas var izv\u0113rsties noz\u012bm\u012bgos, pilnv\u0113rt\u012bgi realiz\u0113tos projektos.<\/p>\n<p>&nbsp;<\/p>\n<p><strong>Par rezidenci<\/strong><\/p>\n<p>&nbsp;<\/p>\n<p>Rezidence sniegs iesp\u0113ju rezidentiem sadarboties ar Latvijas partneriem un iepaz\u012bt R\u012bgas dinamisko m\u0101kslas vidi. Nav sagaid\u0101ms, ka rezidenti pabeigs konkr\u0113tu projektu, ta\u010du vi\u0146iem ir j\u0101piedal\u0101s vismaz vien\u0101 publisk\u0101 pas\u0101kum\u0101 (lekcija, seanss, diskusija utt.), v\u0113lams kop\u0101 ar savu Latvijas partneri.<\/p>\n<p>&nbsp;<\/p>\n<p>Rezidenti tiks aicin\u0101ti iesaist\u012bties R\u012bgas m\u0101kslas vid\u0113 un Latvijas kult\u016bras kontekst\u0101, tiekoties ar m\u0101ksliniekiem, p\u0113tniekiem un citiem nozares profesion\u0101\u0137iem. \u0160\u012b programmas da\u013ca tiks piel\u0101gota katram rezidentam individu\u0101li p\u0113c iepriek\u0161\u0113jas konsult\u0101cijas.<\/p>\n<p>&nbsp;<\/p>\n<p>Rezidenti dz\u012bvos kop\u012bgi divistabu dz\u012bvokl\u012b R\u012bgas centr\u0101 ar kop\u012bgu vannasistabu, virtuvi un viesistabu. Dz\u012bvoklis atrad\u012bsies 15 min\u016b\u0161u g\u0101jiena att\u0101lum\u0101 no Hanzas 22, Kim? n\u0101kotnes m\u0101jvietas, kur katram rezidentam b\u016bs individu\u0101la darbn\u012bca.<\/p>\n<p>&nbsp;<\/p>\n<p><strong>Par Hanzas 22<\/strong><\/p>\n<p>&nbsp;<\/p>\n<p>Hanzas 22 ir v\u0113sturisks skolas \u0113ku komplekss R\u012bgas centr\u0101, net\u0101lu no parka, veikaliem un ostas zonas. \u0112ka bija tuk\u0161a l\u012bdz 2015. gadam un 2023. gad\u0101 ofici\u0101li tika pie\u0161\u0137irta Kim? lieto\u0161anai. Kam\u0113r notiek renov\u0101cijas pl\u0101no\u0161ana, Hanzas 22 jau tiek aktiviz\u0113ta ar pieejam\u0101m studij\u0101m vair\u0101kiem Latvijas m\u0101ksliniekiem. Paral\u0113li reziden\u0101cijas programmai \u0161eit norisin\u0101sies laikmet\u012bg\u0101s m\u0101kslas festiv\u0101la &#8220;EDEN&#8221; otr\u0101 da\u013ca (6. j\u016bnijs &#8211; 3. augusts), ietverot grupas izst\u0101di, dal\u012bbu las\u012b\u0161anas telp\u0101 un pla\u0161u publisko programmu.<\/p>\n<p>&nbsp;<\/p>\n<p><strong>Par Kim?<\/strong><\/p>\n<p>&nbsp;<\/p>\n<p>Kim? Laikmet\u012bg\u0101s m\u0101kslas centrs ir viena no vado\u0161aj\u0101m Latvijas laikmet\u012bg\u0101s m\u0101kslas instit\u0101cij\u0101m, kas atbalsta novatoriskus m\u0101kslas projektus, izst\u0101des un p\u0113tniec\u012bbu. Kim? ir platforma eksperimentiem, kas veicina viet\u0113jas un starptautiskas sadarb\u012bbas un iesaista pla\u0161u auditoriju. \u0160\u012b vasaras rezidence ir da\u013ca no ilgtermi\u0146a pl\u0101na izveidot past\u0101v\u012bgu starptautisku rezidenci un m\u0101kslinieku studiju centru Kim? jaun\u0101j\u0101 \u0113k\u0101 Hanzas iel\u0101 22, kas tiks renov\u0113ta l\u012bdz 2029. gadam.<\/p>\n<p>&nbsp;<\/p>\n<p><strong>Pieteik\u0161an\u0101s nosac\u012bjumi<\/strong><\/p>\n<p>&nbsp;<\/p>\n<ul data-spread=\"false\">\n<li>S\u0101kot no 25 gadu vecuma<\/li>\n<li>Priek\u0161roka tiek dota pretendentiem ar eso\u0161u vai pl\u0101notu sadarb\u012bbu ar Latvijas m\u0101kslinieku, kuratoru vai kolekt\u012bvu (j\u0101apliecina Latvijas partnera v\u0113stul\u0113)<\/li>\n<li>Vismaz piecu gadu ilga profesion\u0101l\u0101 pieredze<\/li>\n<li>Skaidrs un p\u0101rliecino\u0161s pieteikums<\/li>\n<li>Vides apsv\u0113rumu d\u0113\u013c, pieteikties var tikai pretendenti no Eiropas.<\/li>\n<\/ul>\n<p>&nbsp;<\/p>\n<p><strong>K\u0101 pieteikties<\/strong><\/p>\n<p>&nbsp;<\/p>\n<p>Aizpildiet <span style=\"color: #3366ff;\"><strong><a style=\"color: #3366ff;\" href=\"\/\/forms.gle\/ZTyeH1Qi9Q5nADyk6\">pieteikuma formu<\/a><\/strong><\/span>: <a>pievienojot <\/a>portfolio ar vismaz 10 att\u0113liem un aprakstiem, atbilsto\u0161i j\u016bsu prakses form\u0101tam, k\u0101 ar\u012b parakst\u012btu Latvijas partnera v\u0113stuli.<\/p>\n<p>&nbsp;<\/p>\n<p><strong>Rezidences ietvaros tiek nodro\u0161in\u0101ta:<\/strong><\/p>\n<p>&nbsp;<\/p>\n<ul data-spread=\"false\">\n<li>Individu\u0101la studija (~40 m\u00b2) ar pamatapr\u012bkojumu (galds, kr\u0113sli, apgaismojums)<\/li>\n<li>Dz\u012bvo\u0161ana dal\u012bti divistabu dz\u012bvokl\u012b<\/li>\n<li>Velosip\u0113di un sl\u0113dzenes<\/li>\n<li>Bezmaksas bezvadu internets dz\u012bvokl\u012b un rezidenc\u0113<\/li>\n<\/ul>\n<p>&nbsp;<\/p>\n<p>Kim? apzin\u0101s un no\u017e\u0113lo, ka rezidence \u0161obr\u012bd nav pieejama person\u0101m ar invalidit\u0101ti, tostarp ar dzirdes, redzes, kust\u012bbu un sensoraj\u0101m vajadz\u012bb\u0101m. M\u0113s atz\u012bstam iek\u013caujo\u0161as vides noz\u012bmi un str\u0101d\u0101jam pie pieejam\u012bbas uzlabo\u0161anas n\u0101kotn\u0113.<\/p>\n<p>&nbsp;<\/p>\n<p><strong>Atlases process<\/strong><\/p>\n<p>&nbsp;<\/p>\n<p>Rezidentus izv\u0113l\u0113s Kim? komanda kop\u0101 ar 2-3 \u017e\u016brijas locek\u013ciem no Latvijas m\u0101kslas profesion\u0101\u013cu vides.<\/p>\n<p>&nbsp;<\/p>\n<p><strong>Pieteikumu termi\u0146i<\/strong><\/p>\n<p>&nbsp;<\/p>\n<ul data-spread=\"false\">\n<li>Pieteikumu iesnieg\u0161anas termi\u0146\u0161: 16. marts<\/li>\n<li>Rezult\u0101ti: 21. apr\u012blis<\/li>\n<li>Rezidences periodi: 1. j\u016bnijs &#8211; 13. j\u016blijs vai 17. j\u016blijs &#8211; 31. augusts<\/li>\n<\/ul>\n<p>&nbsp;<\/p>\n<p>Rezidence tiek \u012bstenota ar Valsts kult\u016brkapit\u0101la fonda atbalstu.","protected":false},"excerpt":{"rendered":"<p>Kim? Laikmet\u012bg\u0101s m\u0101kslas centrs ar prieku aicina starptautiski str\u0101d\u0101jo\u0161os m\u0101ksliniekus, kuratorus un rakstniekus pieteikties vasaras rezidencei R\u012bg\u0101. &nbsp; Rezidence vienlaikus uz\u0146ems divus m\u0101kslas profesion\u0101\u013cus (m\u0101ksliniekus, kuratorus, rakstniekus, producentus u.c.) uz se\u0161u ned\u0113\u013cu periodu (1. j\u016bnijs &#8211; 13. j\u016blijs \/ 17. j\u016blijs &#8211; 31. augusts), pied\u0101v\u0101jot iesp\u0113ju piedal\u012bties \u010detriem rezidentiem vasaras laik\u0101. &nbsp; Rezidences m\u0113r\u0137is ir [&hellip;]<\/p>\n","protected":false},"author":2,"featured_media":0,"comment_status":"open","ping_status":"open","sticky":false,"template":"","format":"standard","meta":{"inline_featured_image":false,"footnotes":""},"categories":[54,5,38],"tags":[],"class_list":["post-8559","post","type-post","status-publish","format-standard","hentry","category-2025-events","category-kim-events","category-news"],"acf":[],"yoast_head":"<!-- This site is optimized with the Yoast SEO plugin v21.9 - https:\/\/yoast.com\/wordpress\/plugins\/seo\/ -->\n<title>Kim? vasaras rezidences OPEN CALL - Kim? Laikmet\u012bg\u0101s m\u0101kslas centrs<\/title>\n<meta name=\"robots\" content=\"index, follow, max-snippet:-1, max-image-preview:large, max-video-preview:-1\" \/>\n<link rel=\"canonical\" href=\"https:\/\/kim.lv\/kim-summer-residency-open-call\/\" \/>\n<meta property=\"og:locale\" content=\"lv_LV\" \/>\n<meta property=\"og:type\" content=\"article\" \/>\n<meta property=\"og:title\" content=\"[:en] Kim? Summer Residency Open Call [:lv]Kim? vasaras rezidences OPEN CALL[:] - Kim? Laikmet\u012bg\u0101s m\u0101kslas centrs\" \/>\n<meta property=\"og:description\" content=\"Kim? Laikmet\u012bg\u0101s m\u0101kslas centrs ar prieku aicina starptautiski str\u0101d\u0101jo\u0161os m\u0101ksliniekus, kuratorus un rakstniekus pieteikties vasaras rezidencei R\u012bg\u0101. &nbsp; Rezidence vienlaikus uz\u0146ems divus m\u0101kslas profesion\u0101\u013cus (m\u0101ksliniekus, kuratorus, rakstniekus, producentus u.c.) uz se\u0161u ned\u0113\u013cu periodu (1. j\u016bnijs &#8211; 13. j\u016blijs \/ 17. j\u016blijs &#8211; 31. augusts), pied\u0101v\u0101jot iesp\u0113ju piedal\u012bties \u010detriem rezidentiem vasaras laik\u0101. &nbsp; Rezidences m\u0113r\u0137is ir [&hellip;]\" \/>\n<meta property=\"og:url\" content=\"https:\/\/kim.lv\/kim-summer-residency-open-call\/\" \/>\n<meta property=\"og:site_name\" content=\"Kim? Laikmet\u012bg\u0101s m\u0101kslas centrs\" \/>\n<meta property=\"article:published_time\" content=\"2025-02-12T12:06:12+00:00\" \/>\n<meta property=\"article:modified_time\" content=\"2026-04-16T13:45:11+00:00\" \/>\n<meta name=\"author\" content=\"Kim?\" \/>\n<meta name=\"twitter:card\" content=\"summary_large_image\" \/>\n<meta name=\"twitter:label1\" content=\"Written by\" \/>\n\t<meta name=\"twitter:data1\" content=\"Kim?\" \/>\n\t<meta name=\"twitter:label2\" content=\"Est. reading time\" \/>\n\t<meta name=\"twitter:data2\" content=\"6 minutes\" \/>\n<script type=\"application\/ld+json\" class=\"yoast-schema-graph\">{\"@context\":\"https:\/\/schema.org\",\"@graph\":[{\"@type\":\"WebPage\",\"@id\":\"https:\/\/kim.lv\/kim-summer-residency-open-call\/\",\"url\":\"https:\/\/kim.lv\/kim-summer-residency-open-call\/\",\"name\":\"[:en] Kim? Summer Residency Open Call [:lv]Kim? vasaras rezidences OPEN CALL[:] - Kim? Laikmet\u012bg\u0101s m\u0101kslas centrs\",\"isPartOf\":{\"@id\":\"https:\/\/kim.lv\/en\/#website\"},\"datePublished\":\"2025-02-12T12:06:12+00:00\",\"dateModified\":\"2026-04-16T13:45:11+00:00\",\"author\":{\"@id\":\"https:\/\/kim.lv\/en\/#\/schema\/person\/56f07ec6715af61b0d0ed9835c282330\"},\"breadcrumb\":{\"@id\":\"https:\/\/kim.lv\/kim-summer-residency-open-call\/#breadcrumb\"},\"inLanguage\":\"lv-LV\",\"potentialAction\":[{\"@type\":\"ReadAction\",\"target\":[\"https:\/\/kim.lv\/kim-summer-residency-open-call\/\"]}]},{\"@type\":\"BreadcrumbList\",\"@id\":\"https:\/\/kim.lv\/kim-summer-residency-open-call\/#breadcrumb\",\"itemListElement\":[{\"@type\":\"ListItem\",\"position\":1,\"name\":\"Home\",\"item\":\"https:\/\/kim.lv\/\"},{\"@type\":\"ListItem\",\"position\":2,\"name\":\"Kim? Summer Residency Open Call\"}]},{\"@type\":\"WebSite\",\"@id\":\"https:\/\/kim.lv\/en\/#website\",\"url\":\"https:\/\/kim.lv\/en\/\",\"name\":\"Kim? Laikmet\u012bg\u0101s m\u0101kslas centrs\",\"description\":\"\",\"potentialAction\":[{\"@type\":\"SearchAction\",\"target\":{\"@type\":\"EntryPoint\",\"urlTemplate\":\"https:\/\/kim.lv\/en\/?s={search_term_string}\"},\"query-input\":\"required name=search_term_string\"}],\"inLanguage\":\"lv-LV\"},{\"@type\":\"Person\",\"@id\":\"https:\/\/kim.lv\/en\/#\/schema\/person\/56f07ec6715af61b0d0ed9835c282330\",\"name\":\"Kim?\",\"image\":{\"@type\":\"ImageObject\",\"inLanguage\":\"lv-LV\",\"@id\":\"https:\/\/kim.lv\/en\/#\/schema\/person\/image\/\",\"url\":\"https:\/\/secure.gravatar.com\/avatar\/95e223367867817ed896bcfb04f433d88d871bfbb4f33c528e26ce5c2786508f?s=96&d=mm&r=g\",\"contentUrl\":\"https:\/\/secure.gravatar.com\/avatar\/95e223367867817ed896bcfb04f433d88d871bfbb4f33c528e26ce5c2786508f?s=96&d=mm&r=g\",\"caption\":\"Kim?\"},\"url\":\"https:\/\/kim.lv\/lv\/author\/kim\/\"}]}<\/script>\n<!-- \/ Yoast SEO plugin. -->","yoast_head_json":{"title":"[:en] Kim? Summer Residency Open Call [:lv]Kim? vasaras rezidences OPEN CALL[:] - Kim? Laikmet\u012bg\u0101s m\u0101kslas centrs","robots":{"index":"index","follow":"follow","max-snippet":"max-snippet:-1","max-image-preview":"max-image-preview:large","max-video-preview":"max-video-preview:-1"},"canonical":"https:\/\/kim.lv\/kim-summer-residency-open-call\/","og_locale":"lv_LV","og_type":"article","og_title":"[:en] Kim? Summer Residency Open Call [:lv]Kim? vasaras rezidences OPEN CALL[:] - Kim? Laikmet\u012bg\u0101s m\u0101kslas centrs","og_description":"Kim? Laikmet\u012bg\u0101s m\u0101kslas centrs ar prieku aicina starptautiski str\u0101d\u0101jo\u0161os m\u0101ksliniekus, kuratorus un rakstniekus pieteikties vasaras rezidencei R\u012bg\u0101. &nbsp; Rezidence vienlaikus uz\u0146ems divus m\u0101kslas profesion\u0101\u013cus (m\u0101ksliniekus, kuratorus, rakstniekus, producentus u.c.) uz se\u0161u ned\u0113\u013cu periodu (1. j\u016bnijs &#8211; 13. j\u016blijs \/ 17. j\u016blijs &#8211; 31. augusts), pied\u0101v\u0101jot iesp\u0113ju piedal\u012bties \u010detriem rezidentiem vasaras laik\u0101. &nbsp; Rezidences m\u0113r\u0137is ir [&hellip;]","og_url":"https:\/\/kim.lv\/kim-summer-residency-open-call\/","og_site_name":"Kim? Laikmet\u012bg\u0101s m\u0101kslas centrs","article_published_time":"2025-02-12T12:06:12+00:00","article_modified_time":"2026-04-16T13:45:11+00:00","author":"Kim?","twitter_card":"summary_large_image","twitter_misc":{"Written by":"Kim?","Est. reading time":"6 minutes"},"schema":{"@context":"https:\/\/schema.org","@graph":[{"@type":"WebPage","@id":"https:\/\/kim.lv\/kim-summer-residency-open-call\/","url":"https:\/\/kim.lv\/kim-summer-residency-open-call\/","name":"[:en] Kim? Summer Residency Open Call [:lv]Kim? vasaras rezidences OPEN CALL[:] - Kim? Laikmet\u012bg\u0101s m\u0101kslas centrs","isPartOf":{"@id":"https:\/\/kim.lv\/en\/#website"},"datePublished":"2025-02-12T12:06:12+00:00","dateModified":"2026-04-16T13:45:11+00:00","author":{"@id":"https:\/\/kim.lv\/en\/#\/schema\/person\/56f07ec6715af61b0d0ed9835c282330"},"breadcrumb":{"@id":"https:\/\/kim.lv\/kim-summer-residency-open-call\/#breadcrumb"},"inLanguage":"lv-LV","potentialAction":[{"@type":"ReadAction","target":["https:\/\/kim.lv\/kim-summer-residency-open-call\/"]}]},{"@type":"BreadcrumbList","@id":"https:\/\/kim.lv\/kim-summer-residency-open-call\/#breadcrumb","itemListElement":[{"@type":"ListItem","position":1,"name":"Home","item":"https:\/\/kim.lv\/"},{"@type":"ListItem","position":2,"name":"Kim? Summer Residency Open Call"}]},{"@type":"WebSite","@id":"https:\/\/kim.lv\/en\/#website","url":"https:\/\/kim.lv\/en\/","name":"Kim? Laikmet\u012bg\u0101s m\u0101kslas centrs","description":"","potentialAction":[{"@type":"SearchAction","target":{"@type":"EntryPoint","urlTemplate":"https:\/\/kim.lv\/en\/?s={search_term_string}"},"query-input":"required name=search_term_string"}],"inLanguage":"lv-LV"},{"@type":"Person","@id":"https:\/\/kim.lv\/en\/#\/schema\/person\/56f07ec6715af61b0d0ed9835c282330","name":"Kim?","image":{"@type":"ImageObject","inLanguage":"lv-LV","@id":"https:\/\/kim.lv\/en\/#\/schema\/person\/image\/","url":"https:\/\/secure.gravatar.com\/avatar\/95e223367867817ed896bcfb04f433d88d871bfbb4f33c528e26ce5c2786508f?s=96&d=mm&r=g","contentUrl":"https:\/\/secure.gravatar.com\/avatar\/95e223367867817ed896bcfb04f433d88d871bfbb4f33c528e26ce5c2786508f?s=96&d=mm&r=g","caption":"Kim?"},"url":"https:\/\/kim.lv\/lv\/author\/kim\/"}]}},"_links":{"self":[{"href":"https:\/\/kim.lv\/lv\/wp-json\/wp\/v2\/posts\/8559","targetHints":{"allow":["GET"]}}],"collection":[{"href":"https:\/\/kim.lv\/lv\/wp-json\/wp\/v2\/posts"}],"about":[{"href":"https:\/\/kim.lv\/lv\/wp-json\/wp\/v2\/types\/post"}],"author":[{"embeddable":true,"href":"https:\/\/kim.lv\/lv\/wp-json\/wp\/v2\/users\/2"}],"replies":[{"embeddable":true,"href":"https:\/\/kim.lv\/lv\/wp-json\/wp\/v2\/comments?post=8559"}],"version-history":[{"count":8,"href":"https:\/\/kim.lv\/lv\/wp-json\/wp\/v2\/posts\/8559\/revisions"}],"predecessor-version":[{"id":9308,"href":"https:\/\/kim.lv\/lv\/wp-json\/wp\/v2\/posts\/8559\/revisions\/9308"}],"wp:attachment":[{"href":"https:\/\/kim.lv\/lv\/wp-json\/wp\/v2\/media?parent=8559"}],"wp:term":[{"taxonomy":"category","embeddable":true,"href":"https:\/\/kim.lv\/lv\/wp-json\/wp\/v2\/categories?post=8559"},{"taxonomy":"post_tag","embeddable":true,"href":"https:\/\/kim.lv\/lv\/wp-json\/wp\/v2\/tags?post=8559"}],"curies":[{"name":"wp","href":"https:\/\/api.w.org\/{rel}","templated":true}]}}