{"id":9492,"date":"2026-09-05T00:23:16","date_gmt":"2026-09-04T21:23:16","guid":{"rendered":"https:\/\/kim.lv\/?p=9492"},"modified":"2026-09-05T00:24:53","modified_gmt":"2026-09-04T21:24:53","slug":"kim-white-night-2026","status":"publish","type":"post","link":"https:\/\/kim.lv\/lv\/kim-white-night-2026\/","title":{"rendered":"Kim? Balt\u0101 nakts 2026"},"content":{"rendered":"<b><span data-contrast=\"auto\">Kim? Balt\u0101s nakts 2026 programma<\/span><\/b><\/p>\n<p>&nbsp;<\/p>\n<p><b><span data-contrast=\"auto\">Kim? Laikmet\u012bg\u0101s m\u0101kslas centrs ar prieku iel\u016bdz uz m\u0101kslinieces Kristas Vindbergas-Auznieces \u012bpa\u0161i veidoto programmu m\u016bsdienu kult\u016bras foruma \u201cBalt\u0101s nakts 2026\u201d ietvaros. Pas\u0101kuma norise Kim? izst\u0101\u017eu telp\u0101s un piegu\u013co\u0161aj\u0101 iek\u0161pagalm\u0101 (Sporta iela 2, k-1) no 5. septembra plkst. 12:00 l\u012bdz 6. septembra plkst. 02:00. Ieeja br\u012bva.<\/span><\/b><span data-ccp-props=\"{&quot;201341983&quot;:0,&quot;335559740&quot;:276}\">\u00a0<\/span><\/p>\n<p>&nbsp;<\/p>\n<p><span data-contrast=\"auto\">Lai pieteiktos meistarklasei, l\u016bgums l\u012bdz 4. septembrim rakst\u012bt uz e-pastu: annaticha19@gmail.com. Dal\u012bba ir bez maksas; apstiprin\u0101jums un t\u0101l\u0101kas nor\u0101des tiks nos\u016bt\u012btas p\u0113c pieteik\u0161an\u0101s.<\/span><span data-ccp-props=\"{&quot;335559738&quot;:240,&quot;335559739&quot;:240}\">\u00a0<\/span><\/p>\n<p><span data-ccp-props=\"{}\">\u00a0<\/span><\/p>\n<p><b><span data-contrast=\"auto\">Pas\u0101kuma programma:<\/span><\/b><span data-ccp-props=\"{}\">\u00a0<\/span><\/p>\n<p><span data-ccp-props=\"{}\">\u00a0<\/span><\/p>\n<p><b><span data-contrast=\"auto\">12:00\u201302:00 <\/span><\/b><span data-contrast=\"auto\">Kristas Vindbergas-Auznieces person\u0101lizst\u0101des \u201c<\/span><i><span data-contrast=\"auto\">Circles Are Better Than Lines<\/span><\/i><span data-contrast=\"auto\"> (oda piesk\u0101rienam)\u201d un <\/span><b><span data-contrast=\"auto\">\u012bpa\u0161i Baltajai naktij veidot\u0101s publisk\u0101s vides instal\u0101cijas \u201cO, DZIEDI MANI\u201d apskate. <\/span><\/b><i><span data-contrast=\"auto\">T\u016bresar izst\u0101des mediatoriem \u2013 p\u0113c piepras\u012bjuma uz vietas.\u00a0<\/span><\/i><span data-ccp-props=\"{}\">\u00a0<\/span><\/p>\n<p><span data-ccp-props=\"{}\">\u00a0<\/span><\/p>\n<p><b><span data-contrast=\"auto\">16:00\u201318:00<\/span><\/b> <b><span data-contrast=\"auto\">Kristas Vindbergas-Auznieces meistarklase<\/span><\/b><span data-ccp-props=\"{}\">\u00a0<\/span><\/p>\n<p><span data-ccp-props=\"{}\">\u00a0<\/span><\/p>\n<p><i><span data-contrast=\"auto\">M\u0101kslinieces vad\u012bt\u0101 ogles z\u012bm\u0113jumu un arh\u012bva fotogr\u0101fiju kol\u0101\u017eu darbn\u012bca b\u016bs velt\u012bta person\u012bgo, \u0123imenes vai atrasto vizu\u0101lo arh\u012bvu izp\u0113tei, ski\u010du veido\u0161anai un t\u0101s p\u0101rne\u0161anai uz audekla. Dal\u012bbnieki p\u0113t\u012bs, k\u0101 k\u0101rtot un sl\u0101\u0146ot atrastos st\u0101stus un p\u0101rst\u0101st\u012bt, tos p\u0101rz\u012bm\u0113jot, retu\u0161\u0113jot un no jauna izt\u0113lojoties.<\/span><\/i><span data-ccp-props=\"{}\">\u00a0<\/span><\/p>\n<p><span data-ccp-props=\"{}\">\u00a0<\/span><\/p>\n<p><b><span data-contrast=\"auto\">19:00 un 21:00 Sopr\u0101na Lienes Kin\u010das uzst\u0101\u0161an\u0101s <\/span><\/b><span data-contrast=\"auto\">ar Riharda V\u0101gnera operas \u201cTristans un Izolde\u201d tre\u0161\u0101 c\u0113liena kompoz\u012bciju \u201cM\u012blas n\u0101ve\u201d.<\/span><span data-ccp-props=\"{}\">\u00a0<\/span><\/p>\n<p><span data-ccp-props=\"{}\">\u00a0<\/span><\/p>\n<p><b><span data-contrast=\"auto\">24:00<\/span><\/b><span data-contrast=\"auto\"> Pas\u0101kuma<\/span><b><span data-contrast=\"auto\"> kulmin\u0101cij\u0101 5. septembra pusnakt\u012b apmekl\u0113t\u0101ji ir aicin\u0101ti pa\u0146emt l\u012bdzi da\u013ci\u0146u no ziedo\u0161\u0101 d\u0101rza instal\u0101cijas<\/span><\/b><span data-contrast=\"auto\">, caur to uz\u0146emoties t\u0101l\u0101kas r\u016bpes par ziediem k\u0101 person\u012bgu darba turpin\u0101jumu, \u013caujotinstal\u0101cijai past\u0101v\u0113t ar\u012b p\u0113c t\u0101s nosl\u0113guma.<\/span><span data-ccp-props=\"{}\">\u00a0<\/span><\/p>\n<p><span data-ccp-props=\"{}\">\u00a0<\/span><\/p>\n<p><span data-ccp-props=\"{}\">\u00a0<\/span><\/p>\n<p><b><span data-contrast=\"auto\">Krista Vindberga-Auzniece par pas\u0101kuma centr\u0101lo objektu \u2013 publisk\u0101s vides instal\u0101ciju:<\/span><\/b><span data-ccp-props=\"{}\">\u00a0<\/span><\/p>\n<p><span data-ccp-props=\"{}\">\u00a0<\/span><\/p>\n<p><b><i><span data-contrast=\"auto\">O, DZIEDI MANI <\/span><\/i><\/b><i><span data-contrast=\"auto\">savieno stingru \u0123eometrisku formu ar dz\u012bvu, trauslu un p\u0101rejo\u0161u mat\u0113riju. Kim? pagalm\u0101 baltu m\u0101rti\u0146ro\u017eu kvadr\u0101ts k\u013c\u016bst par \u012bslaic\u012bgu d\u0101rzu pils\u0113tas centr\u0101. Taj\u0101 minim\u0101lisma skaidr\u012bba sastopas arziedu barok\u0101lo p\u0101rpiln\u012bbu, bet nemain\u012bg\u0101 forma tiek pak\u013cauta laikam, laikapst\u0101k\u013ciem, kop\u0161anai un izzu\u0161anai.<\/span><\/i><span data-ccp-props=\"{&quot;335551550&quot;:6,&quot;335551620&quot;:6}\">\u00a0<\/span><\/p>\n<p><span data-ccp-props=\"{&quot;335551550&quot;:6,&quot;335551620&quot;:6}\">\u00a0<\/span><\/p>\n<p><i><span data-contrast=\"auto\">Virs ziediem redzamie Riharda V\u0101gnera operas \u201cTristans un Izolde\u201d izdzied\u0101tie v\u0101rdi p\u0101rv\u0113r\u0161 pagalmu emocion\u0101li pies\u0101tin\u0101t\u0101 telp\u0101. V\u0101gnera operas kaisl\u012bg\u0101 valoda tiek nodota ar tehnisku un meh\u0101nisku ier\u012b\u010dupal\u012bdz\u012bbu, radot spriedzi starp dz\u012bvo un m\u0101ksl\u012bgo, int\u012bmo un monument\u0101lo, individu\u0101lo balsi un kult\u016bras atmi\u0146u. Titru ma\u0161\u012bnas k\u013c\u016bst par sava veida operas karaoke meh\u0101nismu, kas \u013cauj apmekl\u0113t\u0101jam ne tikai v\u0113rot, bet ar\u012b ie\u0146emt k\u0101da t\u0113la vietu, lasot, dziedot vai klus\u012bb\u0101 sekojot tekstam. \u0160\u0101di opera tiek izcelta no ierast\u0101s reprezent\u0101cijas telpas un k\u013c\u016bst pieejam\u0101ka, nojaucot distanci starp monument\u0101lu kult\u016bras mantojumu un individu\u0101lu pieredzi.<\/span><\/i><span data-ccp-props=\"{&quot;335551550&quot;:6,&quot;335551620&quot;:6}\">\u00a0<\/span><\/p>\n<p>&nbsp;<\/p>\n<p><b><span data-contrast=\"auto\">Krista Vindberga-Auzniece <\/span><\/b><span data-contrast=\"auto\">(dz. 1989) ir vizu\u0101l\u0101 m\u0101ksliniece, kas str\u0101d\u0101 da\u017e\u0101dos medijos un m\u0113rogos \u2013 no neliela form\u0101ta r\u016bp\u012bgi veidotiem z\u012bm\u0113jumiem l\u012bdz liela m\u0113roga scenogr\u0101fiskiem risin\u0101jumiem te\u0101tra un operas iestud\u0113jumos. Ieguvusi bakalaura gr\u0101du Latvijas M\u0101kslas akad\u0113mijas glezniec\u012bbas noda\u013c\u0101 un ma\u0123istra gr\u0101du vizu\u0101laj\u0101 komunik\u0101cij\u0101.\u00a0\u00a0<\/span><span data-ccp-props=\"{}\">\u00a0<\/span><\/p>\n<p><span data-ccp-props=\"{}\">\u00a0<\/span><\/p>\n<p><b><span data-contrast=\"auto\">Liene Kin\u010da<\/span><\/b><span data-contrast=\"auto\"> dzied\u0101\u0161anu apguvusi pie Margaritas Gruzdevas. 2006. gad\u0101 absolv\u0113jusi Latvijas M\u016bzikas akad\u0113miju Sergeja Martinova klas\u0113. Vok\u0101lo meistar\u012bbu papildin\u0101jusi pie Ir\u0113nas Milkevi\u010dutes, Ingr\u012bdas Kaizerfeldes, Deivida D\u017eounsa u.c. \u0160obr\u012bd Liene Kin\u010da turpina pilnveidot vok\u0101l\u0101s prasmes pie Kirstenas \u0160oteldreieres.<\/span><span data-ccp-props=\"{}\">\u00a0<\/span><\/p>\n<p>&nbsp;<\/p>\n<p><b><span data-contrast=\"auto\">Pas\u0101kuma komanda:<\/span><\/b><span data-ccp-props=\"{}\">\u00a0<\/span><\/p>\n<p><span data-contrast=\"auto\">Izpilddirektore: Evita Goze<\/span><span data-ccp-props=\"{}\">\u00a0<\/span><\/p>\n<p><span data-contrast=\"auto\">Programmas direktore: Zane Onckule<\/span><span data-ccp-props=\"{}\">\u00a0<\/span><\/p>\n<p><span data-contrast=\"auto\">Komunik\u0101cijas vad\u012bt\u0101ja: Kristi\u0101na B\u0113rza<\/span><span data-ccp-props=\"{}\">\u00a0<\/span><\/p>\n<p><span data-contrast=\"auto\">Projekta vad\u012bt\u0101ja: Katr\u012bna Jau\u0123iete<\/span><span data-ccp-props=\"{}\">\u00a0<\/span><\/p>\n<p><span data-contrast=\"auto\">Mediatores: Betija Briede, Po\u013cina Gasparovi\u010da, Em\u012blija Austra Lodi\u0146a, Anna Annemarija Samsone, Alise Sedleniece, Marl\u0113na Sniega<\/span><span data-ccp-props=\"{}\">\u00a0<\/span><\/p>\n<p><span data-contrast=\"auto\">Instal\u0101cijas tehnisk\u0101 komanda: Rom\u0101ns Medvedevs, Oskars Plataiskalns, Olivers Tarvids<\/span><span data-ccp-props=\"{}\">\u00a0<\/span><\/p>\n<p><span data-contrast=\"auto\">Dizains: Anna Ceipe<\/span><span data-ccp-props=\"{}\">\u00a0<\/span><\/p>\n<p><span data-contrast=\"auto\">Operas teksta tulkojuma korekcija: Signe Vi\u0161ka<\/span><span data-ccp-props=\"{}\">\u00a0<\/span><\/p>\n<p>&nbsp;<\/p>\n<p><span data-ccp-props=\"{}\">\u00a0<\/span><\/p>\n<p><span data-contrast=\"auto\">Pas\u0101kums tiek \u012bstenots ar R\u012bgas valstspils\u0113tas pa\u0161vald\u012bbas l\u012bdzfinans\u0113jumu, k\u0101 ar\u012b ar Latvijas Republikas Kult\u016bras ministrijas, Valsts kult\u016brkapit\u0101la fonda un Altum atbalstu.<\/span><span data-ccp-props=\"{}\">\u00a0<\/span><\/p>\n<p><span data-ccp-props=\"{}\">\u00a0<\/span><\/p>\n<p><span data-contrast=\"auto\">Pas\u0101kuma laik\u0101 tiks veikta fotogr\u0101f\u0113\u0161ana\/film\u0113\u0161ana, un ieg\u016btie materi\u0101li var tikt izmantoti Kim? komunik\u0101cijas un m\u0101rketinga vajadz\u012bb\u0101m.<\/span><span data-ccp-props=\"{}\">\u00a0<\/span><\/p>\n<p><span data-ccp-props=\"{}\">\u00a0<\/span><\/p>\n<p><span data-contrast=\"auto\">Pla\u0161\u0101ku inform\u0101ciju par visiem \u201cBalt\u0101s nakts\u201d pas\u0101kumiem: <\/span><a href=\"http:\/\/www.baltanakts.lv\/\"><span data-contrast=\"none\">www.baltanakts.lv<\/span><\/a> <a href=\"http:\/\/facebook.com\/Baltanakts?utm_source=chatgpt.com\"><span data-contrast=\"auto\">facebook.com\/Baltanakts<\/span><\/a><span data-contrast=\"auto\">\u00a0<\/span><span data-ccp-props=\"{}\">\u00a0<\/span>","protected":false},"excerpt":{"rendered":"<p>Kim? Balt\u0101s nakts 2026 programma &nbsp; Kim? Laikmet\u012bg\u0101s m\u0101kslas centrs ar prieku iel\u016bdz uz m\u0101kslinieces Kristas Vindbergas-Auznieces \u012bpa\u0161i veidoto programmu m\u016bsdienu kult\u016bras foruma \u201cBalt\u0101s nakts 2026\u201d ietvaros. Pas\u0101kuma norise Kim? izst\u0101\u017eu telp\u0101s un piegu\u013co\u0161aj\u0101 iek\u0161pagalm\u0101 (Sporta iela 2, k-1) no 5. septembra plkst. 12:00 l\u012bdz 6. septembra plkst. 02:00. Ieeja br\u012bva.\u00a0 &nbsp; Lai pieteiktos meistarklasei, [&hellip;]<\/p>\n","protected":false},"author":2,"featured_media":9493,"comment_status":"closed","ping_status":"open","sticky":false,"template":"","format":"standard","meta":{"inline_featured_image":false,"footnotes":""},"categories":[55,5,1],"tags":[],"class_list":["post-9492","post","type-post","status-publish","format-standard","has-post-thumbnail","hentry","category-2026-events","category-kim-events","category-uncategorized"],"acf":[],"yoast_head":"<!-- This site is optimized with the Yoast SEO plugin v21.9 - https:\/\/yoast.com\/wordpress\/plugins\/seo\/ -->\n<title>Kim? Balt\u0101 nakts 2026 - Kim? Laikmet\u012bg\u0101s m\u0101kslas centrs<\/title>\n<meta name=\"robots\" content=\"index, follow, max-snippet:-1, max-image-preview:large, max-video-preview:-1\" \/>\n<link rel=\"canonical\" href=\"https:\/\/kim.lv\/kim-white-night-2026\/\" \/>\n<meta property=\"og:locale\" content=\"lv_LV\" \/>\n<meta property=\"og:type\" content=\"article\" \/>\n<meta property=\"og:title\" content=\"[:en]Kim? White Night 2026[:lv]Kim? Balt\u0101 nakts 2026[:] - Kim? Laikmet\u012bg\u0101s m\u0101kslas centrs\" \/>\n<meta property=\"og:description\" content=\"Kim? Balt\u0101s nakts 2026 programma &nbsp; Kim? Laikmet\u012bg\u0101s m\u0101kslas centrs ar prieku iel\u016bdz uz m\u0101kslinieces Kristas Vindbergas-Auznieces \u012bpa\u0161i veidoto programmu m\u016bsdienu kult\u016bras foruma \u201cBalt\u0101s nakts 2026\u201d ietvaros. Pas\u0101kuma norise Kim? izst\u0101\u017eu telp\u0101s un piegu\u013co\u0161aj\u0101 iek\u0161pagalm\u0101 (Sporta iela 2, k-1) no 5. septembra plkst. 12:00 l\u012bdz 6. septembra plkst. 02:00. Ieeja br\u012bva.\u00a0 &nbsp; Lai pieteiktos meistarklasei, [&hellip;]\" \/>\n<meta property=\"og:url\" content=\"https:\/\/kim.lv\/kim-white-night-2026\/\" \/>\n<meta property=\"og:site_name\" content=\"Kim? Laikmet\u012bg\u0101s m\u0101kslas centrs\" \/>\n<meta property=\"article:published_time\" content=\"2026-09-04T21:23:16+00:00\" \/>\n<meta property=\"article:modified_time\" content=\"2026-09-04T21:24:53+00:00\" \/>\n<meta property=\"og:image\" content=\"http:\/\/kim.lv\/wp-content\/uploads\/2026\/09\/Balta-nakts-2026-02-scaled.jpg\" \/>\n\t<meta property=\"og:image:width\" content=\"2560\" \/>\n\t<meta property=\"og:image:height\" content=\"1340\" \/>\n\t<meta property=\"og:image:type\" content=\"image\/jpeg\" \/>\n<meta name=\"author\" content=\"Kim?\" \/>\n<meta name=\"twitter:card\" content=\"summary_large_image\" \/>\n<meta name=\"twitter:label1\" content=\"Written by\" \/>\n\t<meta name=\"twitter:data1\" content=\"Kim?\" \/>\n\t<meta name=\"twitter:label2\" content=\"Est. reading time\" \/>\n\t<meta name=\"twitter:data2\" content=\"3 minutes\" \/>\n<script type=\"application\/ld+json\" class=\"yoast-schema-graph\">{\"@context\":\"https:\/\/schema.org\",\"@graph\":[{\"@type\":\"WebPage\",\"@id\":\"https:\/\/kim.lv\/kim-white-night-2026\/\",\"url\":\"https:\/\/kim.lv\/kim-white-night-2026\/\",\"name\":\"[:en]Kim? White Night 2026[:lv]Kim? Balt\u0101 nakts 2026[:] - Kim? Laikmet\u012bg\u0101s m\u0101kslas centrs\",\"isPartOf\":{\"@id\":\"https:\/\/kim.lv\/en\/#website\"},\"datePublished\":\"2026-09-04T21:23:16+00:00\",\"dateModified\":\"2026-09-04T21:24:53+00:00\",\"author\":{\"@id\":\"https:\/\/kim.lv\/en\/#\/schema\/person\/56f07ec6715af61b0d0ed9835c282330\"},\"breadcrumb\":{\"@id\":\"https:\/\/kim.lv\/kim-white-night-2026\/#breadcrumb\"},\"inLanguage\":\"lv-LV\",\"potentialAction\":[{\"@type\":\"ReadAction\",\"target\":[\"https:\/\/kim.lv\/kim-white-night-2026\/\"]}]},{\"@type\":\"BreadcrumbList\",\"@id\":\"https:\/\/kim.lv\/kim-white-night-2026\/#breadcrumb\",\"itemListElement\":[{\"@type\":\"ListItem\",\"position\":1,\"name\":\"Home\",\"item\":\"https:\/\/kim.lv\/\"},{\"@type\":\"ListItem\",\"position\":2,\"name\":\"Kim? White Night 2026\"}]},{\"@type\":\"WebSite\",\"@id\":\"https:\/\/kim.lv\/en\/#website\",\"url\":\"https:\/\/kim.lv\/en\/\",\"name\":\"Kim? Laikmet\u012bg\u0101s m\u0101kslas centrs\",\"description\":\"\",\"potentialAction\":[{\"@type\":\"SearchAction\",\"target\":{\"@type\":\"EntryPoint\",\"urlTemplate\":\"https:\/\/kim.lv\/en\/?s={search_term_string}\"},\"query-input\":\"required name=search_term_string\"}],\"inLanguage\":\"lv-LV\"},{\"@type\":\"Person\",\"@id\":\"https:\/\/kim.lv\/en\/#\/schema\/person\/56f07ec6715af61b0d0ed9835c282330\",\"name\":\"Kim?\",\"image\":{\"@type\":\"ImageObject\",\"inLanguage\":\"lv-LV\",\"@id\":\"https:\/\/kim.lv\/en\/#\/schema\/person\/image\/\",\"url\":\"https:\/\/secure.gravatar.com\/avatar\/95e223367867817ed896bcfb04f433d88d871bfbb4f33c528e26ce5c2786508f?s=96&d=mm&r=g\",\"contentUrl\":\"https:\/\/secure.gravatar.com\/avatar\/95e223367867817ed896bcfb04f433d88d871bfbb4f33c528e26ce5c2786508f?s=96&d=mm&r=g\",\"caption\":\"Kim?\"},\"url\":\"https:\/\/kim.lv\/lv\/author\/kim\/\"}]}<\/script>\n<!-- \/ Yoast SEO plugin. -->","yoast_head_json":{"title":"[:en]Kim? White Night 2026[:lv]Kim? Balt\u0101 nakts 2026[:] - Kim? Laikmet\u012bg\u0101s m\u0101kslas centrs","robots":{"index":"index","follow":"follow","max-snippet":"max-snippet:-1","max-image-preview":"max-image-preview:large","max-video-preview":"max-video-preview:-1"},"canonical":"https:\/\/kim.lv\/kim-white-night-2026\/","og_locale":"lv_LV","og_type":"article","og_title":"[:en]Kim? White Night 2026[:lv]Kim? Balt\u0101 nakts 2026[:] - Kim? Laikmet\u012bg\u0101s m\u0101kslas centrs","og_description":"Kim? Balt\u0101s nakts 2026 programma &nbsp; Kim? Laikmet\u012bg\u0101s m\u0101kslas centrs ar prieku iel\u016bdz uz m\u0101kslinieces Kristas Vindbergas-Auznieces \u012bpa\u0161i veidoto programmu m\u016bsdienu kult\u016bras foruma \u201cBalt\u0101s nakts 2026\u201d ietvaros. Pas\u0101kuma norise Kim? izst\u0101\u017eu telp\u0101s un piegu\u013co\u0161aj\u0101 iek\u0161pagalm\u0101 (Sporta iela 2, k-1) no 5. septembra plkst. 12:00 l\u012bdz 6. septembra plkst. 02:00. Ieeja br\u012bva.\u00a0 &nbsp; Lai pieteiktos meistarklasei, [&hellip;]","og_url":"https:\/\/kim.lv\/kim-white-night-2026\/","og_site_name":"Kim? Laikmet\u012bg\u0101s m\u0101kslas centrs","article_published_time":"2026-09-04T21:23:16+00:00","article_modified_time":"2026-09-04T21:24:53+00:00","og_image":[{"width":2560,"height":1340,"url":"http:\/\/kim.lv\/wp-content\/uploads\/2026\/09\/Balta-nakts-2026-02-scaled.jpg","type":"image\/jpeg"}],"author":"Kim?","twitter_card":"summary_large_image","twitter_misc":{"Written by":"Kim?","Est. reading time":"3 minutes"},"schema":{"@context":"https:\/\/schema.org","@graph":[{"@type":"WebPage","@id":"https:\/\/kim.lv\/kim-white-night-2026\/","url":"https:\/\/kim.lv\/kim-white-night-2026\/","name":"[:en]Kim? White Night 2026[:lv]Kim? Balt\u0101 nakts 2026[:] - Kim? Laikmet\u012bg\u0101s m\u0101kslas centrs","isPartOf":{"@id":"https:\/\/kim.lv\/en\/#website"},"datePublished":"2026-09-04T21:23:16+00:00","dateModified":"2026-09-04T21:24:53+00:00","author":{"@id":"https:\/\/kim.lv\/en\/#\/schema\/person\/56f07ec6715af61b0d0ed9835c282330"},"breadcrumb":{"@id":"https:\/\/kim.lv\/kim-white-night-2026\/#breadcrumb"},"inLanguage":"lv-LV","potentialAction":[{"@type":"ReadAction","target":["https:\/\/kim.lv\/kim-white-night-2026\/"]}]},{"@type":"BreadcrumbList","@id":"https:\/\/kim.lv\/kim-white-night-2026\/#breadcrumb","itemListElement":[{"@type":"ListItem","position":1,"name":"Home","item":"https:\/\/kim.lv\/"},{"@type":"ListItem","position":2,"name":"Kim? White Night 2026"}]},{"@type":"WebSite","@id":"https:\/\/kim.lv\/en\/#website","url":"https:\/\/kim.lv\/en\/","name":"Kim? Laikmet\u012bg\u0101s m\u0101kslas centrs","description":"","potentialAction":[{"@type":"SearchAction","target":{"@type":"EntryPoint","urlTemplate":"https:\/\/kim.lv\/en\/?s={search_term_string}"},"query-input":"required name=search_term_string"}],"inLanguage":"lv-LV"},{"@type":"Person","@id":"https:\/\/kim.lv\/en\/#\/schema\/person\/56f07ec6715af61b0d0ed9835c282330","name":"Kim?","image":{"@type":"ImageObject","inLanguage":"lv-LV","@id":"https:\/\/kim.lv\/en\/#\/schema\/person\/image\/","url":"https:\/\/secure.gravatar.com\/avatar\/95e223367867817ed896bcfb04f433d88d871bfbb4f33c528e26ce5c2786508f?s=96&d=mm&r=g","contentUrl":"https:\/\/secure.gravatar.com\/avatar\/95e223367867817ed896bcfb04f433d88d871bfbb4f33c528e26ce5c2786508f?s=96&d=mm&r=g","caption":"Kim?"},"url":"https:\/\/kim.lv\/lv\/author\/kim\/"}]}},"_links":{"self":[{"href":"https:\/\/kim.lv\/lv\/wp-json\/wp\/v2\/posts\/9492","targetHints":{"allow":["GET"]}}],"collection":[{"href":"https:\/\/kim.lv\/lv\/wp-json\/wp\/v2\/posts"}],"about":[{"href":"https:\/\/kim.lv\/lv\/wp-json\/wp\/v2\/types\/post"}],"author":[{"embeddable":true,"href":"https:\/\/kim.lv\/lv\/wp-json\/wp\/v2\/users\/2"}],"replies":[{"embeddable":true,"href":"https:\/\/kim.lv\/lv\/wp-json\/wp\/v2\/comments?post=9492"}],"version-history":[{"count":2,"href":"https:\/\/kim.lv\/lv\/wp-json\/wp\/v2\/posts\/9492\/revisions"}],"predecessor-version":[{"id":9497,"href":"https:\/\/kim.lv\/lv\/wp-json\/wp\/v2\/posts\/9492\/revisions\/9497"}],"wp:featuredmedia":[{"embeddable":true,"href":"https:\/\/kim.lv\/lv\/wp-json\/wp\/v2\/media\/9493"}],"wp:attachment":[{"href":"https:\/\/kim.lv\/lv\/wp-json\/wp\/v2\/media?parent=9492"}],"wp:term":[{"taxonomy":"category","embeddable":true,"href":"https:\/\/kim.lv\/lv\/wp-json\/wp\/v2\/categories?post=9492"},{"taxonomy":"post_tag","embeddable":true,"href":"https:\/\/kim.lv\/lv\/wp-json\/wp\/v2\/tags?post=9492"}],"curies":[{"name":"wp","href":"https:\/\/api.w.org\/{rel}","templated":true}]}}